{"id":26697,"date":"2025-06-19T13:00:00","date_gmt":"2025-06-19T16:00:00","guid":{"rendered":"https:\/\/sgvaimudar.com.br\/?p=26697"},"modified":"2025-06-19T09:55:42","modified_gmt":"2025-06-19T12:55:42","slug":"goncalenses-celebram-dia-municipal-da-defesa-civil-no-lavourao","status":"publish","type":"post","link":"https:\/\/sgvaimudar.com.br\/index.php\/2025\/06\/19\/goncalenses-celebram-dia-municipal-da-defesa-civil-no-lavourao\/","title":{"rendered":"Gon\u00e7alenses celebram Dia Municipal da Defesa Civil no Lavour\u00e3o"},"content":{"rendered":"\n<p><em>Cerim\u00f4nia re\u00fane volunt\u00e1rios e parceiros em homenagens durante a manh\u00e3<\/em><\/p>\n\n\n\n<p>Celebra\u00e7\u00f5es, homenagens e muito aprendizado definiram o evento do Dia Municipal da Defesa Civil de S\u00e3o Gon\u00e7alo, comemorado em uma cerim\u00f4nia realizada na manh\u00e3 desta quarta-feira (18), no Centro Cultural Joaquim Lavoura, o Lavour\u00e3o, no bairro Estrela do Norte. O tema do evento foi &#8220;Cora\u00e7\u00e3o Volunt\u00e1rio, A\u00e7\u00e3o que Transforma &#8211; Defesa Civil Sempre&#8221;. A Defesa Civil atua por todo o munic\u00edpio minimizando impactos e evitando desastres.<\/p>\n\n\n\n<p>Para o subsecret\u00e1rio de Defesa Civil da Prefeitura de S\u00e3o Gon\u00e7alo, major Felipe Assump\u00e7\u00e3o, a data carrega simbolismo.<\/p>\n\n\n\n<p>&#8220;\u00c9 um momento de uni\u00e3o e reflex\u00e3o! O nosso trabalho \u00e9 sens\u00edvel, atuamos em momentos de fragilidade da popula\u00e7\u00e3o, o que ressignifica a nossa exist\u00eancia, refor\u00e7a nosso dever e simboliza o amor ao pr\u00f3ximo. Por isso, fizemos quest\u00e3o de celebrar e agradecer a todos que trabalham com a gente e aos nossos volunt\u00e1rios. Agrade\u00e7o ao Capit\u00e3o Nelson por decretar esse dia e fornecer todo apoio ao nosso trabalho&#8221;, disse ele.<\/p>\n\n\n\n<figure class=\"wp-block-image size-full\"><img fetchpriority=\"high\" decoding=\"async\" width=\"1024\" height=\"734\" src=\"https:\/\/sgvaimudar.com.br\/wp-content\/uploads\/2025\/06\/unnamed-5-8.jpg\" alt=\"\" class=\"wp-image-26699\" srcset=\"https:\/\/sgvaimudar.com.br\/wp-content\/uploads\/2025\/06\/unnamed-5-8.jpg 1024w, https:\/\/sgvaimudar.com.br\/wp-content\/uploads\/2025\/06\/unnamed-5-8-300x215.jpg 300w, https:\/\/sgvaimudar.com.br\/wp-content\/uploads\/2025\/06\/unnamed-5-8-768x551.jpg 768w\" sizes=\"(max-width: 1024px) 100vw, 1024px\" \/><\/figure>\n\n\n\n<p>O evento foi voltado para profissionais que atuam na Defesa Civil e volunt\u00e1rios que realizaram o curso promovido pela subsecretaria. Para iniciar o evento, a Orquestra Municipal de S\u00e3o Gon\u00e7alo realizou uma breve apresenta\u00e7\u00e3o. Em seguida, alunos que conclu\u00edram o Curso de Volunt\u00e1rios foram homenageados. Depois, a meteorologista Ana Beatriz Pinto explicou o sistema de pluvi\u00f4metros do munic\u00edpio.<\/p>\n\n\n\n<p>O evento seguiu com apresenta\u00e7\u00f5es de representantes da Defesa Civil sobre temas ligados ao Plano de Conting\u00eancia para Estiagem, Sistema de Alerta e Alarme. Representantes de empresas parceiras da Defesa Civil tamb\u00e9m estiveram presentes, como Arteris, \u00c1guas do Rio, Enel, Shopping Alc\u00e2ntara, Rodo Shopping, Partage Shopping, Uerj e outros. Tamb\u00e9m foram desenvolvidas apresenta\u00e7\u00f5es art\u00edsticas de volunt\u00e1rios da subsecretaria.<\/p>\n\n\n\n<p>Jos\u00e9 Carlos Pereira Bastos se formou na primeira turma de volunt\u00e1rios da Defesa Civil e hoje \u00e9 coordenador de cursos e projetos da subsecretaria.<\/p>\n\n\n\n<p>&#8220;S\u00e3o mais de 40 anos atuando na Defesa Civil e estar aqui hoje \u00e9 um momento especial. Estamos reunindo pessoas que atuam com a gente, sejam funcion\u00e1rios ou volunt\u00e1rios, e est\u00e1 sendo uma b\u00ean\u00e7\u00e3o vivenciar isso, me sinto grato!&#8221;, afirmou.<\/p>\n\n\n\n<p>Leonardo Rodrigues Pinto, t\u00e9cnico em enfermagem e t\u00e9cnico em seguran\u00e7a do trabalho, concluiu uma das primeiras turmas do Curso de Volunt\u00e1rios aos 16 anos. Aos 50 anos, ele atua no Samu do Rio de Janeiro e \u00e9 instrutor da \u00e1rea de primeiros socorros da Defesa Civil do munic\u00edpio. Para ele, os conhecimentos aprendidos na adolesc\u00eancia durante o curso foram extremamente importantes.<\/p>\n\n\n\n<p>&#8220;J\u00e1 era uma \u00e1rea de interesse minha aos 16 anos, mas o Curso de Volunt\u00e1rios definitivamente me abriu um leque de oportunidades quando se fala em primeiro socorros e resgate, al\u00e9m do trabalho voluntariado. \u00c9 um curso que eu recomendo muito e sempre falo para as pessoas n\u00e3o deixarem de estudar e de aprender, como eu tamb\u00e9m fa\u00e7o&#8221;, disse.<\/p>\n\n\n\n<p>A Defesa Civil atua no munic\u00edpio em casos de deslizamentos e desastres naturais. Al\u00e9m disso, a subsecretaria realiza tamb\u00e9m realiza simulados de desocupa\u00e7\u00e3o em diversos bairros para orientar as pessoas sobre como devem realizar procedimentos de evacua\u00e7\u00e3o e rotas seguras, entre outras medidas de preven\u00e7\u00e3o, al\u00e9m de desenvolver o Curso de Volunt\u00e1rios, os N\u00facleos Comunit\u00e1rios de Prote\u00e7\u00e3o e Defesa Civil (NUPDECs) e o projeto Defesa Civil no Futuro, ensinando alunos da rede municipal de ensino sobre o trabalho da corpora\u00e7\u00e3o.<\/p>\n\n\n\n<p><em>Fotos: Fabio Guimar\u00e3es<\/em><\/p>\n\n\n\n<p><strong><em>S\u00e3o Gon\u00e7alo vai mudar: Not\u00edcias de S\u00e3o Gon\u00e7alo e toda regi\u00e3o.<\/em><\/strong><\/p>\n\n\n\n<figure class=\"wp-block-image size-large\"><img decoding=\"async\" width=\"1024\" height=\"252\" src=\"https:\/\/sgvaimudar.com.br\/wp-content\/uploads\/2025\/03\/Anuncie-Aqui-Sao-Goncalo-vai-mudar-1024x252.jpg\" alt=\"\" class=\"wp-image-22693\" srcset=\"https:\/\/sgvaimudar.com.br\/wp-content\/uploads\/2025\/03\/Anuncie-Aqui-Sao-Goncalo-vai-mudar-1024x252.jpg 1024w, https:\/\/sgvaimudar.com.br\/wp-content\/uploads\/2025\/03\/Anuncie-Aqui-Sao-Goncalo-vai-mudar-300x74.jpg 300w, https:\/\/sgvaimudar.com.br\/wp-content\/uploads\/2025\/03\/Anuncie-Aqui-Sao-Goncalo-vai-mudar-768x189.jpg 768w, https:\/\/sgvaimudar.com.br\/wp-content\/uploads\/2025\/03\/Anuncie-Aqui-Sao-Goncalo-vai-mudar-1536x378.jpg 1536w, https:\/\/sgvaimudar.com.br\/wp-content\/uploads\/2025\/03\/Anuncie-Aqui-Sao-Goncalo-vai-mudar-2048x504.jpg 2048w\" sizes=\"(max-width: 1024px) 100vw, 1024px\" \/><\/figure>\n","protected":false},"excerpt":{"rendered":"<p>Cerim\u00f4nia re\u00fane volunt\u00e1rios e parceiros em homenagens durante a manh\u00e3 Celebra\u00e7\u00f5es, homenagens e muito aprendizado definiram o evento do Dia&hellip;<\/p>\n","protected":false},"author":5,"featured_media":26698,"comment_status":"open","ping_status":"open","sticky":false,"template":"","format":"standard","meta":{"fifu_image_url":"","fifu_image_alt":"","footnotes":""},"categories":[3],"tags":[47,75],"class_list":["post-26697","post","type-post","status-publish","format-standard","has-post-thumbnail","hentry","category-sao-goncalo","tag-rj","tag-sao-goncalo"],"_links":{"self":[{"href":"https:\/\/sgvaimudar.com.br\/index.php\/wp-json\/wp\/v2\/posts\/26697","targetHints":{"allow":["GET"]}}],"collection":[{"href":"https:\/\/sgvaimudar.com.br\/index.php\/wp-json\/wp\/v2\/posts"}],"about":[{"href":"https:\/\/sgvaimudar.com.br\/index.php\/wp-json\/wp\/v2\/types\/post"}],"author":[{"embeddable":true,"href":"https:\/\/sgvaimudar.com.br\/index.php\/wp-json\/wp\/v2\/users\/5"}],"replies":[{"embeddable":true,"href":"https:\/\/sgvaimudar.com.br\/index.php\/wp-json\/wp\/v2\/comments?post=26697"}],"version-history":[{"count":1,"href":"https:\/\/sgvaimudar.com.br\/index.php\/wp-json\/wp\/v2\/posts\/26697\/revisions"}],"predecessor-version":[{"id":26700,"href":"https:\/\/sgvaimudar.com.br\/index.php\/wp-json\/wp\/v2\/posts\/26697\/revisions\/26700"}],"wp:featuredmedia":[{"embeddable":true,"href":"https:\/\/sgvaimudar.com.br\/index.php\/wp-json\/wp\/v2\/media\/26698"}],"wp:attachment":[{"href":"https:\/\/sgvaimudar.com.br\/index.php\/wp-json\/wp\/v2\/media?parent=26697"}],"wp:term":[{"taxonomy":"category","embeddable":true,"href":"https:\/\/sgvaimudar.com.br\/index.php\/wp-json\/wp\/v2\/categories?post=26697"},{"taxonomy":"post_tag","embeddable":true,"href":"https:\/\/sgvaimudar.com.br\/index.php\/wp-json\/wp\/v2\/tags?post=26697"}],"curies":[{"name":"wp","href":"https:\/\/api.w.org\/{rel}","templated":true}]}}