{"id":26689,"date":"2025-06-19T11:00:00","date_gmt":"2025-06-19T14:00:00","guid":{"rendered":"https:\/\/sgvaimudar.com.br\/?p=26689"},"modified":"2025-06-19T09:42:05","modified_gmt":"2025-06-19T12:42:05","slug":"sao-goncalo-abre-exposicao-fotografica-sobre-corpus-christi-na-casa-das-artes","status":"publish","type":"post","link":"https:\/\/sgvaimudar.com.br\/index.php\/2025\/06\/19\/sao-goncalo-abre-exposicao-fotografica-sobre-corpus-christi-na-casa-das-artes\/","title":{"rendered":"S\u00e3o Gon\u00e7alo abre exposi\u00e7\u00e3o fotogr\u00e1fica sobre Corpus Christi na Casa das Artes"},"content":{"rendered":"\n<p><em>Mostra re\u00fane imagens que celebram os tradicionais tapetes de sal, s\u00edmbolo da f\u00e9 e da cultura gon\u00e7alense<\/em><\/p>\n\n\n\n<p>A Casa das Artes de S\u00e3o Gon\u00e7alo abriu as portas, na noite desta ter\u00e7a-feira (17), \u00e0 exposi\u00e7\u00e3o fotogr\u00e1fica \u201cCorpus Christi: O sagrado diante de n\u00f3s\u201d, que destaca a import\u00e2ncia cultural, social, tur\u00edstica e religiosa da tradicional celebra\u00e7\u00e3o de Corpus Christi no munic\u00edpio. A mostra poder\u00e1 ser visitada at\u00e9 o dia 2 de agosto.<\/p>\n\n\n\n<p>&#8220;Receber uma exposi\u00e7\u00e3o como essa em nossa cidade \u00e9 motivo de orgulho, pois valoriza a f\u00e9, a arte e o sentimento coletivo que move a celebra\u00e7\u00e3o de Corpus Christi. \u00c9 tamb\u00e9m uma forma de preservar e divulgar nosso patrim\u00f4nio imaterial, fortalecendo o turismo cultural e religioso em S\u00e3o Gon\u00e7alo&#8221;, destacou a secret\u00e1ria de Turismo e Cultura, Julia Sobreira.<\/p>\n\n\n\n<figure class=\"wp-block-image size-large\"><img fetchpriority=\"high\" decoding=\"async\" width=\"1024\" height=\"681\" src=\"https:\/\/sgvaimudar.com.br\/wp-content\/uploads\/2025\/06\/unnamed-3-9-1024x681.jpg\" alt=\"\" class=\"wp-image-26690\" srcset=\"https:\/\/sgvaimudar.com.br\/wp-content\/uploads\/2025\/06\/unnamed-3-9-1024x681.jpg 1024w, https:\/\/sgvaimudar.com.br\/wp-content\/uploads\/2025\/06\/unnamed-3-9-300x200.jpg 300w, https:\/\/sgvaimudar.com.br\/wp-content\/uploads\/2025\/06\/unnamed-3-9-768x511.jpg 768w, https:\/\/sgvaimudar.com.br\/wp-content\/uploads\/2025\/06\/unnamed-3-9-1536x1021.jpg 1536w, https:\/\/sgvaimudar.com.br\/wp-content\/uploads\/2025\/06\/unnamed-3-9.jpg 1624w\" sizes=\"(max-width: 1024px) 100vw, 1024px\" \/><\/figure>\n\n\n\n<p>A exposi\u00e7\u00e3o convida o p\u00fablico a refletir sobre a dimens\u00e3o simb\u00f3lica e comunit\u00e1ria dos tapetes de sal, reconhecidos como os maiores da Am\u00e9rica Latina e que atraem milhares de fi\u00e9is e visitantes todos os anos. Por meio de telas ilustrativas, a mostra prop\u00f5e uma valoriza\u00e7\u00e3o concreta deste patrim\u00f4nio, refor\u00e7ando sua relev\u00e2ncia para a hist\u00f3ria e a identidade gon\u00e7alense.<\/p>\n\n\n\n<p>Emocionado ao ver seu trabalho em evid\u00eancia, o fot\u00f3grafo Descartes Junior compartilhou seu sentimento.&nbsp;<\/p>\n\n\n\n<p>&#8220;Ver minhas fotos expostas aqui \u00e9 mais do que uma realiza\u00e7\u00e3o profissional, \u00e9 uma emo\u00e7\u00e3o pessoal. Cada imagem carrega uma hist\u00f3ria, uma devo\u00e7\u00e3o, um gesto de f\u00e9 que tive o privil\u00e9gio de registrar. Espero que o p\u00fablico sinta nas imagens a beleza e a espiritualidade desse momento \u00fanico&#8221;.<\/p>\n\n\n\n<p>A iniciativa \u00e9 viabilizada com recursos da Pol\u00edtica Nacional Aldir Blanc, por meio do Minist\u00e9rio da Cultura e da Secretaria de Turismo e Cultura da Prefeitura de S\u00e3o Gon\u00e7alo. A curadoria e montagem s\u00e3o assinadas por Rafael Ramos e Vera Cruz Porto, com imagens do fot\u00f3grafo Descartes Junior, respons\u00e1vel por registrar, com sensibilidade e t\u00e9cnica, a grandiosidade das manifesta\u00e7\u00f5es populares ligadas ao evento religioso.<\/p>\n\n\n\n<p>A exposi\u00e7\u00e3o \u00e9 gratuita e estar\u00e1 aberta ao p\u00fablico de ter\u00e7a a sexta-feira, das 10h \u00e0s 18h, e aos s\u00e1bados, das 10h \u00e0s 16h. Excepcionalmente nesta quinta-feira (19), feriado de Corpus Christi, a Casa das Artes tamb\u00e9m estar\u00e1 aberta para visita\u00e7\u00e3o.<\/p>\n\n\n\n<p><em>Fotos: Julio Diniz<\/em><\/p>\n\n\n\n<p><strong><em>S\u00e3o Gon\u00e7alo vai mudar: Not\u00edcias de S\u00e3o Gon\u00e7alo e toda regi\u00e3o.<\/em><\/strong><\/p>\n\n\n\n<figure class=\"wp-block-image size-large\"><img decoding=\"async\" width=\"1024\" height=\"252\" src=\"https:\/\/sgvaimudar.com.br\/wp-content\/uploads\/2025\/03\/Anuncie-Aqui-Sao-Goncalo-vai-mudar-1024x252.jpg\" alt=\"\" class=\"wp-image-22693\" srcset=\"https:\/\/sgvaimudar.com.br\/wp-content\/uploads\/2025\/03\/Anuncie-Aqui-Sao-Goncalo-vai-mudar-1024x252.jpg 1024w, https:\/\/sgvaimudar.com.br\/wp-content\/uploads\/2025\/03\/Anuncie-Aqui-Sao-Goncalo-vai-mudar-300x74.jpg 300w, https:\/\/sgvaimudar.com.br\/wp-content\/uploads\/2025\/03\/Anuncie-Aqui-Sao-Goncalo-vai-mudar-768x189.jpg 768w, https:\/\/sgvaimudar.com.br\/wp-content\/uploads\/2025\/03\/Anuncie-Aqui-Sao-Goncalo-vai-mudar-1536x378.jpg 1536w, https:\/\/sgvaimudar.com.br\/wp-content\/uploads\/2025\/03\/Anuncie-Aqui-Sao-Goncalo-vai-mudar-2048x504.jpg 2048w\" sizes=\"(max-width: 1024px) 100vw, 1024px\" \/><\/figure>\n","protected":false},"excerpt":{"rendered":"<p>Mostra re\u00fane imagens que celebram os tradicionais tapetes de sal, s\u00edmbolo da f\u00e9 e da cultura gon\u00e7alense A Casa das&hellip;<\/p>\n","protected":false},"author":5,"featured_media":26691,"comment_status":"open","ping_status":"open","sticky":false,"template":"","format":"standard","meta":{"fifu_image_url":"","fifu_image_alt":"","footnotes":""},"categories":[94],"tags":[],"class_list":["post-26689","post","type-post","status-publish","format-standard","has-post-thumbnail","hentry","category-giro-cultural"],"_links":{"self":[{"href":"https:\/\/sgvaimudar.com.br\/index.php\/wp-json\/wp\/v2\/posts\/26689","targetHints":{"allow":["GET"]}}],"collection":[{"href":"https:\/\/sgvaimudar.com.br\/index.php\/wp-json\/wp\/v2\/posts"}],"about":[{"href":"https:\/\/sgvaimudar.com.br\/index.php\/wp-json\/wp\/v2\/types\/post"}],"author":[{"embeddable":true,"href":"https:\/\/sgvaimudar.com.br\/index.php\/wp-json\/wp\/v2\/users\/5"}],"replies":[{"embeddable":true,"href":"https:\/\/sgvaimudar.com.br\/index.php\/wp-json\/wp\/v2\/comments?post=26689"}],"version-history":[{"count":1,"href":"https:\/\/sgvaimudar.com.br\/index.php\/wp-json\/wp\/v2\/posts\/26689\/revisions"}],"predecessor-version":[{"id":26692,"href":"https:\/\/sgvaimudar.com.br\/index.php\/wp-json\/wp\/v2\/posts\/26689\/revisions\/26692"}],"wp:featuredmedia":[{"embeddable":true,"href":"https:\/\/sgvaimudar.com.br\/index.php\/wp-json\/wp\/v2\/media\/26691"}],"wp:attachment":[{"href":"https:\/\/sgvaimudar.com.br\/index.php\/wp-json\/wp\/v2\/media?parent=26689"}],"wp:term":[{"taxonomy":"category","embeddable":true,"href":"https:\/\/sgvaimudar.com.br\/index.php\/wp-json\/wp\/v2\/categories?post=26689"},{"taxonomy":"post_tag","embeddable":true,"href":"https:\/\/sgvaimudar.com.br\/index.php\/wp-json\/wp\/v2\/tags?post=26689"}],"curies":[{"name":"wp","href":"https:\/\/api.w.org\/{rel}","templated":true}]}}