{"id":26673,"date":"2025-06-18T21:00:00","date_gmt":"2025-06-19T00:00:00","guid":{"rendered":"https:\/\/sgvaimudar.com.br\/?p=26673"},"modified":"2025-06-18T10:58:32","modified_gmt":"2025-06-18T13:58:32","slug":"aiatola-ameaca-reagir-contra-eua-apos-trump-exigir-a-rendicao-do-ira","status":"publish","type":"post","link":"https:\/\/sgvaimudar.com.br\/index.php\/2025\/06\/18\/aiatola-ameaca-reagir-contra-eua-apos-trump-exigir-a-rendicao-do-ira\/","title":{"rendered":"Aiatol\u00e1 amea\u00e7a reagir contra EUA ap\u00f3s Trump exigir a rendi\u00e7\u00e3o do Ir\u00e3"},"content":{"rendered":"\n<p><em>Ali Khamenei respondeu exig\u00eancia de Trump de rendi\u00e7\u00e3o incondicional<\/em><\/p>\n\n\n\n<p>O l\u00edder supremo do Ir\u00e3, Ali Khamenei, em mensagem divulgada na televis\u00e3o local, nesta quarta-feira (18), amea\u00e7ou atacar as bases militares dos Estados Unidos (EUA) ap\u00f3s o presidente Donald Trump exigir a rendi\u00e7\u00e3o incondicional do governo iraniano na guerra contra Israel.<img decoding=\"async\" src=\"https:\/\/agenciabrasil.ebc.com.br\/ebc.png?id=1647498&amp;o=node\"><img decoding=\"async\" src=\"https:\/\/agenciabrasil.ebc.com.br\/ebc.gif?id=1647498&amp;o=node\"><\/p>\n\n\n\n<p>\u201cA entrada dos EUA nesta quest\u00e3o [guerra] \u00e9 100% em seu pr\u00f3prio preju\u00edzo. O dano que os EUA sofrer\u00e3o ser\u00e1 definitivamente irrepar\u00e1vel se eles entrarem militarmente neste conflito\u201d, garante o l\u00edder iraniano.<\/p>\n\n\n\n<p>Trump publicou em uma rede social, nessa ter\u00e7a-feira (17), a frase \u201cRendi\u00e7\u00e3o Incondicional\u201d, logo ap\u00f3s escrever que o l\u00edder supremo do Ir\u00e3 \u201c\u00e9 um alvo f\u00e1cil\u201d e que, por enquanto, n\u00e3o vai mat\u00e1-lo. \u201cN\u00e3o queremos m\u00edsseis disparados contra civis ou soldados americanos. Nossa paci\u00eancia est\u00e1 se esgotando\u201d, disse Trump.<\/p>\n\n\n\n<p>Khamenei frisa que n\u00e3o \u00e9 sensato pedir que a na\u00e7\u00e3o iraniana que se renda e que os danos aos EUA ser\u00e3o maiores do que os que Washington impuser ao pa\u00eds persa.<\/p>\n\n\n\n<h2 class=\"wp-block-heading\">Amea\u00e7a e ret\u00f3rica<\/h2>\n\n\n\n<p>\u201cO presidente dos EUA nos amea\u00e7a. Com sua ret\u00f3rica absurda, ele exige que o povo iraniano se renda a ele. Eles deveriam fazer amea\u00e7as contra aqueles que t\u00eam medo de serem amea\u00e7ados. A na\u00e7\u00e3o iraniana n\u00e3o se assusta com amea\u00e7as\u201d, salienta o l\u00edder iraniano.<\/p>\n\n\n\n<p>A autoridade de Teer\u00e3 afirma que as suspeitas de que os EUA est\u00e3o por tr\u00e1s do ataque de Israel se confirmam dia a dia. \u201cA na\u00e7\u00e3o iraniana tamb\u00e9m se op\u00f5e firmemente a qualquer paz imposta. A na\u00e7\u00e3o iraniana n\u00e3o capitular\u00e1 diante da coer\u00e7\u00e3o de ningu\u00e9m\u201d, completa Khamenei.<\/p>\n\n\n\n<p>As manifesta\u00e7\u00f5es do governo Trump t\u00eam aumentado as suspeitas de que os EUA podem se envolver diretamente no conflito iniciado por Israel na \u00faltima sexta-feira (13). O ataque ocorreu durante as negocia\u00e7\u00f5es entre Teer\u00e3 e Washington sobre os limites do programa nuclear do Ir\u00e3.<\/p>\n\n\n\n<p><strong><em>S\u00e3o Gon\u00e7alo vai mudar: Not\u00edcias de S\u00e3o Gon\u00e7alo e toda regi\u00e3o.<\/em><\/strong><\/p>\n\n\n\n<figure class=\"wp-block-image size-large\"><img fetchpriority=\"high\" decoding=\"async\" width=\"1024\" height=\"252\" src=\"https:\/\/sgvaimudar.com.br\/wp-content\/uploads\/2025\/03\/Anuncie-Aqui-Sao-Goncalo-vai-mudar-1024x252.jpg\" alt=\"\" class=\"wp-image-22693\" srcset=\"https:\/\/sgvaimudar.com.br\/wp-content\/uploads\/2025\/03\/Anuncie-Aqui-Sao-Goncalo-vai-mudar-1024x252.jpg 1024w, https:\/\/sgvaimudar.com.br\/wp-content\/uploads\/2025\/03\/Anuncie-Aqui-Sao-Goncalo-vai-mudar-300x74.jpg 300w, https:\/\/sgvaimudar.com.br\/wp-content\/uploads\/2025\/03\/Anuncie-Aqui-Sao-Goncalo-vai-mudar-768x189.jpg 768w, https:\/\/sgvaimudar.com.br\/wp-content\/uploads\/2025\/03\/Anuncie-Aqui-Sao-Goncalo-vai-mudar-1536x378.jpg 1536w, https:\/\/sgvaimudar.com.br\/wp-content\/uploads\/2025\/03\/Anuncie-Aqui-Sao-Goncalo-vai-mudar-2048x504.jpg 2048w\" sizes=\"(max-width: 1024px) 100vw, 1024px\" \/><\/figure>\n","protected":false},"excerpt":{"rendered":"<p>Ali Khamenei respondeu exig\u00eancia de Trump de rendi\u00e7\u00e3o incondicional O l\u00edder supremo do Ir\u00e3, Ali Khamenei, em mensagem divulgada na&hellip;<\/p>\n","protected":false},"author":5,"featured_media":26674,"comment_status":"open","ping_status":"open","sticky":false,"template":"","format":"standard","meta":{"fifu_image_url":"","fifu_image_alt":"","footnotes":""},"categories":[1],"tags":[39,41,40,38,37],"class_list":["post-26673","post","type-post","status-publish","format-standard","has-post-thumbnail","hentry","category-mundo","tag-ataque","tag-conflito","tag-guerra","tag-ira","tag-israel"],"_links":{"self":[{"href":"https:\/\/sgvaimudar.com.br\/index.php\/wp-json\/wp\/v2\/posts\/26673","targetHints":{"allow":["GET"]}}],"collection":[{"href":"https:\/\/sgvaimudar.com.br\/index.php\/wp-json\/wp\/v2\/posts"}],"about":[{"href":"https:\/\/sgvaimudar.com.br\/index.php\/wp-json\/wp\/v2\/types\/post"}],"author":[{"embeddable":true,"href":"https:\/\/sgvaimudar.com.br\/index.php\/wp-json\/wp\/v2\/users\/5"}],"replies":[{"embeddable":true,"href":"https:\/\/sgvaimudar.com.br\/index.php\/wp-json\/wp\/v2\/comments?post=26673"}],"version-history":[{"count":1,"href":"https:\/\/sgvaimudar.com.br\/index.php\/wp-json\/wp\/v2\/posts\/26673\/revisions"}],"predecessor-version":[{"id":26675,"href":"https:\/\/sgvaimudar.com.br\/index.php\/wp-json\/wp\/v2\/posts\/26673\/revisions\/26675"}],"wp:featuredmedia":[{"embeddable":true,"href":"https:\/\/sgvaimudar.com.br\/index.php\/wp-json\/wp\/v2\/media\/26674"}],"wp:attachment":[{"href":"https:\/\/sgvaimudar.com.br\/index.php\/wp-json\/wp\/v2\/media?parent=26673"}],"wp:term":[{"taxonomy":"category","embeddable":true,"href":"https:\/\/sgvaimudar.com.br\/index.php\/wp-json\/wp\/v2\/categories?post=26673"},{"taxonomy":"post_tag","embeddable":true,"href":"https:\/\/sgvaimudar.com.br\/index.php\/wp-json\/wp\/v2\/tags?post=26673"}],"curies":[{"name":"wp","href":"https:\/\/api.w.org\/{rel}","templated":true}]}}