{"id":26663,"date":"2025-06-18T15:00:00","date_gmt":"2025-06-18T18:00:00","guid":{"rendered":"https:\/\/sgvaimudar.com.br\/?p=26663"},"modified":"2025-06-18T10:32:04","modified_gmt":"2025-06-18T13:32:04","slug":"celebracao-de-corpus-christi-em-itaborai-acontece-nesta-quinta-19","status":"publish","type":"post","link":"https:\/\/sgvaimudar.com.br\/index.php\/2025\/06\/18\/celebracao-de-corpus-christi-em-itaborai-acontece-nesta-quinta-19\/","title":{"rendered":"Celebra\u00e7\u00e3o de Corpus Christi em Itabora\u00ed acontece nesta quinta 19"},"content":{"rendered":"\n<p><em>Evento vai ser realizado na Avenida 22 de Maio, no Centro<\/em><\/p>\n\n\n\n<p>O munic\u00edpio de Itabora\u00ed se prepara para mais uma grande celebra\u00e7\u00e3o de f\u00e9 e tradi\u00e7\u00e3o. A solenidade de Corpus Christi vai ser realizada nesta quinta-feira (19\/06), na Avenida 22 de Maio, no Centro do munic\u00edpio. O evento, promovido pelas Par\u00f3quias do munic\u00edpio, conta com o apoio da Prefeitura de Itabora\u00ed.<\/p>\n\n\n\n<p>A programa\u00e7\u00e3o tem in\u00edcio \u00e0s 7h, com a ora\u00e7\u00e3o inicial e a abertura da confec\u00e7\u00e3o dos tradicionais tapetes de sal, que transformam a principal via da cidade em um verdadeiro corredor de arte sacra. Ser\u00e3o utilizadas cerca de 15 toneladas de sal para a montagem dos tapetes, produzidos por volunt\u00e1rios das par\u00f3quias e comunidades cat\u00f3licas, em um gesto de f\u00e9 e devo\u00e7\u00e3o.<\/p>\n\n\n\n<figure class=\"wp-block-image size-large\"><img fetchpriority=\"high\" decoding=\"async\" width=\"1024\" height=\"768\" src=\"https:\/\/sgvaimudar.com.br\/wp-content\/uploads\/2025\/06\/Celebracao-de-Corpus-Christi-acontece-nesta-quinta-feira-na-Avenida-22-de-Maio-1024x768.jpeg\" alt=\"\" class=\"wp-image-26664\" srcset=\"https:\/\/sgvaimudar.com.br\/wp-content\/uploads\/2025\/06\/Celebracao-de-Corpus-Christi-acontece-nesta-quinta-feira-na-Avenida-22-de-Maio-1024x768.jpeg 1024w, https:\/\/sgvaimudar.com.br\/wp-content\/uploads\/2025\/06\/Celebracao-de-Corpus-Christi-acontece-nesta-quinta-feira-na-Avenida-22-de-Maio-300x225.jpeg 300w, https:\/\/sgvaimudar.com.br\/wp-content\/uploads\/2025\/06\/Celebracao-de-Corpus-Christi-acontece-nesta-quinta-feira-na-Avenida-22-de-Maio-768x576.jpeg 768w, https:\/\/sgvaimudar.com.br\/wp-content\/uploads\/2025\/06\/Celebracao-de-Corpus-Christi-acontece-nesta-quinta-feira-na-Avenida-22-de-Maio-1536x1152.jpeg 1536w, https:\/\/sgvaimudar.com.br\/wp-content\/uploads\/2025\/06\/Celebracao-de-Corpus-Christi-acontece-nesta-quinta-feira-na-Avenida-22-de-Maio.jpeg 1600w\" sizes=\"(max-width: 1024px) 100vw, 1024px\" \/><\/figure>\n\n\n\n<p>Ao longo do dia, a celebra\u00e7\u00e3o contar\u00e1 com momentos de ora\u00e7\u00e3o conduzidos pelas par\u00f3quias participantes:<br>\u2022 12h \u2013 Ora\u00e7\u00e3o do \u00c2ngelus<br>\u2022 15h \u2013 Ter\u00e7o da Miseric\u00f3rdia<br>\u2022 16h \u2013 Santa Missa, seguida de prociss\u00e3o sobre os tapetes<\/p>\n\n\n\n<p>A prociss\u00e3o reunir\u00e1 centenas de fi\u00e9is, que caminhar\u00e3o pelas ruas em um momento de comunh\u00e3o e espiritualidade. Assim como em edi\u00e7\u00f5es anteriores, o palco da Santa Missa ser\u00e1 montado na Avenida 22 de Maio, na altura do n\u00ba 5800.<\/p>\n\n\n\n<p>A celebra\u00e7\u00e3o de Corpus Christi refor\u00e7a a import\u00e2ncia da f\u00e9, da cultura e da religiosidade na cidade, promovendo um dia de devo\u00e7\u00e3o e uni\u00e3o entre a popula\u00e7\u00e3o.<\/p>\n\n\n\n<p><\/p>\n","protected":false},"excerpt":{"rendered":"<p>Evento vai ser realizado na Avenida 22 de Maio, no Centro O munic\u00edpio de Itabora\u00ed se prepara para mais uma&hellip;<\/p>\n","protected":false},"author":5,"featured_media":26609,"comment_status":"open","ping_status":"open","sticky":false,"template":"","format":"standard","meta":{"fifu_image_url":"","fifu_image_alt":"","footnotes":""},"categories":[1],"tags":[47],"class_list":["post-26663","post","type-post","status-publish","format-standard","has-post-thumbnail","hentry","category-mundo","tag-rj"],"_links":{"self":[{"href":"https:\/\/sgvaimudar.com.br\/index.php\/wp-json\/wp\/v2\/posts\/26663","targetHints":{"allow":["GET"]}}],"collection":[{"href":"https:\/\/sgvaimudar.com.br\/index.php\/wp-json\/wp\/v2\/posts"}],"about":[{"href":"https:\/\/sgvaimudar.com.br\/index.php\/wp-json\/wp\/v2\/types\/post"}],"author":[{"embeddable":true,"href":"https:\/\/sgvaimudar.com.br\/index.php\/wp-json\/wp\/v2\/users\/5"}],"replies":[{"embeddable":true,"href":"https:\/\/sgvaimudar.com.br\/index.php\/wp-json\/wp\/v2\/comments?post=26663"}],"version-history":[{"count":1,"href":"https:\/\/sgvaimudar.com.br\/index.php\/wp-json\/wp\/v2\/posts\/26663\/revisions"}],"predecessor-version":[{"id":26665,"href":"https:\/\/sgvaimudar.com.br\/index.php\/wp-json\/wp\/v2\/posts\/26663\/revisions\/26665"}],"wp:featuredmedia":[{"embeddable":true,"href":"https:\/\/sgvaimudar.com.br\/index.php\/wp-json\/wp\/v2\/media\/26609"}],"wp:attachment":[{"href":"https:\/\/sgvaimudar.com.br\/index.php\/wp-json\/wp\/v2\/media?parent=26663"}],"wp:term":[{"taxonomy":"category","embeddable":true,"href":"https:\/\/sgvaimudar.com.br\/index.php\/wp-json\/wp\/v2\/categories?post=26663"},{"taxonomy":"post_tag","embeddable":true,"href":"https:\/\/sgvaimudar.com.br\/index.php\/wp-json\/wp\/v2\/tags?post=26663"}],"curies":[{"name":"wp","href":"https:\/\/api.w.org\/{rel}","templated":true}]}}