{"id":26656,"date":"2025-06-18T13:00:00","date_gmt":"2025-06-18T16:00:00","guid":{"rendered":"https:\/\/sgvaimudar.com.br\/?p=26656"},"modified":"2025-06-18T10:22:21","modified_gmt":"2025-06-18T13:22:21","slug":"atencao-motoristas-estacionamento-na-avenida-presidente-kennedy-estara-proibido-durante-o-corpus-christi","status":"publish","type":"post","link":"https:\/\/sgvaimudar.com.br\/index.php\/2025\/06\/18\/atencao-motoristas-estacionamento-na-avenida-presidente-kennedy-estara-proibido-durante-o-corpus-christi\/","title":{"rendered":"Aten\u00e7\u00e3o motoristas! Estacionamento na Avenida Presidente Kennedy estar\u00e1 proibido durante o Corpus Christi"},"content":{"rendered":"\n<p><em><span style=\"font-size: revert\">Carros n\u00e3o podem parar das 20h desta quarta-feira (18) at\u00e9 o t\u00e9rmino do evento na noite de quinta-feira (19)<\/span> <\/em><p class=\"MsoNoSpacing\"><\/p><span style=\"font-size: revert\">Em decorr\u00eancia da celebra\u00e7\u00e3o de Corpus Christi, comemorada na pr\u00f3xima quinta-feira (19), a Secretaria de Meio Ambiente e Transportes da Prefeitura de S\u00e3o Gon\u00e7alo realizar\u00e1 mudan\u00e7as tempor\u00e1rias no tr\u00e2nsito do munic\u00edpio. <\/span><\/p>\n\n\n\n<p><span style=\"font-size: revert\">Uma das interdi\u00e7\u00f5es ser\u00e1 a proibi\u00e7\u00e3o de estacionamento na Avenida Presidente Kennedy, para viabilizar a implanta\u00e7\u00e3o de faixa revers\u00edvel durante a celebra\u00e7\u00e3o. A proibi\u00e7\u00e3o valer\u00e1 das 20h desta quarta-feira (18) at\u00e9 o t\u00e9rmino do evento, na noite de quinta-feira (19).<\/span> <\/p>\n\n\n\n<figure class=\"wp-block-image size-large\"><img fetchpriority=\"high\" decoding=\"async\" width=\"1024\" height=\"684\" src=\"https:\/\/sgvaimudar.com.br\/wp-content\/uploads\/2025\/06\/unnamed-5-7-1024x684.jpg\" alt=\"\" class=\"wp-image-26658\" srcset=\"https:\/\/sgvaimudar.com.br\/wp-content\/uploads\/2025\/06\/unnamed-5-7-1024x684.jpg 1024w, https:\/\/sgvaimudar.com.br\/wp-content\/uploads\/2025\/06\/unnamed-5-7-300x200.jpg 300w, https:\/\/sgvaimudar.com.br\/wp-content\/uploads\/2025\/06\/unnamed-5-7-768x513.jpg 768w, https:\/\/sgvaimudar.com.br\/wp-content\/uploads\/2025\/06\/unnamed-5-7-1536x1027.jpg 1536w, https:\/\/sgvaimudar.com.br\/wp-content\/uploads\/2025\/06\/unnamed-5-7.jpg 1616w\" sizes=\"(max-width: 1024px) 100vw, 1024px\" \/><\/figure>\n\n\n\n<p><p class=\"MsoNoSpacing\"><\/p><span style=\"font-size: revert\">Segundo resolu\u00e7\u00e3o publicada no Di\u00e1rio Oficial, ser\u00e1 proibido o estacionamento de ve\u00edculos na Avenida Presidente Kennedy, no trecho compreendido entre a Rua Magistrado Francisco de Assis Fonseca e a Rua General Ant\u00f4nio Rodrigues, no per\u00edodo acima. A proibi\u00e7\u00e3o abrange tamb\u00e9m as vagas de estacionamento demarcadas no lado esquerdo da via.<\/span><p class=\"MsoNoSpacing\"><\/p><span style=\"font-size: revert\">Os ve\u00edculos estacionados em desacordo com esta determina\u00e7\u00e3o estar\u00e3o sujeitos \u00e0 remo\u00e7\u00e3o, nos termos do art. 181 do C\u00f3digo de Tr\u00e2nsito Brasileiro.<\/span> <span style=\"font-size: revert\">\u00a0<\/span> <p class=\"MsoNoSpacing\"><b>Outras mudan\u00e7as de tr\u00e2nsito para a celebra\u00e7\u00e3o do Corpus Christi<\/b>\u00a0&#8211; A Secretaria de Meio Ambiente e Transportes da Prefeitura de S\u00e3o Gon\u00e7alo preparou um esquema especial de tr\u00e2nsito para que a celebra\u00e7\u00e3o de Corpus Christi, na pr\u00f3xima quinta-feira, aconte\u00e7a com toda tranquilidade e seguran\u00e7a para os fi\u00e9is. <\/p><\/p>\n\n\n\n<p><p class=\"MsoNoSpacing\">As interdi\u00e7\u00f5es ter\u00e3o in\u00edcio j\u00e1 na quarta-feira (18), para a montagem do palco, e ir\u00e3o durar at\u00e9 o t\u00e9rmino das festividades, no dia 19.<span style=\"font-size: revert\"> <\/span>O tr\u00e1fego de ve\u00edculos ser\u00e1 interditado a partir das 19h de quarta-feira para a montagem do palco nas ruas Coronel Moreira C\u00e9sar, no trecho compreendido entre os n\u00fameros 21 e 127, e na Professora Lara Vilela. <\/p><\/p>\n\n\n\n<p><p class=\"MsoNoSpacing\">J\u00e1 o tr\u00e1fego de ve\u00edculos na Alameda Pio XII ter\u00e1 o fluxo invertido, seguindo a partir da Pra\u00e7a Z\u00e9 Garoto em dire\u00e7\u00e3o \u00e0 Igreja Matriz. O tr\u00e1fego de ve\u00edculos ser\u00e1 desviado pela Alameda Pio XII, retornando \u00e0 Rua Coronel Moreira C\u00e9sar pela rampa de acesso do Hospital de Cl\u00ednicas de S\u00e3o Gon\u00e7alo. <\/p><\/p>\n\n\n\n<p><p class=\"MsoNoSpacing\">Na ocasi\u00e3o, ficar\u00e1 suspenso o ponto de t\u00e1xi existente na Alameda Pio XII no per\u00edodo das 19h de quarta-feira (18) at\u00e9 o t\u00e9rmino das festividades.<span style=\"font-size: revert\"> <\/span>A partir das 4h de quinta-feira (19) at\u00e9 o t\u00e9rmino de evento, ser\u00e1 interditado o tr\u00e1fego de ve\u00edculos nas seguintes vias:<span style=\"font-size: revert\">em toda a extens\u00e3o da Rua Coronel Moreira C\u00e9sar; <\/span><span style=\"font-size: revert\">em toda a extens\u00e3o da Rua Dr. Feliciano Sodr\u00e9;<\/span><span style=\"font-size: revert\">nas ruas Professora Lara Vilela e S\u00e1 Carvalho, entre a Avenida Presidente Kennedy e a Rua Coronel Moreira C\u00e9sar;na Travessa Zeferino Reis, entre a Avenida Presidente Kennedy e a Rua Dr. Feliciano Sodr\u00e9; <\/span>na Rua Salvatori, entre as ruas Dr. Feliciano Sodr\u00e9 e Alu\u00edsio Neiva;<span style=\"font-size: revert\">na Rua Eduardo Vieira, Travessa Jorge Soares e Rua Ant\u00f4nio dos Santos Figueiredo, entre as ruas Dr. Nilo Pe\u00e7anha e Alu\u00edsio Neiva;na Rua Dr. Nilo Pe\u00e7anha, entre a Pra\u00e7a Dr. Luiz Palmier e a interse\u00e7\u00e3o com a Rua General Ant\u00f4nio Rodrigues; na Rua Coronel Serrado, pista sentido Centro, no trecho compreendido entre as ruas Get\u00falio Vargas e Coronel Moreira C\u00e9sar.<\/span><\/p><p class=\"MsoNoSpacing\"><\/p><strong><span style=\"font-size: revert\">O desvio do tr\u00e2nsito ser\u00e1 feito da seguinte forma:<\/span><p class=\"MsoNoSpacing\"><\/p><\/strong><span style=\"font-size: revert\">\u2013 No sentido Barro Vermelho para o Centro, os ve\u00edculos dever\u00e3o seguir pela Rua Dr. Get\u00falio Vargas, Avenida Presidente Humberto de Alencar Castelo Branco, Avenida Jornalista Roberto Marinho, Rua Salvatori, Rua Jos\u00e9 da Silva Pessoa, Rua Jos\u00e9 Louren\u00e7o de Azevedo, Rua Salvatori, Rua Alu\u00edsio Neiva, Rua General Ant\u00f4nio Rodrigues e Rua Dr. Nilo Pe\u00e7anha.<\/span> <p class=\"MsoNoSpacing\"><\/p><span style=\"font-size: revert\">\u2013 No sentido Para\u00edso para o bairro Estrela do Norte, os ve\u00edculos que trafegarem pela Rua Francisco Portela dever\u00e3o acessar a Rua Magistrado Francisco de Assis Fonseca e utilizar\u00e3o a faixa revers\u00edvel pela Avenida Presidente Kennedy at\u00e9 a Rua General Ant\u00f4nio Rodrigues.<\/span><p class=\"MsoNoSpacing\"><\/p><span style=\"font-size: revert\">Ser\u00e1 criada uma faixa revers\u00edvel na Avenida Presidente Kennedy, no trecho compreendido entre a Rua Magistrado Francisco de Assis Fonseca e a Rua General Ant\u00f4nio Rodrigues, com sentido duplo de circula\u00e7\u00e3o vi\u00e1ria.<\/span><p class=\"MsoNoSpacing\"><\/p><span style=\"font-size: revert\">Ficar\u00e1 proibido o estacionamento de ve\u00edculos em todas as vias citadas, nos dias e hor\u00e1rios estabelecidos. Os ve\u00edculos que estiverem estacionados em desacordo estar\u00e3o sujeitos \u00e0 remo\u00e7\u00e3o, conforme previsto no art. 181 do C\u00f3digo de Tr\u00e2nsito Brasileiro (CTB). <\/span><\/p>\n\n\n\n<p><p class=\"MsoNoSpacing\"><em>Fotos: Renan Ott<span style=\"font-size: revert\">o <\/span><\/em><\/p><\/p>\n","protected":false},"excerpt":{"rendered":"<p>Carros n\u00e3o podem parar das 20h desta quarta-feira (18) at\u00e9 o t\u00e9rmino do evento na noite de quinta-feira (19) Em&hellip;<\/p>\n","protected":false},"author":5,"featured_media":26657,"comment_status":"open","ping_status":"open","sticky":false,"template":"","format":"standard","meta":{"fifu_image_url":"","fifu_image_alt":"","footnotes":""},"categories":[1],"tags":[47,75],"class_list":["post-26656","post","type-post","status-publish","format-standard","has-post-thumbnail","hentry","category-mundo","tag-rj","tag-sao-goncalo"],"_links":{"self":[{"href":"https:\/\/sgvaimudar.com.br\/index.php\/wp-json\/wp\/v2\/posts\/26656","targetHints":{"allow":["GET"]}}],"collection":[{"href":"https:\/\/sgvaimudar.com.br\/index.php\/wp-json\/wp\/v2\/posts"}],"about":[{"href":"https:\/\/sgvaimudar.com.br\/index.php\/wp-json\/wp\/v2\/types\/post"}],"author":[{"embeddable":true,"href":"https:\/\/sgvaimudar.com.br\/index.php\/wp-json\/wp\/v2\/users\/5"}],"replies":[{"embeddable":true,"href":"https:\/\/sgvaimudar.com.br\/index.php\/wp-json\/wp\/v2\/comments?post=26656"}],"version-history":[{"count":1,"href":"https:\/\/sgvaimudar.com.br\/index.php\/wp-json\/wp\/v2\/posts\/26656\/revisions"}],"predecessor-version":[{"id":26659,"href":"https:\/\/sgvaimudar.com.br\/index.php\/wp-json\/wp\/v2\/posts\/26656\/revisions\/26659"}],"wp:featuredmedia":[{"embeddable":true,"href":"https:\/\/sgvaimudar.com.br\/index.php\/wp-json\/wp\/v2\/media\/26657"}],"wp:attachment":[{"href":"https:\/\/sgvaimudar.com.br\/index.php\/wp-json\/wp\/v2\/media?parent=26656"}],"wp:term":[{"taxonomy":"category","embeddable":true,"href":"https:\/\/sgvaimudar.com.br\/index.php\/wp-json\/wp\/v2\/categories?post=26656"},{"taxonomy":"post_tag","embeddable":true,"href":"https:\/\/sgvaimudar.com.br\/index.php\/wp-json\/wp\/v2\/tags?post=26656"}],"curies":[{"name":"wp","href":"https:\/\/api.w.org\/{rel}","templated":true}]}}