{"id":26630,"date":"2025-06-18T08:40:54","date_gmt":"2025-06-18T11:40:54","guid":{"rendered":"https:\/\/sgvaimudar.com.br\/?p=26630"},"modified":"2025-06-18T08:40:54","modified_gmt":"2025-06-18T11:40:54","slug":"policia-civil-prende-mulher-por-manter-irmao-com-deficiencia-trancado-em-cela-nos-fundos-de-casa-em-mage","status":"publish","type":"post","link":"https:\/\/sgvaimudar.com.br\/index.php\/2025\/06\/18\/policia-civil-prende-mulher-por-manter-irmao-com-deficiencia-trancado-em-cela-nos-fundos-de-casa-em-mage\/","title":{"rendered":"Pol\u00edcia Civil prende mulher por manter irm\u00e3o com defici\u00eancia trancado em cela nos fundos de casa em Mag\u00e9"},"content":{"rendered":"\n<p><em>O caso foi descoberto ap\u00f3s den\u00fancia an\u00f4nima<\/em><\/p>\n\n\n\n<p>Os policiais civis da 66\u00aa DP (Piabet\u00e1) prenderam em flagrante, nesta ter\u00e7a-feira (17\/06), uma mulher acusada de manter o pr\u00f3prio irm\u00e3o, de 36 anos, paciente psiqui\u00e1trico, em c\u00e1rcere privado. Ela foi localizada em uma resid\u00eancia no bairro Maurim\u00e1rcia, em Mag\u00e9, Baixada Fluminense. A a\u00e7\u00e3o contou com o apoio da prefeitura do munic\u00edpio.<\/p>\n\n\n\n<p>O caso foi descoberto ap\u00f3s den\u00fancia an\u00f4nima, que levou os agentes at\u00e9 o im\u00f3vel. A v\u00edtima foi encontrada trancada em um c\u00f4modo com grades e dois cadeados, em condi\u00e7\u00f5es degradantes de higiene e alimenta\u00e7\u00e3o. <\/p>\n\n\n\n<p>Segundo os policiais civis, o ambiente apresentava caracter\u00edsticas semelhantes a uma cela prisional. A pr\u00f3pria autora afirmou que n\u00e3o possu\u00eda as chaves dos cadeados, o que refor\u00e7ou o car\u00e1ter abusivo do confinamento.<\/p>\n\n\n\n<p>A v\u00edtima foi resgatada e recebeu atendimento de profissionais de sa\u00fade. A mulher responder\u00e1 por c\u00e1rcere privado qualificado.<\/p>\n\n\n\n<p><strong><em>Fa\u00e7a sua den\u00fancia pelo nosso WhatsApp: (21) <\/em><\/strong><strong><em>99744 5345<\/em><\/strong><strong><em><\/em><\/strong><\/p>\n\n\n\n<p><strong><em>S\u00e3o Gon\u00e7alo vai mudar: Not\u00edcias de S\u00e3o Gon\u00e7alo e toda regi\u00e3o.<\/em><\/strong><\/p>\n\n\n\n<figure class=\"wp-block-image size-large\"><img fetchpriority=\"high\" decoding=\"async\" width=\"1024\" height=\"252\" src=\"https:\/\/sgvaimudar.com.br\/wp-content\/uploads\/2025\/03\/Anuncie-Aqui-Sao-Goncalo-vai-mudar-1024x252.jpg\" alt=\"\" class=\"wp-image-22693\" srcset=\"https:\/\/sgvaimudar.com.br\/wp-content\/uploads\/2025\/03\/Anuncie-Aqui-Sao-Goncalo-vai-mudar-1024x252.jpg 1024w, https:\/\/sgvaimudar.com.br\/wp-content\/uploads\/2025\/03\/Anuncie-Aqui-Sao-Goncalo-vai-mudar-300x74.jpg 300w, https:\/\/sgvaimudar.com.br\/wp-content\/uploads\/2025\/03\/Anuncie-Aqui-Sao-Goncalo-vai-mudar-768x189.jpg 768w, https:\/\/sgvaimudar.com.br\/wp-content\/uploads\/2025\/03\/Anuncie-Aqui-Sao-Goncalo-vai-mudar-1536x378.jpg 1536w, https:\/\/sgvaimudar.com.br\/wp-content\/uploads\/2025\/03\/Anuncie-Aqui-Sao-Goncalo-vai-mudar-2048x504.jpg 2048w\" sizes=\"(max-width: 1024px) 100vw, 1024px\" \/><\/figure>\n","protected":false},"excerpt":{"rendered":"<p>O caso foi descoberto ap\u00f3s den\u00fancia an\u00f4nima Os policiais civis da 66\u00aa DP (Piabet\u00e1) prenderam em flagrante, nesta ter\u00e7a-feira (17\/06),&hellip;<\/p>\n","protected":false},"author":5,"featured_media":26631,"comment_status":"open","ping_status":"open","sticky":false,"template":"","format":"standard","meta":{"fifu_image_url":"","fifu_image_alt":"","footnotes":""},"categories":[32],"tags":[39,47],"class_list":["post-26630","post","type-post","status-publish","format-standard","has-post-thumbnail","hentry","category-casos-de-policia","tag-ataque","tag-rj"],"_links":{"self":[{"href":"https:\/\/sgvaimudar.com.br\/index.php\/wp-json\/wp\/v2\/posts\/26630","targetHints":{"allow":["GET"]}}],"collection":[{"href":"https:\/\/sgvaimudar.com.br\/index.php\/wp-json\/wp\/v2\/posts"}],"about":[{"href":"https:\/\/sgvaimudar.com.br\/index.php\/wp-json\/wp\/v2\/types\/post"}],"author":[{"embeddable":true,"href":"https:\/\/sgvaimudar.com.br\/index.php\/wp-json\/wp\/v2\/users\/5"}],"replies":[{"embeddable":true,"href":"https:\/\/sgvaimudar.com.br\/index.php\/wp-json\/wp\/v2\/comments?post=26630"}],"version-history":[{"count":1,"href":"https:\/\/sgvaimudar.com.br\/index.php\/wp-json\/wp\/v2\/posts\/26630\/revisions"}],"predecessor-version":[{"id":26632,"href":"https:\/\/sgvaimudar.com.br\/index.php\/wp-json\/wp\/v2\/posts\/26630\/revisions\/26632"}],"wp:featuredmedia":[{"embeddable":true,"href":"https:\/\/sgvaimudar.com.br\/index.php\/wp-json\/wp\/v2\/media\/26631"}],"wp:attachment":[{"href":"https:\/\/sgvaimudar.com.br\/index.php\/wp-json\/wp\/v2\/media?parent=26630"}],"wp:term":[{"taxonomy":"category","embeddable":true,"href":"https:\/\/sgvaimudar.com.br\/index.php\/wp-json\/wp\/v2\/categories?post=26630"},{"taxonomy":"post_tag","embeddable":true,"href":"https:\/\/sgvaimudar.com.br\/index.php\/wp-json\/wp\/v2\/tags?post=26630"}],"curies":[{"name":"wp","href":"https:\/\/api.w.org\/{rel}","templated":true}]}}