{"id":26623,"date":"2025-06-17T12:18:51","date_gmt":"2025-06-17T15:18:51","guid":{"rendered":"https:\/\/sgvaimudar.com.br\/?p=26623"},"modified":"2025-06-17T12:18:51","modified_gmt":"2025-06-17T15:18:51","slug":"prefeito-capitao-nelson-decreta-ponto-facultativo-quinta-19-e-sexta-feira-20","status":"publish","type":"post","link":"https:\/\/sgvaimudar.com.br\/index.php\/2025\/06\/17\/prefeito-capitao-nelson-decreta-ponto-facultativo-quinta-19-e-sexta-feira-20\/","title":{"rendered":"Prefeito Capit\u00e3o Nelson decreta ponto facultativo quinta (19) e sexta-feira (20)"},"content":{"rendered":"\n<p><em>Confira o que vai funcionar na rede municipal neste per\u00edodo<\/em><\/p>\n\n\n\n<p>O prefeito Capit\u00e3o Nelson decretou pontos facultativos nas pr\u00f3ximas quinta-feira (19) \u2013 quando a cidade recebe a maior e mais tradicional celebra\u00e7\u00e3o de Corpus Christi &#8211; e sexta-feira (20). O expediente das reparti\u00e7\u00f5es p\u00fablicas da Prefeitura de S\u00e3o Gon\u00e7alo que n\u00e3o s\u00e3o essenciais abrem at\u00e9 esta quarta-feira (18), ficam fechadas de 19 a 22 de junho (quinta a domingo) e retomam na pr\u00f3xima segunda-feira (23).&nbsp;<\/p>\n\n\n\n<p>As atividades que n\u00e3o podem ser suspensas em virtude de exig\u00eancias t\u00e9cnicas, essencialidade ou por motivo de interesse p\u00fablico v\u00e3o funcionar normalmente. Entre setores que v\u00e3o funcionar est\u00e3o os das secretarias municipais de Conserva\u00e7\u00e3o; Desenvolvimento Urbano; Sa\u00fade e Defesa Civil e de apoio administrativo escalados pelas chefias imediatas.\u00a0\u00a0\u00a0<\/p>\n\n\n\n<figure class=\"wp-block-image size-large\"><img fetchpriority=\"high\" decoding=\"async\" width=\"1024\" height=\"671\" src=\"https:\/\/sgvaimudar.com.br\/wp-content\/uploads\/2025\/06\/unnamed-10-4-1024x671.jpg\" alt=\"\" class=\"wp-image-26624\" srcset=\"https:\/\/sgvaimudar.com.br\/wp-content\/uploads\/2025\/06\/unnamed-10-4-1024x671.jpg 1024w, https:\/\/sgvaimudar.com.br\/wp-content\/uploads\/2025\/06\/unnamed-10-4-300x197.jpg 300w, https:\/\/sgvaimudar.com.br\/wp-content\/uploads\/2025\/06\/unnamed-10-4-768x503.jpg 768w, https:\/\/sgvaimudar.com.br\/wp-content\/uploads\/2025\/06\/unnamed-10-4.jpg 1200w\" sizes=\"(max-width: 1024px) 100vw, 1024px\" \/><\/figure>\n\n\n\n<p>A Secretaria de Sa\u00fade e Defesa Civil informou que, durante todo o per\u00edodo, o Centro de Aten\u00e7\u00e3o Psicossocial de \u00c1lcool e Drogas (Capsad) Dr. Daniel Gomes da Silva, no Vila Tr\u00eas (Rua Augusto Franco, 52, Vila Tr\u00eas), estar\u00e1 aberto 24h. O Centro de Aten\u00e7\u00e3o Psicossocial (Caps) Francisco dos Santos Siqueira, no Centro (Rua General Ant\u00f4nio Rodrigues, 250, Centro) vai abrir, normalmente, das 8h \u00e0s 17h.\u00a0<\/p>\n\n\n\n<p>Todas as unidades de urg\u00eancia e emerg\u00eancia de sa\u00fade municipais tamb\u00e9m v\u00e3o funcionar 24h por dia. S\u00e3o elas: Unidades Municipais de Pronto Atendimento (Umpas) do Pacheco, Nova Cidade e Santa Luzia; prontos-socorros Central (PSC) e Infantil (PSI), ambos no Z\u00e9 Garoto; Maternidade Municipal Dr. M\u00e1rio Niajar, em Alc\u00e2ntara; e a emerg\u00eancia da sa\u00fade mental no Hospital Luiz Palmier (HLP), no Z\u00e9 Garoto.&nbsp;&nbsp;<\/p>\n\n\n\n<p>O Centro de Imagens e Especialidades de S\u00e3o Gon\u00e7alo (Ciesg), no Vila Tr\u00eas, fica fechado na quinta-feira (19) e abre, normalmente, na sexta-feira (20), das 8h \u00e0s 17h, para as consultas e exames pr\u00e9-agendados.<\/p>\n\n\n\n<p>As Cl\u00ednicas Gon\u00e7alense do Mutondo e da Fam\u00edlia Dr. Zerbini, no Arsenal, ficam fechadas quinta-feira (19) e sexta-feira (20). Elas abrem no s\u00e1bado (21), das 8h \u00e0s 12h, para vacina\u00e7\u00f5es e atendimentos pr\u00e9-agendados. Depois, as cl\u00ednicas reabrem na segunda-feira (23).&nbsp;<\/p>\n\n\n\n<p>Os polos sanit\u00e1rios Washington Luiz, no Z\u00e9 Garoto; e H\u00e9lio Cruz, em Alc\u00e2ntara; abrem, respectivamente, na quinta-feira (19) e sexta-feira (20), das 8h \u00e0s 12h, exclusivamente, para a aplica\u00e7\u00e3o da vacina antirr\u00e1bica humana.&nbsp;<\/p>\n\n\n\n<p>Quando necess\u00e1ria a aplica\u00e7\u00e3o do soro antirr\u00e1bico, o paciente \u00e9 encaminhado ao Pronto Socorro Central (PSC), no Z\u00e9 Garoto, que funciona 24h todos os dias. Em casos de acidentes graves que necessitam de atendimento de urg\u00eancia ou emerg\u00eancia, fora do hor\u00e1rio de atendimento nos polos sanit\u00e1rios, o paciente pode procurar o PSC para avalia\u00e7\u00e3o.&nbsp;<\/p>\n\n\n\n<p>Todas as outras unidades de sa\u00fade da aten\u00e7\u00e3o b\u00e1sica e especializada estar\u00e3o fechadas de quinta-feira (19) at\u00e9 domingo (22). S\u00e3o elas: todos os postos de sa\u00fade, cl\u00ednicas, PAMs, CER III, Cl\u00ednica de Fisioterapia de Nova Cidade, Cl\u00ednica Municipal da Crian\u00e7a, Espa\u00e7o Rosa, polos sanit\u00e1rios e outros Caps. A Secretaria informa que todas as unidades voltam a funcionar normalmente na pr\u00f3xima segunda-feira (23).&nbsp;<\/p>\n\n\n\n<p><em>Foto: Luiz Carvalho<\/em><\/p>\n\n\n\n<p><strong><em>S\u00e3o Gon\u00e7alo vai mudar: Not\u00edcias de S\u00e3o Gon\u00e7alo e toda regi\u00e3o.<\/em><\/strong><\/p>\n\n\n\n<figure class=\"wp-block-image size-large\"><img decoding=\"async\" width=\"1024\" height=\"252\" src=\"https:\/\/sgvaimudar.com.br\/wp-content\/uploads\/2025\/03\/Anuncie-Aqui-Sao-Goncalo-vai-mudar-1024x252.jpg\" alt=\"\" class=\"wp-image-22693\" srcset=\"https:\/\/sgvaimudar.com.br\/wp-content\/uploads\/2025\/03\/Anuncie-Aqui-Sao-Goncalo-vai-mudar-1024x252.jpg 1024w, https:\/\/sgvaimudar.com.br\/wp-content\/uploads\/2025\/03\/Anuncie-Aqui-Sao-Goncalo-vai-mudar-300x74.jpg 300w, https:\/\/sgvaimudar.com.br\/wp-content\/uploads\/2025\/03\/Anuncie-Aqui-Sao-Goncalo-vai-mudar-768x189.jpg 768w, https:\/\/sgvaimudar.com.br\/wp-content\/uploads\/2025\/03\/Anuncie-Aqui-Sao-Goncalo-vai-mudar-1536x378.jpg 1536w, https:\/\/sgvaimudar.com.br\/wp-content\/uploads\/2025\/03\/Anuncie-Aqui-Sao-Goncalo-vai-mudar-2048x504.jpg 2048w\" sizes=\"(max-width: 1024px) 100vw, 1024px\" \/><\/figure>\n","protected":false},"excerpt":{"rendered":"<p>Confira o que vai funcionar na rede municipal neste per\u00edodo O prefeito Capit\u00e3o Nelson decretou pontos facultativos nas pr\u00f3ximas quinta-feira&hellip;<\/p>\n","protected":false},"author":5,"featured_media":26625,"comment_status":"open","ping_status":"open","sticky":false,"template":"","format":"standard","meta":{"fifu_image_url":"","fifu_image_alt":"","footnotes":""},"categories":[3],"tags":[47,75],"class_list":["post-26623","post","type-post","status-publish","format-standard","has-post-thumbnail","hentry","category-sao-goncalo","tag-rj","tag-sao-goncalo"],"_links":{"self":[{"href":"https:\/\/sgvaimudar.com.br\/index.php\/wp-json\/wp\/v2\/posts\/26623","targetHints":{"allow":["GET"]}}],"collection":[{"href":"https:\/\/sgvaimudar.com.br\/index.php\/wp-json\/wp\/v2\/posts"}],"about":[{"href":"https:\/\/sgvaimudar.com.br\/index.php\/wp-json\/wp\/v2\/types\/post"}],"author":[{"embeddable":true,"href":"https:\/\/sgvaimudar.com.br\/index.php\/wp-json\/wp\/v2\/users\/5"}],"replies":[{"embeddable":true,"href":"https:\/\/sgvaimudar.com.br\/index.php\/wp-json\/wp\/v2\/comments?post=26623"}],"version-history":[{"count":1,"href":"https:\/\/sgvaimudar.com.br\/index.php\/wp-json\/wp\/v2\/posts\/26623\/revisions"}],"predecessor-version":[{"id":26626,"href":"https:\/\/sgvaimudar.com.br\/index.php\/wp-json\/wp\/v2\/posts\/26623\/revisions\/26626"}],"wp:featuredmedia":[{"embeddable":true,"href":"https:\/\/sgvaimudar.com.br\/index.php\/wp-json\/wp\/v2\/media\/26625"}],"wp:attachment":[{"href":"https:\/\/sgvaimudar.com.br\/index.php\/wp-json\/wp\/v2\/media?parent=26623"}],"wp:term":[{"taxonomy":"category","embeddable":true,"href":"https:\/\/sgvaimudar.com.br\/index.php\/wp-json\/wp\/v2\/categories?post=26623"},{"taxonomy":"post_tag","embeddable":true,"href":"https:\/\/sgvaimudar.com.br\/index.php\/wp-json\/wp\/v2\/tags?post=26623"}],"curies":[{"name":"wp","href":"https:\/\/api.w.org\/{rel}","templated":true}]}}