{"id":26607,"date":"2025-06-17T17:00:00","date_gmt":"2025-06-17T20:00:00","guid":{"rendered":"https:\/\/sgvaimudar.com.br\/?p=26607"},"modified":"2025-06-17T11:33:02","modified_gmt":"2025-06-17T14:33:02","slug":"em-itaborai-obra-na-avenida-22-de-maio-avanca","status":"publish","type":"post","link":"https:\/\/sgvaimudar.com.br\/index.php\/2025\/06\/17\/em-itaborai-obra-na-avenida-22-de-maio-avanca\/","title":{"rendered":"Em Itabora\u00ed, obra na Avenida 22 de Maio avan\u00e7a"},"content":{"rendered":"\n<p><em>Trabalho conta com i\u00e7amento de vigas para constru\u00e7\u00e3o de nova \u00e1rea de lazer e mobilidade<\/em><\/p>\n\n\n\n<p>Com o avan\u00e7o nas obras em Itabora\u00ed, Avenida 22 de Maio ser\u00e1 interditada nos dois sentidos, na altura do bairro Rio V\u00e1rzea, nos dias 20, 21 e 22 de junho, para a realiza\u00e7\u00e3o do i\u00e7amento de vigas que comp\u00f5em a estrutura da nova laje elevada sobre a via. <\/p>\n\n\n\n<p>A interven\u00e7\u00e3o integra o plano estrat\u00e9gico de urbaniza\u00e7\u00e3o do munic\u00edpio, realizado em parceria com o Governo do Estado do Rio de Janeiro, com o objetivo de requalificar um dos trechos mais importantes da cidade.<\/p>\n\n\n\n<figure class=\"wp-block-image size-large\"><img fetchpriority=\"high\" decoding=\"async\" width=\"1024\" height=\"575\" src=\"https:\/\/sgvaimudar.com.br\/wp-content\/uploads\/2025\/06\/Obra-na-Avenida-22-de-Maio-avanca-com-icamento-de-vigas-para-construcao-de-nova-area-de-lazer-e-mobilidade-1024x575.jpeg\" alt=\"\" class=\"wp-image-26609\" srcset=\"https:\/\/sgvaimudar.com.br\/wp-content\/uploads\/2025\/06\/Obra-na-Avenida-22-de-Maio-avanca-com-icamento-de-vigas-para-construcao-de-nova-area-de-lazer-e-mobilidade-1024x575.jpeg 1024w, https:\/\/sgvaimudar.com.br\/wp-content\/uploads\/2025\/06\/Obra-na-Avenida-22-de-Maio-avanca-com-icamento-de-vigas-para-construcao-de-nova-area-de-lazer-e-mobilidade-300x169.jpeg 300w, https:\/\/sgvaimudar.com.br\/wp-content\/uploads\/2025\/06\/Obra-na-Avenida-22-de-Maio-avanca-com-icamento-de-vigas-para-construcao-de-nova-area-de-lazer-e-mobilidade-768x432.jpeg 768w, https:\/\/sgvaimudar.com.br\/wp-content\/uploads\/2025\/06\/Obra-na-Avenida-22-de-Maio-avanca-com-icamento-de-vigas-para-construcao-de-nova-area-de-lazer-e-mobilidade-1536x863.jpeg 1536w, https:\/\/sgvaimudar.com.br\/wp-content\/uploads\/2025\/06\/Obra-na-Avenida-22-de-Maio-avanca-com-icamento-de-vigas-para-construcao-de-nova-area-de-lazer-e-mobilidade.jpeg 1600w\" sizes=\"(max-width: 1024px) 100vw, 1024px\" \/><\/figure>\n\n\n\n<p>Ser\u00e3o i\u00e7adas 19 vigas de aproximadamente 27 metros de comprimento, que ir\u00e3o compor a estrutura elevada que ligar\u00e1 ruas paralelas \u00e0 Avenida 22 de Maio, permitindo futuramente a cria\u00e7\u00e3o de um espa\u00e7o de lazer e conviv\u00eancia urbana para a popula\u00e7\u00e3o. Durante toda a opera\u00e7\u00e3o, agentes da Secretaria Municipal de Transportes (Semtrans) estar\u00e3o no local para orientar motoristas e pedestres, garantindo a seguran\u00e7a e a fluidez do tr\u00e1fego.<\/p>\n\n\n\n<p>Com a interdi\u00e7\u00e3o, a Prefeitura implantar\u00e1 desvios no tr\u00e2nsito para minimizar os impactos. No sentido Sul, com destino a Manilha, os motoristas dever\u00e3o seguir pela Avenida 22 de Maio, acessar a Rua Dr. Mendon\u00e7a Sobrinho, depois a Rua Pedro Azeredo e retornar \u00e0 Avenida 22 de Maio.<\/p>\n\n\n\n<p>J\u00e1 no sentido Norte, em dire\u00e7\u00e3o \u00e0 Venda das Pedras, o desvio ser\u00e1 pela Avenida 22 de Maio, Avenida Papa Jo\u00e3o XXIII (Rua 100), Rua Cec\u00edlia da Gl\u00f3ria Martins, Rua Maria Duarte de Almeida, Avenida Am\u00e9lia Saraiva, Rua Dr. Alo\u00edsio Moreira Soares, Rua Raimundo de Farias, Rua Ant\u00f4nio Alves Viana, Rua Dr. Pereira dos Santos e retorno \u00e0 Avenida 22 de Maio.<\/p>\n\n\n\n<p>O secret\u00e1rio municipal de Transportes, Marcelo Figueiredo, destacou a import\u00e2ncia da interven\u00e7\u00e3o.<\/p>\n\n\n\n<p>\u201cEssa \u00e9 uma etapa essencial para que a cidade avance no seu processo de urbaniza\u00e7\u00e3o e mobilidade. Sabemos que as interdi\u00e7\u00f5es tempor\u00e1rias podem causar transtornos, mas estamos garantindo todo o suporte necess\u00e1rio com nossos agentes de tr\u00e2nsito para minimizar os impactos. Essa obra \u00e9 um passo importante para oferecer \u00e0 popula\u00e7\u00e3o um novo espa\u00e7o urbano, mais acess\u00edvel, seguro e integrado ao cotidiano da cidade\u201d, afirmou o secret\u00e1rio.<\/p>\n\n\n\n<p>A Prefeitura refor\u00e7a que a obra representa um investimento no futuro de Itabora\u00ed, com foco na qualidade de vida e no desenvolvimento urbano.<\/p>\n\n\n\n<p><strong><em>S\u00e3o Gon\u00e7alo vai mudar: Not\u00edcias de S\u00e3o Gon\u00e7alo e toda regi\u00e3o.<\/em><\/strong><\/p>\n\n\n\n<figure class=\"wp-block-image size-large\"><img decoding=\"async\" width=\"1024\" height=\"252\" src=\"https:\/\/sgvaimudar.com.br\/wp-content\/uploads\/2025\/03\/Anuncie-Aqui-Sao-Goncalo-vai-mudar-1024x252.jpg\" alt=\"\" class=\"wp-image-22693\" srcset=\"https:\/\/sgvaimudar.com.br\/wp-content\/uploads\/2025\/03\/Anuncie-Aqui-Sao-Goncalo-vai-mudar-1024x252.jpg 1024w, https:\/\/sgvaimudar.com.br\/wp-content\/uploads\/2025\/03\/Anuncie-Aqui-Sao-Goncalo-vai-mudar-300x74.jpg 300w, https:\/\/sgvaimudar.com.br\/wp-content\/uploads\/2025\/03\/Anuncie-Aqui-Sao-Goncalo-vai-mudar-768x189.jpg 768w, https:\/\/sgvaimudar.com.br\/wp-content\/uploads\/2025\/03\/Anuncie-Aqui-Sao-Goncalo-vai-mudar-1536x378.jpg 1536w, https:\/\/sgvaimudar.com.br\/wp-content\/uploads\/2025\/03\/Anuncie-Aqui-Sao-Goncalo-vai-mudar-2048x504.jpg 2048w\" sizes=\"(max-width: 1024px) 100vw, 1024px\" \/><\/figure>\n","protected":false},"excerpt":{"rendered":"<p>Trabalho conta com i\u00e7amento de vigas para constru\u00e7\u00e3o de nova \u00e1rea de lazer e mobilidade Com o avan\u00e7o nas obras&hellip;<\/p>\n","protected":false},"author":5,"featured_media":26608,"comment_status":"open","ping_status":"open","sticky":false,"template":"","format":"standard","meta":{"fifu_image_url":"","fifu_image_alt":"","footnotes":""},"categories":[3],"tags":[],"class_list":["post-26607","post","type-post","status-publish","format-standard","has-post-thumbnail","hentry","category-sao-goncalo"],"_links":{"self":[{"href":"https:\/\/sgvaimudar.com.br\/index.php\/wp-json\/wp\/v2\/posts\/26607","targetHints":{"allow":["GET"]}}],"collection":[{"href":"https:\/\/sgvaimudar.com.br\/index.php\/wp-json\/wp\/v2\/posts"}],"about":[{"href":"https:\/\/sgvaimudar.com.br\/index.php\/wp-json\/wp\/v2\/types\/post"}],"author":[{"embeddable":true,"href":"https:\/\/sgvaimudar.com.br\/index.php\/wp-json\/wp\/v2\/users\/5"}],"replies":[{"embeddable":true,"href":"https:\/\/sgvaimudar.com.br\/index.php\/wp-json\/wp\/v2\/comments?post=26607"}],"version-history":[{"count":1,"href":"https:\/\/sgvaimudar.com.br\/index.php\/wp-json\/wp\/v2\/posts\/26607\/revisions"}],"predecessor-version":[{"id":26610,"href":"https:\/\/sgvaimudar.com.br\/index.php\/wp-json\/wp\/v2\/posts\/26607\/revisions\/26610"}],"wp:featuredmedia":[{"embeddable":true,"href":"https:\/\/sgvaimudar.com.br\/index.php\/wp-json\/wp\/v2\/media\/26608"}],"wp:attachment":[{"href":"https:\/\/sgvaimudar.com.br\/index.php\/wp-json\/wp\/v2\/media?parent=26607"}],"wp:term":[{"taxonomy":"category","embeddable":true,"href":"https:\/\/sgvaimudar.com.br\/index.php\/wp-json\/wp\/v2\/categories?post=26607"},{"taxonomy":"post_tag","embeddable":true,"href":"https:\/\/sgvaimudar.com.br\/index.php\/wp-json\/wp\/v2\/tags?post=26607"}],"curies":[{"name":"wp","href":"https:\/\/api.w.org\/{rel}","templated":true}]}}