{"id":26597,"date":"2025-06-17T14:00:00","date_gmt":"2025-06-17T17:00:00","guid":{"rendered":"https:\/\/sgvaimudar.com.br\/?p=26597"},"modified":"2025-06-17T11:09:34","modified_gmt":"2025-06-17T14:09:34","slug":"transito-de-sao-goncalo-sera-alterado-para-celebracao-de-corpus-christi","status":"publish","type":"post","link":"https:\/\/sgvaimudar.com.br\/index.php\/2025\/06\/17\/transito-de-sao-goncalo-sera-alterado-para-celebracao-de-corpus-christi\/","title":{"rendered":"Tr\u00e2nsito de S\u00e3o Gon\u00e7alo ser\u00e1 alterado para celebra\u00e7\u00e3o de Corpus Christi"},"content":{"rendered":"\n<p><em>Mudan\u00e7as ter\u00e3o in\u00edcio na pr\u00f3xima quarta-feira na regi\u00e3o central da cidade<\/em><\/p>\n\n\n\n<p>Um esquema especial de tr\u00e2nsito est\u00e1 sendo preparado pela Secretaria de Transportes do munic\u00edpio de S\u00e3o Gon\u00e7alo para a celebra\u00e7\u00e3o de Corpus Christi, na pr\u00f3xima quinta-feira (19\/6), para que aconte\u00e7a com toda tranquilidade e seguran\u00e7a para os fi\u00e9is. As interdi\u00e7\u00f5es ter\u00e3o in\u00edcio j\u00e1 nesta quarta-feira (18), para a montagem do palco, e ir\u00e3o durar at\u00e9 o t\u00e9rmino das festividades, no dia 19.<\/p>\n\n\n\n<p>O tr\u00e1fego de ve\u00edculos ser\u00e1 interditado a partir das 19h de quarta-feira para a montagem do palco nas ruas Coronel Moreira C\u00e9sar, no trecho compreendido entre os n\u00fameros 21 e 127, e na Professora Lara Vilela. <\/p>\n\n\n\n<figure class=\"wp-block-image size-large\"><img fetchpriority=\"high\" decoding=\"async\" width=\"768\" height=\"1024\" src=\"https:\/\/sgvaimudar.com.br\/wp-content\/uploads\/2025\/06\/unnamed-1-2-768x1024.png\" alt=\"\" class=\"wp-image-26598\" srcset=\"https:\/\/sgvaimudar.com.br\/wp-content\/uploads\/2025\/06\/unnamed-1-2-768x1023.png 768w, https:\/\/sgvaimudar.com.br\/wp-content\/uploads\/2025\/06\/unnamed-1-2-225x300.png 225w, https:\/\/sgvaimudar.com.br\/wp-content\/uploads\/2025\/06\/unnamed-1-2.png 800w\" sizes=\"(max-width: 768px) 100vw, 768px\" \/><\/figure>\n\n\n\n<p>J\u00e1 o tr\u00e1fego de ve\u00edculos na Alameda Pio XII ter\u00e1 o fluxo invertido, seguindo a partir da Pra\u00e7a Z\u00e9 Garoto em dire\u00e7\u00e3o \u00e0 Igreja Matriz. O tr\u00e1fego de ve\u00edculos ser\u00e1 desviado pela Alameda Pio XII, retornando \u00e0 Rua Coronel Moreira C\u00e9sar pela rampa de acesso do Hospital de Cl\u00ednicas de S\u00e3o Gon\u00e7alo. Na ocasi\u00e3o, ficar\u00e1 suspenso o ponto de t\u00e1xi existente na Alameda Pio XII no per\u00edodo das 19h de quarta-feira (18) at\u00e9 o t\u00e9rmino das festividades.<\/p>\n\n\n\n<p>A partir das 4h de quinta-feira (19) at\u00e9 o t\u00e9rmino de evento, ser\u00e1 interditado o tr\u00e1fego de ve\u00edculos nas seguintes vias:<\/p>\n\n\n\n<ul class=\"wp-block-list\">\n<li>em toda a extens\u00e3o da Rua Coronel Moreira C\u00e9sar;<\/li>\n\n\n\n<li>em toda a extens\u00e3o da Rua Dr. Feliciano Sodr\u00e9;<\/li>\n\n\n\n<li>nas ruas Professora Lara Vilela e S\u00e1 Carvalho, entre a Avenida Presidente Kennedy e a Rua Coronel Moreira C\u00e9sar;<\/li>\n\n\n\n<li>na Travessa Zeferino Reis, entre a Avenida Presidente Kennedy e a Rua Dr. Feliciano Sodr\u00e9;<\/li>\n\n\n\n<li>na Rua Salvatori, entre as ruas Dr. Feliciano Sodr\u00e9 e Alu\u00edsio Neiva;<\/li>\n\n\n\n<li>na Rua Eduardo Vieira, Travessa Jorge Soares e Rua Ant\u00f4nio dos Santos Figueiredo, entre as ruas Dr. Nilo Pe\u00e7anha e Alu\u00edsio Neiva;<\/li>\n\n\n\n<li>na Rua Dr. Nilo Pe\u00e7anha, entre a Pra\u00e7a Dr. Luiz Palmier e a interse\u00e7\u00e3o com a Rua General Ant\u00f4nio Rodrigues;<\/li>\n\n\n\n<li>na Rua Coronel Serrado, pista sentido Centro, no trecho compreendido entre as ruas Get\u00falio Vargas e Coronel Moreira C\u00e9sar.<\/li>\n<\/ul>\n\n\n\n<p>O desvio do tr\u00e2nsito ser\u00e1 feito da seguinte forma:<\/p>\n\n\n\n<p>&#8211; No sentido Barro Vermelho para o Centro, os ve\u00edculos dever\u00e3o seguir pela Rua Dr. Get\u00falio Vargas, Avenida Presidente Humberto de Alencar Castelo Branco, Avenida Jornalista Roberto Marinho, Rua Salvatori, Rua Jos\u00e9 da Silva Pessoa, Rua Jos\u00e9 Louren\u00e7o de Azevedo, Rua Salvatori, Rua Alu\u00edsio Neiva, Rua General Ant\u00f4nio Rodrigues e Rua Dr. Nilo Pe\u00e7anha.<\/p>\n\n\n\n<p>&#8211; No sentido Para\u00edso para o bairro Estrela do Norte, os ve\u00edculos que trafegarem pela Rua Francisco Portela dever\u00e3o acessar a Rua Magistrado Francisco de Assis Fonseca e utilizar\u00e3o a faixa revers\u00edvel pela Avenida Presidente Kennedy at\u00e9 a Rua General Ant\u00f4nio Rodrigues.<\/p>\n\n\n\n<p>Ser\u00e1 criada uma faixa revers\u00edvel na Avenida Presidente Kennedy, no trecho compreendido entre a Rua Magistrado Francisco de Assis Fonseca e a Rua General Ant\u00f4nio Rodrigues, com sentido duplo de circula\u00e7\u00e3o vi\u00e1ria.<\/p>\n\n\n\n<p>Ficar\u00e1 proibido o estacionamento de ve\u00edculos em todas as vias citadas, nos dias e hor\u00e1rios estabelecidos. Os ve\u00edculos que estiverem estacionados em desacordo estar\u00e3o sujeitos \u00e0 remo\u00e7\u00e3o, conforme previsto no art. 181 do C\u00f3digo de Tr\u00e2nsito Brasileiro (CTB).<\/p>\n\n\n\n<p><strong><em>S\u00e3o Gon\u00e7alo vai mudar: Not\u00edcias de S\u00e3o Gon\u00e7alo e toda regi\u00e3o.<\/em><\/strong><\/p>\n\n\n\n<figure class=\"wp-block-image size-large\"><img decoding=\"async\" width=\"1024\" height=\"252\" src=\"https:\/\/sgvaimudar.com.br\/wp-content\/uploads\/2025\/03\/Anuncie-Aqui-Sao-Goncalo-vai-mudar-1024x252.jpg\" alt=\"\" class=\"wp-image-22693\" srcset=\"https:\/\/sgvaimudar.com.br\/wp-content\/uploads\/2025\/03\/Anuncie-Aqui-Sao-Goncalo-vai-mudar-1024x252.jpg 1024w, https:\/\/sgvaimudar.com.br\/wp-content\/uploads\/2025\/03\/Anuncie-Aqui-Sao-Goncalo-vai-mudar-300x74.jpg 300w, https:\/\/sgvaimudar.com.br\/wp-content\/uploads\/2025\/03\/Anuncie-Aqui-Sao-Goncalo-vai-mudar-768x189.jpg 768w, https:\/\/sgvaimudar.com.br\/wp-content\/uploads\/2025\/03\/Anuncie-Aqui-Sao-Goncalo-vai-mudar-1536x378.jpg 1536w, https:\/\/sgvaimudar.com.br\/wp-content\/uploads\/2025\/03\/Anuncie-Aqui-Sao-Goncalo-vai-mudar-2048x504.jpg 2048w\" sizes=\"(max-width: 1024px) 100vw, 1024px\" \/><\/figure>\n","protected":false},"excerpt":{"rendered":"<p>Mudan\u00e7as ter\u00e3o in\u00edcio na pr\u00f3xima quarta-feira na regi\u00e3o central da cidade Um esquema especial de tr\u00e2nsito est\u00e1 sendo preparado pela&hellip;<\/p>\n","protected":false},"author":5,"featured_media":26599,"comment_status":"open","ping_status":"open","sticky":false,"template":"","format":"standard","meta":{"fifu_image_url":"","fifu_image_alt":"","footnotes":""},"categories":[3],"tags":[],"class_list":["post-26597","post","type-post","status-publish","format-standard","has-post-thumbnail","hentry","category-sao-goncalo"],"_links":{"self":[{"href":"https:\/\/sgvaimudar.com.br\/index.php\/wp-json\/wp\/v2\/posts\/26597","targetHints":{"allow":["GET"]}}],"collection":[{"href":"https:\/\/sgvaimudar.com.br\/index.php\/wp-json\/wp\/v2\/posts"}],"about":[{"href":"https:\/\/sgvaimudar.com.br\/index.php\/wp-json\/wp\/v2\/types\/post"}],"author":[{"embeddable":true,"href":"https:\/\/sgvaimudar.com.br\/index.php\/wp-json\/wp\/v2\/users\/5"}],"replies":[{"embeddable":true,"href":"https:\/\/sgvaimudar.com.br\/index.php\/wp-json\/wp\/v2\/comments?post=26597"}],"version-history":[{"count":1,"href":"https:\/\/sgvaimudar.com.br\/index.php\/wp-json\/wp\/v2\/posts\/26597\/revisions"}],"predecessor-version":[{"id":26600,"href":"https:\/\/sgvaimudar.com.br\/index.php\/wp-json\/wp\/v2\/posts\/26597\/revisions\/26600"}],"wp:featuredmedia":[{"embeddable":true,"href":"https:\/\/sgvaimudar.com.br\/index.php\/wp-json\/wp\/v2\/media\/26599"}],"wp:attachment":[{"href":"https:\/\/sgvaimudar.com.br\/index.php\/wp-json\/wp\/v2\/media?parent=26597"}],"wp:term":[{"taxonomy":"category","embeddable":true,"href":"https:\/\/sgvaimudar.com.br\/index.php\/wp-json\/wp\/v2\/categories?post=26597"},{"taxonomy":"post_tag","embeddable":true,"href":"https:\/\/sgvaimudar.com.br\/index.php\/wp-json\/wp\/v2\/tags?post=26597"}],"curies":[{"name":"wp","href":"https:\/\/api.w.org\/{rel}","templated":true}]}}