{"id":26594,"date":"2025-06-17T11:59:00","date_gmt":"2025-06-17T14:59:00","guid":{"rendered":"https:\/\/sgvaimudar.com.br\/?p=26594"},"modified":"2025-06-17T11:03:23","modified_gmt":"2025-06-17T14:03:23","slug":"gm-goncalense-prende-em-flagrante-homem-que-furtava-cabos-no-alcantara","status":"publish","type":"post","link":"https:\/\/sgvaimudar.com.br\/index.php\/2025\/06\/17\/gm-goncalense-prende-em-flagrante-homem-que-furtava-cabos-no-alcantara\/","title":{"rendered":"GM gon\u00e7alense prende em flagrante homem que furtava cabos no Alc\u00e2ntara"},"content":{"rendered":"\n<p><em>Outros tr\u00eas homens foram presos pela Guarda em menos de 24h no munic\u00edpio<\/em><\/p>\n\n\n\n<p>Agentes da Guarda Municipal prenderam em flagrante, nesta noite do \u00faltimo domingo (15), um homem que estava furtando cabos em uma esta\u00e7\u00e3o de telefonia na Rua Nair Andrade, no Alc\u00e2ntara. Com o suspeito foram encontrados 50 metros de cabo de energia e uma caixa de controle. A pris\u00e3o foi feita em parceria com a Central de Seguran\u00e7a de S\u00e3o Gon\u00e7alo (CSSG).<\/p>\n\n\n\n<p>Os agentes da Guarda foram acionados pelos respons\u00e1veis da CSSG para averiguar dois homens que estava cometendo um poss\u00edvel furto de cabos de energia em um terreno. Ambos teriam pulado o muro do local. Os agentes, ent\u00e3o, foram ao endere\u00e7o e avistaram dois suspeitos pr\u00f3ximo ao local mencionado, sendo que um deles fugiu ao ver a equipe.<\/p>\n\n\n\n<p>O segundo homem foi detido e, junto dele, foi encontrada uma sacola pl\u00e1stica com 50 metros de cabo de energia e uma caixa de controle. Indagado, o suspeito disse que o material era dele e que n\u00e3o havia sido furtado, no entanto, a descri\u00e7\u00e3o das roupas do homem era a mesma feita pelos agentes da CSSG, que informaram sobre o furto.<\/p>\n\n\n\n<p>O homem foi, ent\u00e3o, levado para a 74\u00aa DP (Alc\u00e2ntara), sendo encaminhado posteriormente para a 73\u00aa DP (Neves), onde ficou preso e segue \u00e0 disposi\u00e7\u00e3o da Justi\u00e7a.<\/p>\n\n\n\n<p><strong>Um outro caso<\/strong>&nbsp;&#8211; Esta foi a segunda pris\u00e3o realizada pela Guarda em menos de 24 horas. Na madrugada deste domingo (15), tr\u00eas homens foram presos em flagrante Rua Feliciano Sodr\u00e9, esquina com a Rua Carlos Gianelli, no Centro.<\/p>\n\n\n\n<p>Durante o patrulhamento noturno, agentes da Equipe Bravo foram acionados ap\u00f3s o CSSG detectar, em tempo real, tr\u00eas suspeitos furtando cabos da via p\u00fablica. A equipe da Guarda Municipal montou um cerco t\u00e1tico e posicionou-se em locais estrat\u00e9gicos, aguardando o momento exato indicado pelo videomonitoramento para realizar a abordagem. Os agentes conseguiram realizar a pris\u00e3o em flagrante dos tr\u00eas homens, que estavam em posse de uma faca com aproximadamente 20 cent\u00edmetros de l\u00e2mina e cerca de 4 metros de fio.<\/p>\n\n\n\n<p>Os detidos foram encaminhados inicialmente \u00e0 72\u00aa Delegacia de Pol\u00edcia, no Mutu\u00e1 e, posteriormente, conduzidos \u00e0 73\u00aa DP, em Neves, respons\u00e1vel pela Central de Flagrantes, onde foi lavrado o Auto de Pris\u00e3o em Flagrante (APF). Os tr\u00eas permanecem presos, \u00e0 disposi\u00e7\u00e3o da Justi\u00e7a.<\/p>\n\n\n\n<p><\/p>\n","protected":false},"excerpt":{"rendered":"<p>Outros tr\u00eas homens foram presos pela Guarda em menos de 24h no munic\u00edpio Agentes da Guarda Municipal prenderam em flagrante,&hellip;<\/p>\n","protected":false},"author":5,"featured_media":26595,"comment_status":"open","ping_status":"open","sticky":false,"template":"","format":"standard","meta":{"fifu_image_url":"","fifu_image_alt":"","footnotes":""},"categories":[32],"tags":[],"class_list":["post-26594","post","type-post","status-publish","format-standard","has-post-thumbnail","hentry","category-casos-de-policia"],"_links":{"self":[{"href":"https:\/\/sgvaimudar.com.br\/index.php\/wp-json\/wp\/v2\/posts\/26594","targetHints":{"allow":["GET"]}}],"collection":[{"href":"https:\/\/sgvaimudar.com.br\/index.php\/wp-json\/wp\/v2\/posts"}],"about":[{"href":"https:\/\/sgvaimudar.com.br\/index.php\/wp-json\/wp\/v2\/types\/post"}],"author":[{"embeddable":true,"href":"https:\/\/sgvaimudar.com.br\/index.php\/wp-json\/wp\/v2\/users\/5"}],"replies":[{"embeddable":true,"href":"https:\/\/sgvaimudar.com.br\/index.php\/wp-json\/wp\/v2\/comments?post=26594"}],"version-history":[{"count":1,"href":"https:\/\/sgvaimudar.com.br\/index.php\/wp-json\/wp\/v2\/posts\/26594\/revisions"}],"predecessor-version":[{"id":26596,"href":"https:\/\/sgvaimudar.com.br\/index.php\/wp-json\/wp\/v2\/posts\/26594\/revisions\/26596"}],"wp:featuredmedia":[{"embeddable":true,"href":"https:\/\/sgvaimudar.com.br\/index.php\/wp-json\/wp\/v2\/media\/26595"}],"wp:attachment":[{"href":"https:\/\/sgvaimudar.com.br\/index.php\/wp-json\/wp\/v2\/media?parent=26594"}],"wp:term":[{"taxonomy":"category","embeddable":true,"href":"https:\/\/sgvaimudar.com.br\/index.php\/wp-json\/wp\/v2\/categories?post=26594"},{"taxonomy":"post_tag","embeddable":true,"href":"https:\/\/sgvaimudar.com.br\/index.php\/wp-json\/wp\/v2\/tags?post=26594"}],"curies":[{"name":"wp","href":"https:\/\/api.w.org\/{rel}","templated":true}]}}