{"id":26590,"date":"2025-06-17T13:00:00","date_gmt":"2025-06-17T16:00:00","guid":{"rendered":"https:\/\/sgvaimudar.com.br\/?p=26590"},"modified":"2025-06-17T10:50:38","modified_gmt":"2025-06-17T13:50:38","slug":"obras-em-alta-trecho-do-muvi-no-bairro-estrela-do-norte-e-pavimentado","status":"publish","type":"post","link":"https:\/\/sgvaimudar.com.br\/index.php\/2025\/06\/17\/obras-em-alta-trecho-do-muvi-no-bairro-estrela-do-norte-e-pavimentado\/","title":{"rendered":"Obras em alta: Trecho do Muvi no bairro Estrela do Norte \u00e9 pavimentado"},"content":{"rendered":"\n<p><em>Obras do corredor vi\u00e1rio seguem em v\u00e1rios pontos da cidade<\/em><\/p>\n\n\n\n<p>Um trecho do projeto Mobilidade Urbana Verde Integrada (Muvi) localizado na Avenida Presidente Kennedy, na altura do bairro Estrela do Norte, foi asfaltado na manh\u00e3 desta segunda-feira (16). <\/p>\n\n\n\n<p>No local, j\u00e1 foram conclu\u00eddas obras de drenagem, novas cal\u00e7adas, ciclovia e meios-fios. O bairro faz parte do trecho 4 do maior projeto de mobilidade urbana j\u00e1 realizado na cidade de S\u00e3o Gon\u00e7alo.<\/p>\n\n\n\n<figure class=\"wp-block-image size-full\"><img fetchpriority=\"high\" decoding=\"async\" width=\"1024\" height=\"683\" src=\"https:\/\/sgvaimudar.com.br\/wp-content\/uploads\/2025\/06\/unnamed-5-6.jpg\" alt=\"\" class=\"wp-image-26592\" srcset=\"https:\/\/sgvaimudar.com.br\/wp-content\/uploads\/2025\/06\/unnamed-5-6.jpg 1024w, https:\/\/sgvaimudar.com.br\/wp-content\/uploads\/2025\/06\/unnamed-5-6-300x200.jpg 300w, https:\/\/sgvaimudar.com.br\/wp-content\/uploads\/2025\/06\/unnamed-5-6-768x512.jpg 768w\" sizes=\"(max-width: 1024px) 100vw, 1024px\" \/><\/figure>\n\n\n\n<p>No momento, os trechos 3, 5 e 6 tamb\u00e9m est\u00e3o em obra. O projeto do MUVI est\u00e1 sendo executado gra\u00e7as a uma parceria entre o Governo do Estado do Rio de Janeiro, atrav\u00e9s da Secretaria das Cidades, e a Prefeitura de S\u00e3o Gon\u00e7alo.<\/p>\n\n\n\n<p>Todos os trechos da obra do Muvi incluem drenagem, para evitar alagamentos pela cidade, pavimenta\u00e7\u00e3o, novas cal\u00e7adas e meios-fios, al\u00e9m de interven\u00e7\u00f5es art\u00edsticas, paisagismo, pistas preferenciais para \u00f4nibus, ciclovia e a instala\u00e7\u00e3o de pontos de \u00f4nibus. O investimento total da obra \u00e9 de R$ 287 milh\u00f5es.<\/p>\n\n\n\n<p>O prefeito Capit\u00e3o Nelson reafirmou a import\u00e2ncia do projeto para a cidade.<\/p>\n\n\n\n<p>&#8220;O Muvi vai ligar o bairro de Neves a Guaxindiba. Ao todo, esse corredor vi\u00e1rio ter\u00e1 18 quil\u00f4metros de extens\u00e3o, com v\u00e1rias interven\u00e7\u00f5es urban\u00edsticas no trajeto. \u00c9 uma verdadeira transforma\u00e7\u00e3o para S\u00e3o Gon\u00e7alo que enxerga uma nova perspectiva. Foram anos de ruas abandonadas, com poucas obras e bairros com alagamento. Com a nossa gest\u00e3o, isso est\u00e1 mudando. No Vila Lage, por exemplo, onde o projeto est\u00e1 praticamente pronto, n\u00e3o vemos mais alagamentos. Isso \u00e9 resultado de muito trabalho!&#8221;, disse o prefeito.<\/p>\n\n\n\n<p>O secret\u00e1rio de Estado das Cidades, Douglas Ruas, tamb\u00e9m destacou como o projeto vem transformando a cidade.<\/p>\n\n\n\n<p>\u201cA obra do Muvi j\u00e1 est\u00e1 mudando a din\u00e2mica urbana de S\u00e3o Gon\u00e7alo, melhorando a fluidez no tr\u00e2nsito e diminuindo o ir e vir do cidad\u00e3o que, desta forma, pode passar mais tempo com a fam\u00edlia e menos tempo no tr\u00e2nsito. Seguimos empenhados trabalhando sob a lideran\u00e7a do governador Cl\u00e1udio Castro e em parceria com o prefeito Capit\u00e3o Nelson para melhorar a vida da popula\u00e7\u00e3o\u201d, disse Ruas.\u00a0<\/p>\n\n\n\n<p><em>Fotos: Fabio Guimar\u00e3e<\/em>s<\/p>\n\n\n\n<p><strong><em>S\u00e3o Gon\u00e7alo vai mudar: Not\u00edcias de S\u00e3o Gon\u00e7alo e toda regi\u00e3o.<\/em><\/strong><\/p>\n","protected":false},"excerpt":{"rendered":"<p>Obras do corredor vi\u00e1rio seguem em v\u00e1rios pontos da cidade Um trecho do projeto Mobilidade Urbana Verde Integrada (Muvi) localizado&hellip;<\/p>\n","protected":false},"author":5,"featured_media":26591,"comment_status":"open","ping_status":"open","sticky":false,"template":"","format":"standard","meta":{"fifu_image_url":"","fifu_image_alt":"","footnotes":""},"categories":[3],"tags":[],"class_list":["post-26590","post","type-post","status-publish","format-standard","has-post-thumbnail","hentry","category-sao-goncalo"],"_links":{"self":[{"href":"https:\/\/sgvaimudar.com.br\/index.php\/wp-json\/wp\/v2\/posts\/26590","targetHints":{"allow":["GET"]}}],"collection":[{"href":"https:\/\/sgvaimudar.com.br\/index.php\/wp-json\/wp\/v2\/posts"}],"about":[{"href":"https:\/\/sgvaimudar.com.br\/index.php\/wp-json\/wp\/v2\/types\/post"}],"author":[{"embeddable":true,"href":"https:\/\/sgvaimudar.com.br\/index.php\/wp-json\/wp\/v2\/users\/5"}],"replies":[{"embeddable":true,"href":"https:\/\/sgvaimudar.com.br\/index.php\/wp-json\/wp\/v2\/comments?post=26590"}],"version-history":[{"count":1,"href":"https:\/\/sgvaimudar.com.br\/index.php\/wp-json\/wp\/v2\/posts\/26590\/revisions"}],"predecessor-version":[{"id":26593,"href":"https:\/\/sgvaimudar.com.br\/index.php\/wp-json\/wp\/v2\/posts\/26590\/revisions\/26593"}],"wp:featuredmedia":[{"embeddable":true,"href":"https:\/\/sgvaimudar.com.br\/index.php\/wp-json\/wp\/v2\/media\/26591"}],"wp:attachment":[{"href":"https:\/\/sgvaimudar.com.br\/index.php\/wp-json\/wp\/v2\/media?parent=26590"}],"wp:term":[{"taxonomy":"category","embeddable":true,"href":"https:\/\/sgvaimudar.com.br\/index.php\/wp-json\/wp\/v2\/categories?post=26590"},{"taxonomy":"post_tag","embeddable":true,"href":"https:\/\/sgvaimudar.com.br\/index.php\/wp-json\/wp\/v2\/tags?post=26590"}],"curies":[{"name":"wp","href":"https:\/\/api.w.org\/{rel}","templated":true}]}}