{"id":26586,"date":"2025-06-17T12:00:00","date_gmt":"2025-06-17T15:00:00","guid":{"rendered":"https:\/\/sgvaimudar.com.br\/?p=26586"},"modified":"2025-06-17T10:45:12","modified_gmt":"2025-06-17T13:45:12","slug":"lei-paulo-gustavo-bandas-de-sao-goncalo-lancam-videoclipes-e-realizam-shows-em-escolas-publicas","status":"publish","type":"post","link":"https:\/\/sgvaimudar.com.br\/index.php\/2025\/06\/17\/lei-paulo-gustavo-bandas-de-sao-goncalo-lancam-videoclipes-e-realizam-shows-em-escolas-publicas\/","title":{"rendered":"Lei Paulo Gustavo: Bandas de S\u00e3o Gon\u00e7alo lan\u00e7am videoclipes e realizam shows em escolas p\u00fablicas"},"content":{"rendered":"\n<p><em>Produ\u00e7\u00f5es v\u00e3o estar dispon\u00edveis nesta ter\u00e7a-feira (17) nos canais do YouTube das bandas<\/em><\/p>\n\n\n\n<p>As bandas gon\u00e7alenses Efeito Neon e So\u00f1adora est\u00e3o entre os destaques do cen\u00e1rio musical independente de S\u00e3o Gon\u00e7alo. Contempladas pelo edital cultural da Lei Paulo Gustavo, sob a gest\u00e3o da Secretaria de Turismo e Cultura da Prefeitura de S\u00e3o Gon\u00e7alo, as duas bandas acabam de lan\u00e7ar videoclipes in\u00e9ditos e iniciaram uma s\u00e9rie de apresenta\u00e7\u00f5es em escolas p\u00fablicas do munic\u00edpio, levando m\u00fasica, arte e representatividade para estudantes.<\/p>\n\n\n\n<p>Todo o conte\u00fado audiovisual foi produzido em S\u00e3o Gon\u00e7alo, valorizando os cen\u00e1rios locais e a cadeia produtiva da cultura da cidade. As grava\u00e7\u00f5es ocorreram em pontos emblem\u00e1ticos como a Praia das Pedrinhas, o P\u00eder da Comunidade do Gato e a tradicional Academia Romildo Alves, reconhecida por seu trabalho social ao longo dos anos.<\/p>\n\n\n\n<figure class=\"wp-block-image size-large\"><img fetchpriority=\"high\" decoding=\"async\" width=\"1024\" height=\"683\" src=\"https:\/\/sgvaimudar.com.br\/wp-content\/uploads\/2025\/06\/unnamed-3-7-1024x683.jpg\" alt=\"\" class=\"wp-image-26588\" srcset=\"https:\/\/sgvaimudar.com.br\/wp-content\/uploads\/2025\/06\/unnamed-3-7-1024x683.jpg 1024w, https:\/\/sgvaimudar.com.br\/wp-content\/uploads\/2025\/06\/unnamed-3-7-300x200.jpg 300w, https:\/\/sgvaimudar.com.br\/wp-content\/uploads\/2025\/06\/unnamed-3-7-768x513.jpg 768w, https:\/\/sgvaimudar.com.br\/wp-content\/uploads\/2025\/06\/unnamed-3-7.jpg 1500w\" sizes=\"(max-width: 1024px) 100vw, 1024px\" \/><\/figure>\n\n\n\n<p>A Efeito Neon aposta em um repert\u00f3rio com mensagens sociais e reflexivas, abordando temas como empatia, respeito e sa\u00fade emocional, com m\u00fasicas como&nbsp;<em>\u201cPreconceito\u201d<\/em>&nbsp;e&nbsp;<em>\u201cDiga N\u00e3o \u00e0s M\u00e1goas\u201d<\/em>. J\u00e1 a banda So\u00f1adora traz can\u00e7\u00f5es que falam sobre amadurecimento emocional e afetivo, como no single&nbsp;<em>\u201cMe Leva\u201d<\/em>.<\/p>\n\n\n\n<p>Os projetos t\u00eam como objetivo n\u00e3o apenas ampliar a visibilidade dos artistas locais, mas tamb\u00e9m fortalecer a cena cultural gon\u00e7alense, envolvendo profissionais de audiovisual, filmagem, fotografia, atua\u00e7\u00e3o e produ\u00e7\u00e3o. As iniciativas ainda promovem a inclus\u00e3o e diversidade, com participa\u00e7\u00e3o de pessoas com defici\u00eancia, idosos, pessoas negras e corpos fora dos padr\u00f5es convencionais, tanto nos videoclipes quanto nas apresenta\u00e7\u00f5es ao vivo.<\/p>\n\n\n\n<p>O m\u00fasico e produtor Jo\u00e3o Raphael Vianna ressalta a import\u00e2ncia dos editais p\u00fablicos para o fortalecimento da cultura local:<\/p>\n\n\n\n<p>\u201cS\u00e3o Gon\u00e7alo tem in\u00fameros artistas de diferentes estilos e segmentos. Precisamos de mais editais culturais, pois eles s\u00e3o fundamentais para levar dignidade ao artista independente e ajudar o munic\u00edpio a retomar seu papel de destaque no cen\u00e1rio art\u00edstico nacional.\u201d<\/p>\n\n\n\n<p>As produ\u00e7\u00f5es v\u00e3o estar dispon\u00edveis no canal das bandas no YouTube:<\/p>\n\n\n\n<p>&#8211;&nbsp;<a href=\"https:\/\/click.cse360.com.br\/Click\/AddCampaignEmailClick\/971302ec-544d-4da0-183c-08dda808f20f\/https%253a%252f%252fwww.youtube.com%252fchannel%252fUCfVhjauT8gh-uWBCFyxdkDg\/ac66966e-2b55-4484-fb2c-08dc491eed5f\/jornalistaws@gmail.com\/False\" rel=\"noreferrer noopener\" target=\"_blank\"><u>https:\/\/www.youtube.com\/channel\/UCfVhjauT8gh-uWBCFyxdkDg<\/u><\/a>&nbsp;<\/p>\n\n\n\n<p>&#8211;<a href=\"https:\/\/click.cse360.com.br\/Click\/AddCampaignEmailClick\/971302ec-544d-4da0-183c-08dda808f20f\/https%253a%252f%252fwww.youtube.com%252f%2540efeitoneon\/ac66966e-2b55-4484-fb2c-08dc491eed5f\/jornalistaws@gmail.com\/False\" rel=\"noreferrer noopener\" target=\"_blank\"><u>https:\/\/www.youtube.com\/@efeitoneon<\/u><\/a>&nbsp;<\/p>\n\n\n\n<p><strong>Servi\u00e7o:<\/strong><\/p>\n\n\n\n<p>Lan\u00e7amento dos videoclipes e apresenta\u00e7\u00e3o musical<\/p>\n\n\n\n<p>Data: 17 de junho de 2025<\/p>\n\n\n\n<p>Hor\u00e1rio: 11h30<\/p>\n\n\n\n<p>Local: Col\u00e9gio Estadual Cl\u00e9lia Nanci \u2013 Bairro Brasil\u00e2ndia, S\u00e3o Gon\u00e7alo \u2013 RJ<\/p>\n\n\n\n<p>Entrada gratuita<\/p>\n\n\n\n<p><em>Foto: Tatiane Moraes<\/em><\/p>\n\n\n\n<p><strong><em>S\u00e3o Gon\u00e7alo vai mudar: Not\u00edcias de S\u00e3o Gon\u00e7alo e toda regi\u00e3o.<\/em><\/strong><\/p>\n\n\n\n<figure class=\"wp-block-image size-large\"><img decoding=\"async\" width=\"1024\" height=\"252\" src=\"https:\/\/sgvaimudar.com.br\/wp-content\/uploads\/2025\/03\/Anuncie-Aqui-Sao-Goncalo-vai-mudar-1024x252.jpg\" alt=\"\" class=\"wp-image-22693\" srcset=\"https:\/\/sgvaimudar.com.br\/wp-content\/uploads\/2025\/03\/Anuncie-Aqui-Sao-Goncalo-vai-mudar-1024x252.jpg 1024w, https:\/\/sgvaimudar.com.br\/wp-content\/uploads\/2025\/03\/Anuncie-Aqui-Sao-Goncalo-vai-mudar-300x74.jpg 300w, https:\/\/sgvaimudar.com.br\/wp-content\/uploads\/2025\/03\/Anuncie-Aqui-Sao-Goncalo-vai-mudar-768x189.jpg 768w, https:\/\/sgvaimudar.com.br\/wp-content\/uploads\/2025\/03\/Anuncie-Aqui-Sao-Goncalo-vai-mudar-1536x378.jpg 1536w, https:\/\/sgvaimudar.com.br\/wp-content\/uploads\/2025\/03\/Anuncie-Aqui-Sao-Goncalo-vai-mudar-2048x504.jpg 2048w\" sizes=\"(max-width: 1024px) 100vw, 1024px\" \/><\/figure>\n","protected":false},"excerpt":{"rendered":"<p>Produ\u00e7\u00f5es v\u00e3o estar dispon\u00edveis nesta ter\u00e7a-feira (17) nos canais do YouTube das bandas As bandas gon\u00e7alenses Efeito Neon e So\u00f1adora&hellip;<\/p>\n","protected":false},"author":5,"featured_media":26587,"comment_status":"open","ping_status":"open","sticky":false,"template":"","format":"standard","meta":{"fifu_image_url":"","fifu_image_alt":"","footnotes":""},"categories":[6],"tags":[],"class_list":["post-26586","post","type-post","status-publish","format-standard","has-post-thumbnail","hentry","category-entretenimento"],"_links":{"self":[{"href":"https:\/\/sgvaimudar.com.br\/index.php\/wp-json\/wp\/v2\/posts\/26586","targetHints":{"allow":["GET"]}}],"collection":[{"href":"https:\/\/sgvaimudar.com.br\/index.php\/wp-json\/wp\/v2\/posts"}],"about":[{"href":"https:\/\/sgvaimudar.com.br\/index.php\/wp-json\/wp\/v2\/types\/post"}],"author":[{"embeddable":true,"href":"https:\/\/sgvaimudar.com.br\/index.php\/wp-json\/wp\/v2\/users\/5"}],"replies":[{"embeddable":true,"href":"https:\/\/sgvaimudar.com.br\/index.php\/wp-json\/wp\/v2\/comments?post=26586"}],"version-history":[{"count":1,"href":"https:\/\/sgvaimudar.com.br\/index.php\/wp-json\/wp\/v2\/posts\/26586\/revisions"}],"predecessor-version":[{"id":26589,"href":"https:\/\/sgvaimudar.com.br\/index.php\/wp-json\/wp\/v2\/posts\/26586\/revisions\/26589"}],"wp:featuredmedia":[{"embeddable":true,"href":"https:\/\/sgvaimudar.com.br\/index.php\/wp-json\/wp\/v2\/media\/26587"}],"wp:attachment":[{"href":"https:\/\/sgvaimudar.com.br\/index.php\/wp-json\/wp\/v2\/media?parent=26586"}],"wp:term":[{"taxonomy":"category","embeddable":true,"href":"https:\/\/sgvaimudar.com.br\/index.php\/wp-json\/wp\/v2\/categories?post=26586"},{"taxonomy":"post_tag","embeddable":true,"href":"https:\/\/sgvaimudar.com.br\/index.php\/wp-json\/wp\/v2\/tags?post=26586"}],"curies":[{"name":"wp","href":"https:\/\/api.w.org\/{rel}","templated":true}]}}