{"id":26574,"date":"2025-06-17T09:50:58","date_gmt":"2025-06-17T12:50:58","guid":{"rendered":"https:\/\/sgvaimudar.com.br\/?p=26574"},"modified":"2025-06-17T09:50:58","modified_gmt":"2025-06-17T12:50:58","slug":"tolerancia-zero-autoridades-goncalenses-fazem-mais-uma-operacao-na-tarde-desta-segunda-16","status":"publish","type":"post","link":"https:\/\/sgvaimudar.com.br\/index.php\/2025\/06\/17\/tolerancia-zero-autoridades-goncalenses-fazem-mais-uma-operacao-na-tarde-desta-segunda-16\/","title":{"rendered":"Toler\u00e2ncia Zero: Autoridades gon\u00e7alenses fazem mais uma Opera\u00e7\u00e3o   na tarde desta segunda 16"},"content":{"rendered":"\n<p><em>A\u00e7\u00f5es contra motos barulhentas v\u00eam acontecendo por toda a cidade\u00a0<\/em><\/p>\n\n\n\n<p>A pedido dos moradores que n\u00e3o aquentam mais as motos barulhentas, na tarde desta segunda-feira (16), 227 motos foram abordadas em mais uma Opera\u00e7\u00e3o Toler\u00e2ncia Zero, realizada pela Secretaria de Meio Ambiente e Transportes da Prefeitura de S\u00e3o Gon\u00e7alo, na Estrada da Covanca e Avenida Paula Lemos.<\/p>\n\n\n\n<p>As a\u00e7\u00f5es de fiscaliza\u00e7\u00e3o buscam combater diretamente a polui\u00e7\u00e3o sonora causada por motos com escapamentos irregulares. Nesta a\u00e7\u00e3o, foram realizados nove testes, com oito motos removidas: sete reprovadas no decibel\u00edmetro e uma sem placa. A a\u00e7\u00e3o contou com agentes do programa Seguran\u00e7a Presente, do 7\u00ba Batalh\u00e3o da Pol\u00edcia Militar e da Guarda Municipal.<\/p>\n\n\n\n<figure class=\"wp-block-image size-large\"><img fetchpriority=\"high\" decoding=\"async\" width=\"1024\" height=\"706\" src=\"https:\/\/sgvaimudar.com.br\/wp-content\/uploads\/2025\/06\/unnamed-1-9-1024x706.jpg\" alt=\"\" class=\"wp-image-26575\" srcset=\"https:\/\/sgvaimudar.com.br\/wp-content\/uploads\/2025\/06\/unnamed-1-9-1024x706.jpg 1024w, https:\/\/sgvaimudar.com.br\/wp-content\/uploads\/2025\/06\/unnamed-1-9-300x207.jpg 300w, https:\/\/sgvaimudar.com.br\/wp-content\/uploads\/2025\/06\/unnamed-1-9-768x530.jpg 768w, https:\/\/sgvaimudar.com.br\/wp-content\/uploads\/2025\/06\/unnamed-1-9.jpg 1299w\" sizes=\"(max-width: 1024px) 100vw, 1024px\" \/><\/figure>\n\n\n\n<p>\u201cSeguimos fazendo opera\u00e7\u00f5es toda semana, por toda a cidade, para trazer mais ordem no nosso munic\u00edpio. N\u00e3o iremos admitir motocicletas barulhentas. Nosso prop\u00f3sito \u00e9 fornecer o melhor para a popula\u00e7\u00e3o\u201d, afirmou o secret\u00e1rio de Meio Ambiente e Transportes, Fabio Lemos.<\/p>\n\n\n\n<p>O objetivo da opera\u00e7\u00e3o \u00e9 intensificar as fiscaliza\u00e7\u00f5es e coibir pr\u00e1ticas que causam polui\u00e7\u00e3o sonora e perturba\u00e7\u00e3o. Durante a fiscaliza\u00e7\u00e3o, os agentes utilizam um decibel\u00edmetro, aparelho que mede a intensidade sonora em decib\u00e9is para identificar escapamentos fora dos padr\u00f5es permitidos.<\/p>\n\n\n\n<p><strong><em>Fa\u00e7a sua den\u00fancia pelo nosso WhatsApp: (21) <\/em><\/strong><strong><em>99744 5345<\/em><\/strong><strong><em><\/em><\/strong><\/p>\n\n\n\n<p><strong><em>S\u00e3o Gon\u00e7alo vai mudar: Not\u00edcias de S\u00e3o Gon\u00e7alo e toda regi\u00e3o.<\/em><\/strong><\/p>\n\n\n\n<figure class=\"wp-block-image size-large\"><img decoding=\"async\" width=\"1024\" height=\"252\" src=\"https:\/\/sgvaimudar.com.br\/wp-content\/uploads\/2025\/03\/Anuncie-Aqui-Sao-Goncalo-vai-mudar-1024x252.jpg\" alt=\"\" class=\"wp-image-22693\" srcset=\"https:\/\/sgvaimudar.com.br\/wp-content\/uploads\/2025\/03\/Anuncie-Aqui-Sao-Goncalo-vai-mudar-1024x252.jpg 1024w, https:\/\/sgvaimudar.com.br\/wp-content\/uploads\/2025\/03\/Anuncie-Aqui-Sao-Goncalo-vai-mudar-300x74.jpg 300w, https:\/\/sgvaimudar.com.br\/wp-content\/uploads\/2025\/03\/Anuncie-Aqui-Sao-Goncalo-vai-mudar-768x189.jpg 768w, https:\/\/sgvaimudar.com.br\/wp-content\/uploads\/2025\/03\/Anuncie-Aqui-Sao-Goncalo-vai-mudar-1536x378.jpg 1536w, https:\/\/sgvaimudar.com.br\/wp-content\/uploads\/2025\/03\/Anuncie-Aqui-Sao-Goncalo-vai-mudar-2048x504.jpg 2048w\" sizes=\"(max-width: 1024px) 100vw, 1024px\" \/><\/figure>\n","protected":false},"excerpt":{"rendered":"<p>A\u00e7\u00f5es contra motos barulhentas v\u00eam acontecendo por toda a cidade\u00a0 A pedido dos moradores que n\u00e3o aquentam mais as motos&hellip;<\/p>\n","protected":false},"author":5,"featured_media":26576,"comment_status":"open","ping_status":"open","sticky":false,"template":"","format":"standard","meta":{"fifu_image_url":"","fifu_image_alt":"","footnotes":""},"categories":[32],"tags":[],"class_list":["post-26574","post","type-post","status-publish","format-standard","has-post-thumbnail","hentry","category-casos-de-policia"],"_links":{"self":[{"href":"https:\/\/sgvaimudar.com.br\/index.php\/wp-json\/wp\/v2\/posts\/26574","targetHints":{"allow":["GET"]}}],"collection":[{"href":"https:\/\/sgvaimudar.com.br\/index.php\/wp-json\/wp\/v2\/posts"}],"about":[{"href":"https:\/\/sgvaimudar.com.br\/index.php\/wp-json\/wp\/v2\/types\/post"}],"author":[{"embeddable":true,"href":"https:\/\/sgvaimudar.com.br\/index.php\/wp-json\/wp\/v2\/users\/5"}],"replies":[{"embeddable":true,"href":"https:\/\/sgvaimudar.com.br\/index.php\/wp-json\/wp\/v2\/comments?post=26574"}],"version-history":[{"count":1,"href":"https:\/\/sgvaimudar.com.br\/index.php\/wp-json\/wp\/v2\/posts\/26574\/revisions"}],"predecessor-version":[{"id":26577,"href":"https:\/\/sgvaimudar.com.br\/index.php\/wp-json\/wp\/v2\/posts\/26574\/revisions\/26577"}],"wp:featuredmedia":[{"embeddable":true,"href":"https:\/\/sgvaimudar.com.br\/index.php\/wp-json\/wp\/v2\/media\/26576"}],"wp:attachment":[{"href":"https:\/\/sgvaimudar.com.br\/index.php\/wp-json\/wp\/v2\/media?parent=26574"}],"wp:term":[{"taxonomy":"category","embeddable":true,"href":"https:\/\/sgvaimudar.com.br\/index.php\/wp-json\/wp\/v2\/categories?post=26574"},{"taxonomy":"post_tag","embeddable":true,"href":"https:\/\/sgvaimudar.com.br\/index.php\/wp-json\/wp\/v2\/tags?post=26574"}],"curies":[{"name":"wp","href":"https:\/\/api.w.org\/{rel}","templated":true}]}}