{"id":26571,"date":"2025-06-17T09:43:26","date_gmt":"2025-06-17T12:43:26","guid":{"rendered":"https:\/\/sgvaimudar.com.br\/?p=26571"},"modified":"2025-06-17T09:43:27","modified_gmt":"2025-06-17T12:43:27","slug":"flamengo-inicia-supermundial-de-clubes-com-vitoria-sobre-o-esperance","status":"publish","type":"post","link":"https:\/\/sgvaimudar.com.br\/index.php\/2025\/06\/17\/flamengo-inicia-supermundial-de-clubes-com-vitoria-sobre-o-esperance\/","title":{"rendered":"Flamengo inicia Supermundial de Clubes com vit\u00f3ria sobre o Esp\u00e9rance"},"content":{"rendered":"\n<p><em>Com gols de Arrascaeta e Luiz Ara\u00fajo, Rubro-Negro triunfa por 2 a 0<\/em><\/p>\n\n\n\n<p>O Flamengo iniciou sua participa\u00e7\u00e3o no Supermundial de Clubes da Fifa com uma vit\u00f3ria de 2 a 0 sobre o Esp\u00e9rance (Tun\u00edsia), na noite desta segunda-feira (16) no Lincoln Financial Field, na Filad\u00e9lfia (Estados Unidos).<\/p>\n\n\n\n<p>Ap\u00f3s esta vit\u00f3ria, o Rubro-Negro da G\u00e1vea \u00e9 o l\u00edder do Grupo D da competi\u00e7\u00e3o com os mesmos tr\u00eas pontos do Chelsea (Inglaterra), que, tamb\u00e9m nesta ter\u00e7a, superou o Los Angeles FC (Estados Unidos) pelo placar de 2 a 0.<\/p>\n\n\n\n<p>Diante de um advers\u00e1rio inferior tecnicamente, a equipe comandada pelo t\u00e9cnico Filipe Lu\u00eds come\u00e7ou a construir sua vit\u00f3ria antes do intervalo. Logo aos 16 minutos o lateral Varela cruzou para Luiz Ara\u00fajo, que escorou para o meio da \u00e1rea, onde o uruguaio Arrascaeta bateu de primeira para superar o goleiro Ben Said.<\/p>\n\n\n\n<p>Com a vantagem o Rubro-Negro diminuiu a sua rota\u00e7\u00e3o e passou a controlar as a\u00e7\u00f5es mantendo a posse de bola. Ap\u00f3s o intervalo o Flamengo voltou a se arriscar mais no ataque, e conseguiu ampliar aos 24 minutos, quando o estreante Jorginho tocou para Luiz Ara\u00fajo, que bateu um bonito chute de curva.<\/p>\n\n\n\n<p>O time da G\u00e1vea volta a entrar em a\u00e7\u00e3o pela competi\u00e7\u00e3o na pr\u00f3xima sexta-feira (20), quando enfrenta o Chelsea a partir das 15h (hor\u00e1rio de Bras\u00edlia).<\/p>\n\n\n\n<p>O primeiro brasileiro a entrar em a\u00e7\u00e3o pela competi\u00e7\u00e3o foi o Palmeiras, que, mesmo com uma boa atua\u00e7\u00e3o, n\u00e3o conseguiu sair do empate sem gols com o Porto (Portugal) em partida disputada no \u00faltimo domingo (15) no MetLife Stadium, em Nova J\u00e9rsei.<\/p>\n\n\n\n<p>Com isto o Verd\u00e3o est\u00e1 empatado em pontos com todos os outros componentes de sua chave, que tamb\u00e9m conta com a participa\u00e7\u00e3o do time portugu\u00eas, do Inter Miami (Estados Unidos) e do Al Ahly (Egito), o pr\u00f3ximo advers\u00e1rio na competi\u00e7\u00e3o do time comandado pelo t\u00e9cnico portugu\u00eas Abel Ferreira.<\/p>\n\n\n\n<p><strong><em>S\u00e3o Gon\u00e7alo vai mudar: Not\u00edcias de S\u00e3o Gon\u00e7alo e toda regi\u00e3o.<\/em><\/strong><\/p>\n\n\n\n<figure class=\"wp-block-image size-large\"><img fetchpriority=\"high\" decoding=\"async\" width=\"1024\" height=\"252\" src=\"https:\/\/sgvaimudar.com.br\/wp-content\/uploads\/2025\/03\/Anuncie-Aqui-Sao-Goncalo-vai-mudar-1024x252.jpg\" alt=\"\" class=\"wp-image-22693\" srcset=\"https:\/\/sgvaimudar.com.br\/wp-content\/uploads\/2025\/03\/Anuncie-Aqui-Sao-Goncalo-vai-mudar-1024x252.jpg 1024w, https:\/\/sgvaimudar.com.br\/wp-content\/uploads\/2025\/03\/Anuncie-Aqui-Sao-Goncalo-vai-mudar-300x74.jpg 300w, https:\/\/sgvaimudar.com.br\/wp-content\/uploads\/2025\/03\/Anuncie-Aqui-Sao-Goncalo-vai-mudar-768x189.jpg 768w, https:\/\/sgvaimudar.com.br\/wp-content\/uploads\/2025\/03\/Anuncie-Aqui-Sao-Goncalo-vai-mudar-1536x378.jpg 1536w, https:\/\/sgvaimudar.com.br\/wp-content\/uploads\/2025\/03\/Anuncie-Aqui-Sao-Goncalo-vai-mudar-2048x504.jpg 2048w\" sizes=\"(max-width: 1024px) 100vw, 1024px\" \/><\/figure>\n\n\n\n<figure class=\"wp-block-image\"><img decoding=\"async\" src=\"https:\/\/agenciabrasil.ebc.com.br\/ebc.png?id=1647234&amp;o=node\" alt=\"\" \/><\/figure>\n\n\n\n<figure class=\"wp-block-image\"><img decoding=\"async\" src=\"https:\/\/agenciabrasil.ebc.com.br\/ebc.gif?id=1647234&amp;o=node\" alt=\"\" \/><\/figure>\n","protected":false},"excerpt":{"rendered":"<p>Com gols de Arrascaeta e Luiz Ara\u00fajo, Rubro-Negro triunfa por 2 a 0 O Flamengo iniciou sua participa\u00e7\u00e3o no Supermundial&hellip;<\/p>\n","protected":false},"author":5,"featured_media":26572,"comment_status":"open","ping_status":"open","sticky":false,"template":"","format":"standard","meta":{"fifu_image_url":"","fifu_image_alt":"","footnotes":""},"categories":[5],"tags":[],"class_list":["post-26571","post","type-post","status-publish","format-standard","has-post-thumbnail","hentry","category-esportes"],"_links":{"self":[{"href":"https:\/\/sgvaimudar.com.br\/index.php\/wp-json\/wp\/v2\/posts\/26571","targetHints":{"allow":["GET"]}}],"collection":[{"href":"https:\/\/sgvaimudar.com.br\/index.php\/wp-json\/wp\/v2\/posts"}],"about":[{"href":"https:\/\/sgvaimudar.com.br\/index.php\/wp-json\/wp\/v2\/types\/post"}],"author":[{"embeddable":true,"href":"https:\/\/sgvaimudar.com.br\/index.php\/wp-json\/wp\/v2\/users\/5"}],"replies":[{"embeddable":true,"href":"https:\/\/sgvaimudar.com.br\/index.php\/wp-json\/wp\/v2\/comments?post=26571"}],"version-history":[{"count":1,"href":"https:\/\/sgvaimudar.com.br\/index.php\/wp-json\/wp\/v2\/posts\/26571\/revisions"}],"predecessor-version":[{"id":26573,"href":"https:\/\/sgvaimudar.com.br\/index.php\/wp-json\/wp\/v2\/posts\/26571\/revisions\/26573"}],"wp:featuredmedia":[{"embeddable":true,"href":"https:\/\/sgvaimudar.com.br\/index.php\/wp-json\/wp\/v2\/media\/26572"}],"wp:attachment":[{"href":"https:\/\/sgvaimudar.com.br\/index.php\/wp-json\/wp\/v2\/media?parent=26571"}],"wp:term":[{"taxonomy":"category","embeddable":true,"href":"https:\/\/sgvaimudar.com.br\/index.php\/wp-json\/wp\/v2\/categories?post=26571"},{"taxonomy":"post_tag","embeddable":true,"href":"https:\/\/sgvaimudar.com.br\/index.php\/wp-json\/wp\/v2\/tags?post=26571"}],"curies":[{"name":"wp","href":"https:\/\/api.w.org\/{rel}","templated":true}]}}