{"id":26558,"date":"2025-06-16T15:00:00","date_gmt":"2025-06-16T18:00:00","guid":{"rendered":"https:\/\/sgvaimudar.com.br\/?p=26558"},"modified":"2025-06-16T10:06:21","modified_gmt":"2025-06-16T13:06:21","slug":"centro-materno-do-hospital-conde-modesto-leal-recebe-visita-do-secretario-executivo-de-marica","status":"publish","type":"post","link":"https:\/\/sgvaimudar.com.br\/index.php\/2025\/06\/16\/centro-materno-do-hospital-conde-modesto-leal-recebe-visita-do-secretario-executivo-de-marica\/","title":{"rendered":"Centro Materno do Hospital Conde Modesto Leal recebe visita do secret\u00e1rio Executivo de Maric\u00e1"},"content":{"rendered":"\n<p><em>Espa\u00e7o infantil passa por reformula\u00e7\u00f5es estruturantes para aprimorar o atendimento \u00e0s gestantes<br><\/em><br>O Centro Materno Dr. Alberto Luiz Machado Borges (Dr. Albertinho), no Hospital Municipal Conde Modesto Leal, no Centro, recebeu, na \u00faltima sexta-feira (13), a visita do secret\u00e1rio Executivo de Governo, Arlen Pereira.<\/p>\n\n\n\n<p>O objetivo da visita, acompanhada pela chefe de Gabinete, Dayrlene Costa, foi conhecer as reformula\u00e7\u00f5es realizadas na unidade para otimizar os atendimentos de urg\u00eancia e emerg\u00eancia, incluindo o centro materno. O hospital, refer\u00eancia em assist\u00eancia de Urg\u00eancia e Emerg\u00eancia 24 horas no munic\u00edpio, passa por um processo de reestrutura\u00e7\u00e3o f\u00edsica e administrativa.<\/p>\n\n\n\n<p>Entre as melhorias no espa\u00e7o, est\u00e3o: amplia\u00e7\u00e3o da emerg\u00eancia; expans\u00e3o da sala de medica\u00e7\u00e3o, que passar\u00e1 de 7 para 17 poltronas; abertura de um novo consult\u00f3rio m\u00e9dico; e a amplia\u00e7\u00e3o da recep\u00e7\u00e3o e da \u00e1rea de espera. Al\u00e9m disso, a atual Unidade de Pacientes Graves (EPG) ser\u00e1 transformada em um Centro de Terapia Intensivo (CTI) completo, elevando o padr\u00e3o de cuidado intensivo no local, e o setor de psiquiatria ser\u00e1 totalmente reformado, com previs\u00e3o de entrega para o segundo semestre.<\/p>\n\n\n\n<p>Durante a vistoria, o secret\u00e1rio Executivo de Governo, Arlen Pereira, conheceu a din\u00e2mica e os procedimentos internos adotados na unidade, uma vez que o munic\u00edpio ampliar\u00e1 os servi\u00e7os de maternidade que funcionar\u00e3o tamb\u00e9m no Hospital Municipal Dr. Ernesto Che Guevara, em S\u00e3o Jos\u00e9 do Imbassa\u00ed.<\/p>\n\n\n\n<p>\u201cIremos ampliar a maternidade e j\u00e1 temos planos para que seja dentro do complexo do Hospital Municipal Dr. Ernesto Che Guevara. \u00c9 necess\u00e1rio conversar com os profissionais que est\u00e3o na ponta. Ent\u00e3o, \u00e9 acompanhar como est\u00e1 a situa\u00e7\u00e3o e planejar o futuro\u201d, afirmou Arlen.<\/p>\n\n\n\n<p>A visita incluiu a sala de pr\u00e9 e p\u00f3s-parto, unidade intermedi\u00e1ria de interna\u00e7\u00e3o neonatal e sala de procedimentos. \u201c\u00c9 importante as autoridades observarem as nossas demandas de perto. Eles virem aqui para falar com as gestantes \u00e9 extremamente importante porque conseguem visualizar e projetar as solu\u00e7\u00f5es futuras\u201d, disse o diretor t\u00e9cnico do hospital Conde Modesto Leal, Thiago Sugimoto.<\/p>\n\n\n\n<p>O subsecret\u00e1rio de Urg\u00eancia e Emerg\u00eancia de Maric\u00e1, Ram\u00f3n Lorenzo, disse que o Centro Materno representa um avan\u00e7o fundamental para garantir um atendimento mais humanizado e seguro \u00e0s gestantes e rec\u00e9m-nascidos. \u201cEstamos investindo em estrutura, capacita\u00e7\u00e3o das equipes e protocolos de excel\u00eancia. \u00c9 uma conquista que refor\u00e7a nosso compromisso com a vida desde o primeiro momento.\u201d<\/p>\n\n\n\n<p><strong>Sobre o Hospital Conde Modesto Leal<br><\/strong><\/p>\n\n\n\n<p>O Hospital Municipal Conde Modesto Leal \u00e9 a principal unidade da rede de Urg\u00eancia e Emerg\u00eancia do munic\u00edpio, atendendo o p\u00fablico por demanda espont\u00e2nea (livre procura) e funcionando 24 horas, com mais de 200 mil atendimentos realizados somente no ano passado, o que refor\u00e7a a sua import\u00e2ncia para salvar vidas e promover o bem-estar da popula\u00e7\u00e3o.<\/p>\n\n\n\n<p>Um dos destaques da unidade hospitalar \u00e9 o Centro Pedi\u00e1trico Dr. An\u00edsio Rangel Filho, inaugurado em dezembro de 2022, que oferece um espa\u00e7o ampliado e qualificado para o atendimento infantil, com humaniza\u00e7\u00e3o e estrutura completa. No local, quatro consult\u00f3rios, sala de medica\u00e7\u00e3o, lact\u00e1rio, \u00e1rea para atividades l\u00fadicas, dez leitos pedi\u00e1tricos, dois de isolamento e tr\u00eas voltados ao trauma \u2014 onde s\u00e3o estabilizados os pacientes mais graves.<\/p>\n\n\n\n<p>O Centro Materno Dr. Alberto Luiz Machado Borges (Dr. Albertinho), unidade refer\u00eancia em maternidade no munic\u00edpio, foi reestruturado e entregue em dezembro de 2023, disponibilizando assist\u00eancia de qualidade \u00e0s gestantes, pu\u00e9rperas e rec\u00e9m-nascidos. O setor possui espa\u00e7o de pr\u00e9-parto, parto e p\u00f3s-parto (PPP), dois consult\u00f3rios, alojamento, acompanhamento neonatal, unidade intermedi\u00e1ria de interna\u00e7\u00e3o neonatal, posto de enfermagem, assim como salas de classifica\u00e7\u00e3o de risco, medica\u00e7\u00e3o, espera e acolhimento.<\/p>\n\n\n\n<p><strong><em>S\u00e3o Gon\u00e7alo vai mudar: Not\u00edcias de S\u00e3o Gon\u00e7alo e toda regi\u00e3o.<\/em><\/strong><\/p>\n\n\n\n<figure class=\"wp-block-image size-large\"><img fetchpriority=\"high\" decoding=\"async\" width=\"1024\" height=\"252\" src=\"https:\/\/sgvaimudar.com.br\/wp-content\/uploads\/2025\/03\/Anuncie-Aqui-Sao-Goncalo-vai-mudar-1024x252.jpg\" alt=\"\" class=\"wp-image-22693\" srcset=\"https:\/\/sgvaimudar.com.br\/wp-content\/uploads\/2025\/03\/Anuncie-Aqui-Sao-Goncalo-vai-mudar-1024x252.jpg 1024w, https:\/\/sgvaimudar.com.br\/wp-content\/uploads\/2025\/03\/Anuncie-Aqui-Sao-Goncalo-vai-mudar-300x74.jpg 300w, https:\/\/sgvaimudar.com.br\/wp-content\/uploads\/2025\/03\/Anuncie-Aqui-Sao-Goncalo-vai-mudar-768x189.jpg 768w, https:\/\/sgvaimudar.com.br\/wp-content\/uploads\/2025\/03\/Anuncie-Aqui-Sao-Goncalo-vai-mudar-1536x378.jpg 1536w, https:\/\/sgvaimudar.com.br\/wp-content\/uploads\/2025\/03\/Anuncie-Aqui-Sao-Goncalo-vai-mudar-2048x504.jpg 2048w\" sizes=\"(max-width: 1024px) 100vw, 1024px\" \/><\/figure>\n","protected":false},"excerpt":{"rendered":"<p>Espa\u00e7o infantil passa por reformula\u00e7\u00f5es estruturantes para aprimorar o atendimento \u00e0s gestantesO Centro Materno Dr. Alberto Luiz Machado Borges (Dr.&hellip;<\/p>\n","protected":false},"author":5,"featured_media":26559,"comment_status":"open","ping_status":"open","sticky":false,"template":"","format":"standard","meta":{"fifu_image_url":"","fifu_image_alt":"","footnotes":""},"categories":[7],"tags":[],"class_list":["post-26558","post","type-post","status-publish","format-standard","has-post-thumbnail","hentry","category-saude"],"_links":{"self":[{"href":"https:\/\/sgvaimudar.com.br\/index.php\/wp-json\/wp\/v2\/posts\/26558","targetHints":{"allow":["GET"]}}],"collection":[{"href":"https:\/\/sgvaimudar.com.br\/index.php\/wp-json\/wp\/v2\/posts"}],"about":[{"href":"https:\/\/sgvaimudar.com.br\/index.php\/wp-json\/wp\/v2\/types\/post"}],"author":[{"embeddable":true,"href":"https:\/\/sgvaimudar.com.br\/index.php\/wp-json\/wp\/v2\/users\/5"}],"replies":[{"embeddable":true,"href":"https:\/\/sgvaimudar.com.br\/index.php\/wp-json\/wp\/v2\/comments?post=26558"}],"version-history":[{"count":1,"href":"https:\/\/sgvaimudar.com.br\/index.php\/wp-json\/wp\/v2\/posts\/26558\/revisions"}],"predecessor-version":[{"id":26560,"href":"https:\/\/sgvaimudar.com.br\/index.php\/wp-json\/wp\/v2\/posts\/26558\/revisions\/26560"}],"wp:featuredmedia":[{"embeddable":true,"href":"https:\/\/sgvaimudar.com.br\/index.php\/wp-json\/wp\/v2\/media\/26559"}],"wp:attachment":[{"href":"https:\/\/sgvaimudar.com.br\/index.php\/wp-json\/wp\/v2\/media?parent=26558"}],"wp:term":[{"taxonomy":"category","embeddable":true,"href":"https:\/\/sgvaimudar.com.br\/index.php\/wp-json\/wp\/v2\/categories?post=26558"},{"taxonomy":"post_tag","embeddable":true,"href":"https:\/\/sgvaimudar.com.br\/index.php\/wp-json\/wp\/v2\/tags?post=26558"}],"curies":[{"name":"wp","href":"https:\/\/api.w.org\/{rel}","templated":true}]}}