{"id":26550,"date":"2025-06-16T13:00:00","date_gmt":"2025-06-16T16:00:00","guid":{"rendered":"https:\/\/sgvaimudar.com.br\/?p=26550"},"modified":"2025-06-16T09:29:03","modified_gmt":"2025-06-16T12:29:03","slug":"prefeitura-de-itaborai-transfere-arvores-da-avenida-22-de-maio-para-o-horto-municipal","status":"publish","type":"post","link":"https:\/\/sgvaimudar.com.br\/index.php\/2025\/06\/16\/prefeitura-de-itaborai-transfere-arvores-da-avenida-22-de-maio-para-o-horto-municipal\/","title":{"rendered":"Prefeitura de Itabora\u00ed transfere \u00e1rvores da Avenida 22 de Maio para o Horto Municipal"},"content":{"rendered":"\n<p><em>As esp\u00e9cies retiradas foram de Ip\u00ea Mirim, Ex\u00f3ria e Palmeiras<\/em><\/p>\n\n\n\n<p>Como parte do compromisso com a preserva\u00e7\u00e3o ambiental e o desenvolvimento sustent\u00e1vel, a Prefeitura de Itabora\u00ed realizou a transfer\u00eancia das \u00e1rvores localizadas no canteiro central da Avenida 22 de Maio. A a\u00e7\u00e3o, conduzida pela Secretaria Municipal de Agricultura (Semagri), acompanha o avan\u00e7o das obras de revitaliza\u00e7\u00e3o, reurbaniza\u00e7\u00e3o e moderniza\u00e7\u00e3o da principal via da cidade.<\/p>\n\n\n\n<p>As esp\u00e9cies retiradas de Ip\u00ea Mirim, Ex\u00f3ria e Palmeiras, est\u00e3o sendo cuidadosamente transplantadas para o Horto Municipal de Itabora\u00ed, localizado no bairro Caluge. O local \u00e9 preparado para receber e preservar a vegeta\u00e7\u00e3o, garantindo que as \u00e1rvores sigam crescendo em um ambiente adequado e protegido.<\/p>\n\n\n\n<p>De acordo com o secret\u00e1rio municipal de Agricultura, Ab\u00edlio Pereira, a medida reafirma o compromisso da gest\u00e3o com o cuidado ao meio ambiente, mesmo diante do progresso urbano.<\/p>\n\n\n\n<p>\u201cA Prefeitura de Itabora\u00ed est\u00e1 empenhada em promover o desenvolvimento com responsabilidade ambiental. Essas \u00e1rvores n\u00e3o est\u00e3o sendo simplesmente retiradas. Estamos fazendo o replantio no Horto Municipal, onde continuar\u00e3o recebendo os cuidados necess\u00e1rios. \u00c9 uma a\u00e7\u00e3o que une moderniza\u00e7\u00e3o urbana e respeito \u00e0 natureza\u201d, afirmou o secret\u00e1rio.<\/p>\n\n\n\n<p>&#8220;A Prefeitura acompanha de perto todas as etapas das obras na Avenida 22 de Maio, buscando sempre aliar melhorias na infraestrutura da cidade com a preserva\u00e7\u00e3o dos recursos naturais e a qualidade de vida da popula\u00e7\u00e3o&#8221;, disse o Executivo no texto.<\/p>\n\n\n\n<p><strong><em>S\u00e3o Gon\u00e7alo vai mudar: Not\u00edcias de S\u00e3o Gon\u00e7alo e toda regi\u00e3o.<\/em><\/strong><\/p>\n\n\n\n<figure class=\"wp-block-image size-large\"><img fetchpriority=\"high\" decoding=\"async\" width=\"1024\" height=\"252\" src=\"https:\/\/sgvaimudar.com.br\/wp-content\/uploads\/2025\/03\/Anuncie-Aqui-Sao-Goncalo-vai-mudar-1024x252.jpg\" alt=\"\" class=\"wp-image-22693\" srcset=\"https:\/\/sgvaimudar.com.br\/wp-content\/uploads\/2025\/03\/Anuncie-Aqui-Sao-Goncalo-vai-mudar-1024x252.jpg 1024w, https:\/\/sgvaimudar.com.br\/wp-content\/uploads\/2025\/03\/Anuncie-Aqui-Sao-Goncalo-vai-mudar-300x74.jpg 300w, https:\/\/sgvaimudar.com.br\/wp-content\/uploads\/2025\/03\/Anuncie-Aqui-Sao-Goncalo-vai-mudar-768x189.jpg 768w, https:\/\/sgvaimudar.com.br\/wp-content\/uploads\/2025\/03\/Anuncie-Aqui-Sao-Goncalo-vai-mudar-1536x378.jpg 1536w, https:\/\/sgvaimudar.com.br\/wp-content\/uploads\/2025\/03\/Anuncie-Aqui-Sao-Goncalo-vai-mudar-2048x504.jpg 2048w\" sizes=\"(max-width: 1024px) 100vw, 1024px\" \/><\/figure>\n","protected":false},"excerpt":{"rendered":"<p>As esp\u00e9cies retiradas foram de Ip\u00ea Mirim, Ex\u00f3ria e Palmeiras Como parte do compromisso com a preserva\u00e7\u00e3o ambiental e o&hellip;<\/p>\n","protected":false},"author":5,"featured_media":26551,"comment_status":"open","ping_status":"open","sticky":false,"template":"","format":"standard","meta":{"fifu_image_url":"","fifu_image_alt":"","footnotes":""},"categories":[36],"tags":[],"class_list":["post-26550","post","type-post","status-publish","format-standard","has-post-thumbnail","hentry","category-bem-estar"],"_links":{"self":[{"href":"https:\/\/sgvaimudar.com.br\/index.php\/wp-json\/wp\/v2\/posts\/26550","targetHints":{"allow":["GET"]}}],"collection":[{"href":"https:\/\/sgvaimudar.com.br\/index.php\/wp-json\/wp\/v2\/posts"}],"about":[{"href":"https:\/\/sgvaimudar.com.br\/index.php\/wp-json\/wp\/v2\/types\/post"}],"author":[{"embeddable":true,"href":"https:\/\/sgvaimudar.com.br\/index.php\/wp-json\/wp\/v2\/users\/5"}],"replies":[{"embeddable":true,"href":"https:\/\/sgvaimudar.com.br\/index.php\/wp-json\/wp\/v2\/comments?post=26550"}],"version-history":[{"count":1,"href":"https:\/\/sgvaimudar.com.br\/index.php\/wp-json\/wp\/v2\/posts\/26550\/revisions"}],"predecessor-version":[{"id":26552,"href":"https:\/\/sgvaimudar.com.br\/index.php\/wp-json\/wp\/v2\/posts\/26550\/revisions\/26552"}],"wp:featuredmedia":[{"embeddable":true,"href":"https:\/\/sgvaimudar.com.br\/index.php\/wp-json\/wp\/v2\/media\/26551"}],"wp:attachment":[{"href":"https:\/\/sgvaimudar.com.br\/index.php\/wp-json\/wp\/v2\/media?parent=26550"}],"wp:term":[{"taxonomy":"category","embeddable":true,"href":"https:\/\/sgvaimudar.com.br\/index.php\/wp-json\/wp\/v2\/categories?post=26550"},{"taxonomy":"post_tag","embeddable":true,"href":"https:\/\/sgvaimudar.com.br\/index.php\/wp-json\/wp\/v2\/tags?post=26550"}],"curies":[{"name":"wp","href":"https:\/\/api.w.org\/{rel}","templated":true}]}}