{"id":26537,"date":"2025-06-16T11:00:00","date_gmt":"2025-06-16T14:00:00","guid":{"rendered":"https:\/\/sgvaimudar.com.br\/?p=26537"},"modified":"2025-06-16T08:39:08","modified_gmt":"2025-06-16T11:39:08","slug":"prefeitura-forma-a-primeira-turma-dos-nucleos-comunitarios-de-protecao-e-defesa-civil-nupdecs","status":"publish","type":"post","link":"https:\/\/sgvaimudar.com.br\/index.php\/2025\/06\/16\/prefeitura-forma-a-primeira-turma-dos-nucleos-comunitarios-de-protecao-e-defesa-civil-nupdecs\/","title":{"rendered":"Prefeitura forma a primeira turma dos N\u00facleos Comunit\u00e1rios de Prote\u00e7\u00e3o e Defesa Civil (NUPDECs)"},"content":{"rendered":"\n<p><em>Moradores de \u00e1reas vulner\u00e1veis participaram de dois s\u00e1bados de capacita\u00e7\u00e3o sobre preven\u00e7\u00e3o de riscos, primeiros socorros e educa\u00e7\u00e3o ambiental<\/em><\/p>\n\n\n\n<p>A Defesa Civil de S\u00e3o Gon\u00e7alo concluiu, neste s\u00e1bado (14), o segundo e \u00faltimo dia de aulas do curso de capacita\u00e7\u00e3o dos N\u00facleos Comunit\u00e1rios de Prote\u00e7\u00e3o e Defesa Civil (NUPDECs). <\/p>\n\n\n\n<p>O encontro marcou a forma\u00e7\u00e3o da primeira turma do munic\u00edpio. Ao todo, os participantes completaram 10 horas de aulas ao longo de dois s\u00e1bados e receberam certificados de participa\u00e7\u00e3o.<\/p>\n\n\n\n<figure class=\"wp-block-image size-large\"><img fetchpriority=\"high\" decoding=\"async\" width=\"1024\" height=\"768\" src=\"https:\/\/sgvaimudar.com.br\/wp-content\/uploads\/2025\/06\/unnamed-1-8-1024x768.jpg\" alt=\"\" class=\"wp-image-26539\" srcset=\"https:\/\/sgvaimudar.com.br\/wp-content\/uploads\/2025\/06\/unnamed-1-8-1024x768.jpg 1024w, https:\/\/sgvaimudar.com.br\/wp-content\/uploads\/2025\/06\/unnamed-1-8-300x225.jpg 300w, https:\/\/sgvaimudar.com.br\/wp-content\/uploads\/2025\/06\/unnamed-1-8-768x576.jpg 768w, https:\/\/sgvaimudar.com.br\/wp-content\/uploads\/2025\/06\/unnamed-1-8-1536x1152.jpg 1536w, https:\/\/sgvaimudar.com.br\/wp-content\/uploads\/2025\/06\/unnamed-1-8.jpg 1600w\" sizes=\"(max-width: 1024px) 100vw, 1024px\" \/><\/figure>\n\n\n\n<p>Os NUPDECs s\u00e3o formados por moradores de bairros com maior vulnerabilidade a desastres, como enchentes e deslizamentos. Em S\u00e3o Gon\u00e7alo, os primeiros n\u00facleos foram organizados nos bairros Jardim Catarina, Salgueiro, Trindade e Luiz Ca\u00e7ador. O objetivo \u00e9 capacitar essas comunidades para atuar de forma preventiva e auxiliar em situa\u00e7\u00f5es de emerg\u00eancia, funcionando como extens\u00e3o da Defesa Civil local.<\/p>\n\n\n\n<p>Durante o primeiro encontro, realizado no dia 7 de junho, os agentes da Defesa Civil apresentaram o funcionamento dos n\u00facleos e ofereceram orienta\u00e7\u00f5es iniciais sobre sua atua\u00e7\u00e3o. Os participantes aprendem, na pr\u00e1tica, como agir diante de alagamentos estando em ve\u00edculos; primeiros socorros e transporte de v\u00edtimas em enchentes; e procedimentos para acionamento de servi\u00e7os de emerg\u00eancia, como Samu e Corpo de Bombeiros.<\/p>\n\n\n\n<p>J\u00e1 no segundo encontro, neste \u00faltimo s\u00e1bado (14), os participantes conclu\u00edram o m\u00f3dulo 2 com uma aula ministrada por Jo\u00e3o Marcelo, representante da Vigil\u00e2ncia Ambiental. O instrutor abordou os riscos n\u00e3o biol\u00f3gicos e apresentou os programas Vigi\u00e1gua, Vigiar, Vigisolo e Vigidesastres, a\u00e7\u00f5es integradas ao Sistema \u00danico de Sa\u00fade (SUS) voltadas \u00e0 vigil\u00e2ncia em sa\u00fade ambiental. Esses programas atuam na preven\u00e7\u00e3o e controle de riscos relacionados \u00e0 qualidade da \u00e1gua, ao meio ambiente, ao solo e a desastres naturais, respectivamente.<\/p>\n\n\n\n<p>A cria\u00e7\u00e3o dos NUPDECs \u00e9 respaldada pela Pol\u00edtica Nacional de Prote\u00e7\u00e3o e Defesa Civil (Lei n\u00ba 12.608\/2012), que prev\u00ea a participa\u00e7\u00e3o ativa da popula\u00e7\u00e3o na constru\u00e7\u00e3o de comunidades mais resilientes.&nbsp;<\/p>\n\n\n\n<p><strong><em>S\u00e3o Gon\u00e7alo vai mudar: Not\u00edcias de S\u00e3o Gon\u00e7alo e toda regi\u00e3o.<\/em><\/strong><\/p>\n\n\n\n<figure class=\"wp-block-image size-large\"><img decoding=\"async\" width=\"1024\" height=\"252\" src=\"https:\/\/sgvaimudar.com.br\/wp-content\/uploads\/2025\/03\/Anuncie-Aqui-Sao-Goncalo-vai-mudar-1024x252.jpg\" alt=\"\" class=\"wp-image-22693\" srcset=\"https:\/\/sgvaimudar.com.br\/wp-content\/uploads\/2025\/03\/Anuncie-Aqui-Sao-Goncalo-vai-mudar-1024x252.jpg 1024w, https:\/\/sgvaimudar.com.br\/wp-content\/uploads\/2025\/03\/Anuncie-Aqui-Sao-Goncalo-vai-mudar-300x74.jpg 300w, https:\/\/sgvaimudar.com.br\/wp-content\/uploads\/2025\/03\/Anuncie-Aqui-Sao-Goncalo-vai-mudar-768x189.jpg 768w, https:\/\/sgvaimudar.com.br\/wp-content\/uploads\/2025\/03\/Anuncie-Aqui-Sao-Goncalo-vai-mudar-1536x378.jpg 1536w, https:\/\/sgvaimudar.com.br\/wp-content\/uploads\/2025\/03\/Anuncie-Aqui-Sao-Goncalo-vai-mudar-2048x504.jpg 2048w\" sizes=\"(max-width: 1024px) 100vw, 1024px\" \/><\/figure>\n","protected":false},"excerpt":{"rendered":"<p>Moradores de \u00e1reas vulner\u00e1veis participaram de dois s\u00e1bados de capacita\u00e7\u00e3o sobre preven\u00e7\u00e3o de riscos, primeiros socorros e educa\u00e7\u00e3o ambiental A&hellip;<\/p>\n","protected":false},"author":5,"featured_media":26538,"comment_status":"open","ping_status":"open","sticky":false,"template":"","format":"standard","meta":{"fifu_image_url":"","fifu_image_alt":"","footnotes":""},"categories":[3],"tags":[],"class_list":["post-26537","post","type-post","status-publish","format-standard","has-post-thumbnail","hentry","category-sao-goncalo"],"_links":{"self":[{"href":"https:\/\/sgvaimudar.com.br\/index.php\/wp-json\/wp\/v2\/posts\/26537","targetHints":{"allow":["GET"]}}],"collection":[{"href":"https:\/\/sgvaimudar.com.br\/index.php\/wp-json\/wp\/v2\/posts"}],"about":[{"href":"https:\/\/sgvaimudar.com.br\/index.php\/wp-json\/wp\/v2\/types\/post"}],"author":[{"embeddable":true,"href":"https:\/\/sgvaimudar.com.br\/index.php\/wp-json\/wp\/v2\/users\/5"}],"replies":[{"embeddable":true,"href":"https:\/\/sgvaimudar.com.br\/index.php\/wp-json\/wp\/v2\/comments?post=26537"}],"version-history":[{"count":2,"href":"https:\/\/sgvaimudar.com.br\/index.php\/wp-json\/wp\/v2\/posts\/26537\/revisions"}],"predecessor-version":[{"id":26542,"href":"https:\/\/sgvaimudar.com.br\/index.php\/wp-json\/wp\/v2\/posts\/26537\/revisions\/26542"}],"wp:featuredmedia":[{"embeddable":true,"href":"https:\/\/sgvaimudar.com.br\/index.php\/wp-json\/wp\/v2\/media\/26538"}],"wp:attachment":[{"href":"https:\/\/sgvaimudar.com.br\/index.php\/wp-json\/wp\/v2\/media?parent=26537"}],"wp:term":[{"taxonomy":"category","embeddable":true,"href":"https:\/\/sgvaimudar.com.br\/index.php\/wp-json\/wp\/v2\/categories?post=26537"},{"taxonomy":"post_tag","embeddable":true,"href":"https:\/\/sgvaimudar.com.br\/index.php\/wp-json\/wp\/v2\/tags?post=26537"}],"curies":[{"name":"wp","href":"https:\/\/api.w.org\/{rel}","templated":true}]}}