{"id":26529,"date":"2025-06-16T10:00:00","date_gmt":"2025-06-16T13:00:00","guid":{"rendered":"https:\/\/sgvaimudar.com.br\/?p=26529"},"modified":"2025-06-16T08:38:53","modified_gmt":"2025-06-16T11:38:53","slug":"prefeitura-de-sao-goncalo-faz-acao-no-junho-violeta-em-defesa-dos-idosos","status":"publish","type":"post","link":"https:\/\/sgvaimudar.com.br\/index.php\/2025\/06\/16\/prefeitura-de-sao-goncalo-faz-acao-no-junho-violeta-em-defesa-dos-idosos\/","title":{"rendered":"Prefeitura de S\u00e3o Gon\u00e7alo faz a\u00e7\u00e3o no Junho Violeta em defesa dos idosos"},"content":{"rendered":"\n<p><em>Alerta para combate \u00e0 viol\u00eancia tem programa\u00e7\u00e3o especial<\/em><\/p>\n\n\n\n<p>Os idosos e seus parentes que frequentam o Espa\u00e7o Avan\u00e7ado de Aten\u00e7\u00e3o Integral ao Idoso, no Jardim Catarina, no munic\u00edpio de S\u00e3o Gon\u00e7alo, v\u00e3o ter uma programa\u00e7\u00e3o especial no dia 27 de junho, a partir das 14h. <\/p>\n\n\n\n<p>Em alus\u00e3o ao Dia Mundial de Combate \u00e0 Viol\u00eancia Contra as Pessoas Idosas, lembrado neste 15 de junho, a unidade vai oferecer palestras, din\u00e2micas de grupo e confraterniza\u00e7\u00e3o.&nbsp;&nbsp;<\/p>\n\n\n\n<figure class=\"wp-block-image size-full is-resized\"><img fetchpriority=\"high\" decoding=\"async\" width=\"600\" height=\"800\" src=\"https:\/\/sgvaimudar.com.br\/wp-content\/uploads\/2025\/06\/unnamed-3.png\" alt=\"\" class=\"wp-image-26530\" style=\"aspect-ratio:0.75;width:693px;height:auto\" srcset=\"https:\/\/sgvaimudar.com.br\/wp-content\/uploads\/2025\/06\/unnamed-3.png 600w, https:\/\/sgvaimudar.com.br\/wp-content\/uploads\/2025\/06\/unnamed-3-225x300.png 225w\" sizes=\"(max-width: 600px) 100vw, 600px\" \/><\/figure>\n\n\n\n<p>\u201cConstantemente, lembramos e orientamos os idosos sobre os seus direitos e sobre o que \u00e9 considerado viol\u00eancia e quais os seus tipos. Nesse m\u00eas de junho, quando acontece a Campanha Junho Violeta, as a\u00e7\u00f5es s\u00e3o intensificadas e sempre fazemos encontros com os usu\u00e1rios do Espa\u00e7o Avan\u00e7ado\u201d, contou a coordenadora do Programa Municipal de Aten\u00e7\u00e3o Integral \u00e0 Sa\u00fade da Pessoa Idosa, Maria Liduina da Silveira.&nbsp;<\/p>\n\n\n\n<p>A Campanha Junho Violeta serve para alertar a popula\u00e7\u00e3o sobre os cuidados e a aten\u00e7\u00e3o necess\u00e1ria com as pessoas idosas, que s\u00e3o mais vulner\u00e1veis. Os servidores que trabalham com os idosos s\u00e3o capacitados para identificar com mais facilidade aqueles que s\u00e3o v\u00edtimas de qualquer tipo de viol\u00eancia.&nbsp;<\/p>\n\n\n\n<p>\u201cQuando identificamos, n\u00f3s orientamos, notificamos aos \u00f3rg\u00e3os competentes e fazemos os encaminhamentos necess\u00e1rios. Todas as unidades de sa\u00fade est\u00e3o preparadas para receber as den\u00fancias. Fiquem atentos aos sinais e n\u00e3o deixem um idoso ser v\u00edtima de qualquer tipo de viol\u00eancia. Eles merecem muito respeito, amor e considera\u00e7\u00e3o nos \u00faltimos anos de vida\u201d, finalizou a coordenadora.&nbsp;<\/p>\n\n\n\n<p><strong>Tipos de viol\u00eancia<\/strong><\/p>\n\n\n\n<p><strong>Viol\u00eancia F\u00edsica<\/strong>: uso da for\u00e7a f\u00edsica para obrigar os idosos a fazerem o que n\u00e3o desejam, para feri-los, provocar-lhes dor, incapacidade ou morte.<\/p>\n\n\n\n<p><strong>Viol\u00eancia Psicol\u00f3gica<\/strong>: agress\u00f5es verbais ou gestuais com o objetivo de aterrorizar os idosos, humilh\u00e1-los, restringir sua liberdade ou isol\u00e1-los do conv\u00edvio social.<\/p>\n\n\n\n<p><strong>Neglig\u00eancia<\/strong>: recusa ou omiss\u00e3o de cuidados devidos e necess\u00e1rios aos idosos por parte dos respons\u00e1veis, familiares ou institui\u00e7\u00f5es.&nbsp;<\/p>\n\n\n\n<p><strong>Viol\u00eancia Institucional:&nbsp;<\/strong>trata-se de qualquer tipo de viol\u00eancia exercida dentro do ambiente institucional (p\u00fablico ou privado: institui\u00e7\u00f5es de longa perman\u00eancia (Ilpis), hospitais, bancos e outros) praticada contra a pessoa idosa. A proibi\u00e7\u00e3o ou negativa de atender a pessoa idosa que esteja necessitando de cuidados de sa\u00fade \u00e9 crime.<\/p>\n\n\n\n<p><strong>Abuso financeiro:&nbsp;<\/strong>consiste na explora\u00e7\u00e3o impr\u00f3pria ou ilegal dos idosos ou o uso n\u00e3o consentido por eles de seus recursos financeiros e patrimoniais.&nbsp;<\/p>\n\n\n\n<p><strong>Viol\u00eancia patrimonial:&nbsp;<\/strong>qualquer pr\u00e1tica il\u00edcita que comprometa o patrim\u00f4nio do idoso, como for\u00e7\u00e1-lo a assinar um documento sem lhe ser explicado para que fins \u00e9 destinado, altera\u00e7\u00f5es em seu testamento, procura\u00e7\u00e3o ou ultrapassar os poderes de mandato, antecipa\u00e7\u00e3o de heran\u00e7a ou venda de bens m\u00f3veis e im\u00f3veis sem o consentimento espont\u00e2neo do idoso, falsifica\u00e7\u00f5es de assinatura, etc.&nbsp;<\/p>\n\n\n\n<p>&nbsp;<strong>Viol\u00eancia sexual<\/strong>: ato sexual com pessoas idosas. Esses abusos s\u00e3o sob coa\u00e7\u00e3o com viol\u00eancia f\u00edsica ou amea\u00e7as.&nbsp;<\/p>\n\n\n\n<p><strong>Discrimina\u00e7\u00e3o<\/strong>: comportamentos discriminat\u00f3rios, ofensivos, desrespeitosos em rela\u00e7\u00e3o \u00e0 condi\u00e7\u00e3o f\u00edsica caracter\u00edstica de uma pessoa idosa, desvalorizando e inferiorizando-a simplesmente por sua condi\u00e7\u00e3o.<\/p>\n\n\n\n<p><strong><em>S\u00e3o Gon\u00e7alo vai mudar: Not\u00edcias de S\u00e3o Gon\u00e7alo e toda regi\u00e3o.<\/em><\/strong><\/p>\n\n\n\n<figure class=\"wp-block-image size-large\"><img decoding=\"async\" width=\"1024\" height=\"252\" src=\"https:\/\/sgvaimudar.com.br\/wp-content\/uploads\/2025\/03\/Anuncie-Aqui-Sao-Goncalo-vai-mudar-1024x252.jpg\" alt=\"\" class=\"wp-image-22693\" srcset=\"https:\/\/sgvaimudar.com.br\/wp-content\/uploads\/2025\/03\/Anuncie-Aqui-Sao-Goncalo-vai-mudar-1024x252.jpg 1024w, https:\/\/sgvaimudar.com.br\/wp-content\/uploads\/2025\/03\/Anuncie-Aqui-Sao-Goncalo-vai-mudar-300x74.jpg 300w, https:\/\/sgvaimudar.com.br\/wp-content\/uploads\/2025\/03\/Anuncie-Aqui-Sao-Goncalo-vai-mudar-768x189.jpg 768w, https:\/\/sgvaimudar.com.br\/wp-content\/uploads\/2025\/03\/Anuncie-Aqui-Sao-Goncalo-vai-mudar-1536x378.jpg 1536w, https:\/\/sgvaimudar.com.br\/wp-content\/uploads\/2025\/03\/Anuncie-Aqui-Sao-Goncalo-vai-mudar-2048x504.jpg 2048w\" sizes=\"(max-width: 1024px) 100vw, 1024px\" \/><\/figure>\n","protected":false},"excerpt":{"rendered":"<p>Alerta para combate \u00e0 viol\u00eancia tem programa\u00e7\u00e3o especial Os idosos e seus parentes que frequentam o Espa\u00e7o Avan\u00e7ado de Aten\u00e7\u00e3o&hellip;<\/p>\n","protected":false},"author":5,"featured_media":26531,"comment_status":"open","ping_status":"open","sticky":false,"template":"","format":"standard","meta":{"fifu_image_url":"","fifu_image_alt":"","footnotes":""},"categories":[7],"tags":[],"class_list":["post-26529","post","type-post","status-publish","format-standard","has-post-thumbnail","hentry","category-saude"],"_links":{"self":[{"href":"https:\/\/sgvaimudar.com.br\/index.php\/wp-json\/wp\/v2\/posts\/26529","targetHints":{"allow":["GET"]}}],"collection":[{"href":"https:\/\/sgvaimudar.com.br\/index.php\/wp-json\/wp\/v2\/posts"}],"about":[{"href":"https:\/\/sgvaimudar.com.br\/index.php\/wp-json\/wp\/v2\/types\/post"}],"author":[{"embeddable":true,"href":"https:\/\/sgvaimudar.com.br\/index.php\/wp-json\/wp\/v2\/users\/5"}],"replies":[{"embeddable":true,"href":"https:\/\/sgvaimudar.com.br\/index.php\/wp-json\/wp\/v2\/comments?post=26529"}],"version-history":[{"count":2,"href":"https:\/\/sgvaimudar.com.br\/index.php\/wp-json\/wp\/v2\/posts\/26529\/revisions"}],"predecessor-version":[{"id":26541,"href":"https:\/\/sgvaimudar.com.br\/index.php\/wp-json\/wp\/v2\/posts\/26529\/revisions\/26541"}],"wp:featuredmedia":[{"embeddable":true,"href":"https:\/\/sgvaimudar.com.br\/index.php\/wp-json\/wp\/v2\/media\/26531"}],"wp:attachment":[{"href":"https:\/\/sgvaimudar.com.br\/index.php\/wp-json\/wp\/v2\/media?parent=26529"}],"wp:term":[{"taxonomy":"category","embeddable":true,"href":"https:\/\/sgvaimudar.com.br\/index.php\/wp-json\/wp\/v2\/categories?post=26529"},{"taxonomy":"post_tag","embeddable":true,"href":"https:\/\/sgvaimudar.com.br\/index.php\/wp-json\/wp\/v2\/tags?post=26529"}],"curies":[{"name":"wp","href":"https:\/\/api.w.org\/{rel}","templated":true}]}}