{"id":26527,"date":"2025-06-16T08:59:00","date_gmt":"2025-06-16T11:59:00","guid":{"rendered":"https:\/\/sgvaimudar.com.br\/?p=26527"},"modified":"2025-06-16T07:52:28","modified_gmt":"2025-06-16T10:52:28","slug":"claudio-castro-sanciona-lei-que-impede-condenados-por-crimes-contra-idosos-de-assumirem-cargos-publicos-no-estado","status":"publish","type":"post","link":"https:\/\/sgvaimudar.com.br\/index.php\/2025\/06\/16\/claudio-castro-sanciona-lei-que-impede-condenados-por-crimes-contra-idosos-de-assumirem-cargos-publicos-no-estado\/","title":{"rendered":"Cl\u00e1udio Castro sanciona lei que impede condenados por crimes contra idosos de assumirem cargos p\u00fablicos no Estado"},"content":{"rendered":"\n<p><em>Nova legisla\u00e7\u00e3o refor\u00e7a compromisso com a prote\u00e7\u00e3o legal aos idosos e a \u00e9tica na administra\u00e7\u00e3o p\u00fablica<\/em><\/p>\n\n\n\n<p>Ao refor\u00e7ar o compromisso com a prote\u00e7\u00e3o dos direitos da pessoa idosa, o governador Cl\u00e1udio Castro sancionou uma lei, publicada nesta sexta-feira (13.06), no Di\u00e1rio Oficial, que impede pessoas condenadas por crimes previstos no Estatuto do Idoso (Lei Federal n\u00ba 10.741\/2003) de assumirem cargo p\u00fablico ou que sejam nomeadas para cargos em comiss\u00e3o no Estado.<\/p>\n\n\n\n<p>\u2013 Nosso governo tem um compromisso inegoci\u00e1vel com a \u00e9tica e o respeito aos direitos de cada cidad\u00e3o. A prote\u00e7\u00e3o aos idosos deve ser uma causa de todos, e esta lei \u00e9 mais um passo importante para assegurar que o servi\u00e7o p\u00fablico seja ocupado por pessoas comprometidas com esses valores \u2013 afirmou o governador Cl\u00e1udio Castro.<\/p>\n\n\n\n<p>A nova legisla\u00e7\u00e3o tamb\u00e9m pro\u00edbe a participa\u00e7\u00e3o em processos licitat\u00f3rios e a celebra\u00e7\u00e3o de contratos com a administra\u00e7\u00e3o p\u00fablica estadual de empresas que em seus quadros possuem s\u00f3cios ou dirigentes que tenham sido condenados por crimes descritos no Estatuto do Idoso.<\/p>\n\n\n\n<p><strong><em>Fa\u00e7a sua den\u00fancia pelo nosso WhatsApp: (21) <\/em><\/strong><strong><em>99744 5345<\/em><\/strong><strong><em><\/em><\/strong><\/p>\n\n\n\n<p><strong><em>S\u00e3o Gon\u00e7alo vai mudar: Not\u00edcias de S\u00e3o Gon\u00e7alo e toda regi\u00e3o.<\/em><\/strong><\/p>\n\n\n\n<figure class=\"wp-block-image size-large\"><img decoding=\"async\" width=\"1024\" height=\"46\" src=\"https:\/\/sgvaimudar.com.br\/wp-content\/uploads\/2023\/08\/Anuncie-Aqui-Sao-Goncalo-vai-mudar-1024x46.png\" alt=\"\" class=\"wp-image-2740\" srcset=\"https:\/\/sgvaimudar.com.br\/wp-content\/uploads\/2023\/08\/Anuncie-Aqui-Sao-Goncalo-vai-mudar-1024x46.png 1024w, https:\/\/sgvaimudar.com.br\/wp-content\/uploads\/2023\/08\/Anuncie-Aqui-Sao-Goncalo-vai-mudar-300x13.png 300w, https:\/\/sgvaimudar.com.br\/wp-content\/uploads\/2023\/08\/Anuncie-Aqui-Sao-Goncalo-vai-mudar-768x35.png 768w, https:\/\/sgvaimudar.com.br\/wp-content\/uploads\/2023\/08\/Anuncie-Aqui-Sao-Goncalo-vai-mudar-1536x69.png 1536w, https:\/\/sgvaimudar.com.br\/wp-content\/uploads\/2023\/08\/Anuncie-Aqui-Sao-Goncalo-vai-mudar.png 2002w\" sizes=\"(max-width: 1024px) 100vw, 1024px\" \/><\/figure>\n","protected":false},"excerpt":{"rendered":"<p>Nova legisla\u00e7\u00e3o refor\u00e7a compromisso com a prote\u00e7\u00e3o legal aos idosos e a \u00e9tica na administra\u00e7\u00e3o p\u00fablica Ao refor\u00e7ar o compromisso&hellip;<\/p>\n","protected":false},"author":5,"featured_media":12204,"comment_status":"open","ping_status":"open","sticky":false,"template":"","format":"standard","meta":{"fifu_image_url":"","fifu_image_alt":"","footnotes":""},"categories":[32],"tags":[],"class_list":["post-26527","post","type-post","status-publish","format-standard","has-post-thumbnail","hentry","category-casos-de-policia"],"_links":{"self":[{"href":"https:\/\/sgvaimudar.com.br\/index.php\/wp-json\/wp\/v2\/posts\/26527","targetHints":{"allow":["GET"]}}],"collection":[{"href":"https:\/\/sgvaimudar.com.br\/index.php\/wp-json\/wp\/v2\/posts"}],"about":[{"href":"https:\/\/sgvaimudar.com.br\/index.php\/wp-json\/wp\/v2\/types\/post"}],"author":[{"embeddable":true,"href":"https:\/\/sgvaimudar.com.br\/index.php\/wp-json\/wp\/v2\/users\/5"}],"replies":[{"embeddable":true,"href":"https:\/\/sgvaimudar.com.br\/index.php\/wp-json\/wp\/v2\/comments?post=26527"}],"version-history":[{"count":1,"href":"https:\/\/sgvaimudar.com.br\/index.php\/wp-json\/wp\/v2\/posts\/26527\/revisions"}],"predecessor-version":[{"id":26528,"href":"https:\/\/sgvaimudar.com.br\/index.php\/wp-json\/wp\/v2\/posts\/26527\/revisions\/26528"}],"wp:featuredmedia":[{"embeddable":true,"href":"https:\/\/sgvaimudar.com.br\/index.php\/wp-json\/wp\/v2\/media\/12204"}],"wp:attachment":[{"href":"https:\/\/sgvaimudar.com.br\/index.php\/wp-json\/wp\/v2\/media?parent=26527"}],"wp:term":[{"taxonomy":"category","embeddable":true,"href":"https:\/\/sgvaimudar.com.br\/index.php\/wp-json\/wp\/v2\/categories?post=26527"},{"taxonomy":"post_tag","embeddable":true,"href":"https:\/\/sgvaimudar.com.br\/index.php\/wp-json\/wp\/v2\/tags?post=26527"}],"curies":[{"name":"wp","href":"https:\/\/api.w.org\/{rel}","templated":true}]}}