{"id":26524,"date":"2025-06-16T09:00:00","date_gmt":"2025-06-16T12:00:00","guid":{"rendered":"https:\/\/sgvaimudar.com.br\/?p=26524"},"modified":"2025-06-16T07:23:55","modified_gmt":"2025-06-16T10:23:55","slug":"casa-das-artes-de-sao-goncalo-vai-receber-exposicao-em-homenagem-ao-corpus-christi","status":"publish","type":"post","link":"https:\/\/sgvaimudar.com.br\/index.php\/2025\/06\/16\/casa-das-artes-de-sao-goncalo-vai-receber-exposicao-em-homenagem-ao-corpus-christi\/","title":{"rendered":"Casa das Artes de S\u00e3o Gon\u00e7alo vai receber exposi\u00e7\u00e3o em homenagem ao Corpus Christi"},"content":{"rendered":"\n<p><em>Exposi\u00e7\u00e3o ficar\u00e1 dispon\u00edvel at\u00e9 o dia 2 de agosto<\/em><\/p>\n\n\n\n<p>A Casa das Artes de S\u00e3o Gon\u00e7alo, a partir desta ter\u00e7a-feira (17), vai receber a exposi\u00e7\u00e3o de fotografias &#8220;Corpus Christi: O sagrado diante de n\u00f3s&#8221;, que tem como objetivo destacar a import\u00e2ncia cultural, social, tur\u00edstica e religiosa da celebra\u00e7\u00e3o de Corpus Christi, uma das mais importantes do calend\u00e1rio da cidade.<\/p>\n\n\n\n<p>Os tapetes de Corpus Christi, al\u00e9m de terem sua riqueza art\u00edstica reconhecida, s\u00e3o considerados os maiores da Am\u00e9rica Latina e atraem uma multid\u00e3o de fi\u00e9is todos os anos, o que projeta positivamente a imagem do munic\u00edpio. Por meio de telas ilustrativas, a exposi\u00e7\u00e3o busca valorizar este patrim\u00f4nio de forma concreta, enaltecendo a sua relev\u00e2ncia para a hist\u00f3ria e a identidade da cidade.&nbsp;<\/p>\n\n\n\n<p>A mostra conta com recursos da Pol\u00edtica Nacional Aldir Blanc, do Minist\u00e9rio da Cultura e gest\u00e3o da Secretaria de Turismo e Cultura da Prefeitura de S\u00e3o Gon\u00e7alo. A elabora\u00e7\u00e3o do projeto de expografia e a montagem da exposi\u00e7\u00e3o ficam por conta de Rafael Ramos e Vera Cruz Porto, com imagens do fot\u00f3grafo Descartes Junior.&nbsp;<\/p>\n\n\n\n<p>A exposi\u00e7\u00e3o \u00e9 aberta ao p\u00fablico e vai funcionar de ter\u00e7a a sexta-feira, de 10h \u00e0s 18h, e aos s\u00e1bados, de 10h \u00e0s 16h, e ficar\u00e1 dispon\u00edvel at\u00e9 o dia 2 de agosto.&nbsp;<\/p>\n\n\n\n<p><strong>Corpus Christi no dia 19 &#8211;<\/strong>&nbsp;S\u00e3o Gon\u00e7alo espera receber mais de 100 mil pessoas na pr\u00f3xima quinta-feira, dia 19, para a celebra\u00e7\u00e3o do Corpus Christi. O tema escolhido este ano \u00e9 \u2018Eucaristia: Alimento da Esperan\u00e7a\u2019. A confec\u00e7\u00e3o dos 238 tapetes ser\u00e1 iniciada \u00e0s 7h, com participa\u00e7\u00e3o de 27 par\u00f3quias, col\u00e9gios e comunidades cat\u00f3licas e escolas municipais.&nbsp;<\/p>\n\n\n\n<p>Ao longo do dia, haver\u00e1 apresenta\u00e7\u00e3o de grupos de louvor, numa programa\u00e7\u00e3o que antecede a Santa Missa, \u00e0s 16h, seguida da tradicional prociss\u00e3o pelas ruas do Centro da cidade.&nbsp;<\/p>\n\n\n\n<p>Todos os visitantes s\u00e3o convidados a levar alimentos n\u00e3o perec\u00edveis para as fam\u00edlias cadastradas nas atividades sociais das Igrejas do munic\u00edpio. Para a arrecada\u00e7\u00e3o, ser\u00e3o instaladas quatro tendas nos seguintes locais: Casa das Artes, no p\u00e1tio da Par\u00f3quia S\u00e3o Gon\u00e7alo, na entrada do Teatro Municipal de S\u00e3o Gon\u00e7alo e na Pra\u00e7a Dr Luiz Palmier.<\/p>\n\n\n\n<p>Al\u00e9m da festa, para celebrar as tr\u00eas d\u00e9cadas do evento no munic\u00edpio, ser\u00e3o plantadas 30 mudas de \u00e1rvores frut\u00edferas de amora e de pitanga no jardim da Igreja Matriz, com a participa\u00e7\u00e3o de v\u00e1rios representantes das par\u00f3quias dos Vicariatos S\u00e3o Gon\u00e7alo e Alc\u00e2ntara em parceria com a Secretaria de Conserva\u00e7\u00e3o da Prefeitura de S\u00e3o Gon\u00e7alo. O plantio acontece no s\u00e1bado (21), \u00e0s 9h.<\/p>\n\n\n\n<p><em>Foto: Fabio Guimar\u00e3es<\/em><\/p>\n\n\n\n<p><strong><em>S\u00e3o Gon\u00e7alo vai mudar: Not\u00edcias de S\u00e3o Gon\u00e7alo e toda regi\u00e3o.<\/em><\/strong><\/p>\n\n\n\n<figure class=\"wp-block-image size-large\"><img fetchpriority=\"high\" decoding=\"async\" width=\"1024\" height=\"252\" src=\"https:\/\/sgvaimudar.com.br\/wp-content\/uploads\/2025\/03\/Anuncie-Aqui-Sao-Goncalo-vai-mudar-1024x252.jpg\" alt=\"\" class=\"wp-image-22693\" srcset=\"https:\/\/sgvaimudar.com.br\/wp-content\/uploads\/2025\/03\/Anuncie-Aqui-Sao-Goncalo-vai-mudar-1024x252.jpg 1024w, https:\/\/sgvaimudar.com.br\/wp-content\/uploads\/2025\/03\/Anuncie-Aqui-Sao-Goncalo-vai-mudar-300x74.jpg 300w, https:\/\/sgvaimudar.com.br\/wp-content\/uploads\/2025\/03\/Anuncie-Aqui-Sao-Goncalo-vai-mudar-768x189.jpg 768w, https:\/\/sgvaimudar.com.br\/wp-content\/uploads\/2025\/03\/Anuncie-Aqui-Sao-Goncalo-vai-mudar-1536x378.jpg 1536w, https:\/\/sgvaimudar.com.br\/wp-content\/uploads\/2025\/03\/Anuncie-Aqui-Sao-Goncalo-vai-mudar-2048x504.jpg 2048w\" sizes=\"(max-width: 1024px) 100vw, 1024px\" \/><\/figure>\n","protected":false},"excerpt":{"rendered":"<p>Exposi\u00e7\u00e3o ficar\u00e1 dispon\u00edvel at\u00e9 o dia 2 de agosto A Casa das Artes de S\u00e3o Gon\u00e7alo, a partir desta ter\u00e7a-feira&hellip;<\/p>\n","protected":false},"author":5,"featured_media":26525,"comment_status":"open","ping_status":"open","sticky":false,"template":"","format":"standard","meta":{"fifu_image_url":"","fifu_image_alt":"","footnotes":""},"categories":[6],"tags":[],"class_list":["post-26524","post","type-post","status-publish","format-standard","has-post-thumbnail","hentry","category-entretenimento"],"_links":{"self":[{"href":"https:\/\/sgvaimudar.com.br\/index.php\/wp-json\/wp\/v2\/posts\/26524","targetHints":{"allow":["GET"]}}],"collection":[{"href":"https:\/\/sgvaimudar.com.br\/index.php\/wp-json\/wp\/v2\/posts"}],"about":[{"href":"https:\/\/sgvaimudar.com.br\/index.php\/wp-json\/wp\/v2\/types\/post"}],"author":[{"embeddable":true,"href":"https:\/\/sgvaimudar.com.br\/index.php\/wp-json\/wp\/v2\/users\/5"}],"replies":[{"embeddable":true,"href":"https:\/\/sgvaimudar.com.br\/index.php\/wp-json\/wp\/v2\/comments?post=26524"}],"version-history":[{"count":1,"href":"https:\/\/sgvaimudar.com.br\/index.php\/wp-json\/wp\/v2\/posts\/26524\/revisions"}],"predecessor-version":[{"id":26526,"href":"https:\/\/sgvaimudar.com.br\/index.php\/wp-json\/wp\/v2\/posts\/26524\/revisions\/26526"}],"wp:featuredmedia":[{"embeddable":true,"href":"https:\/\/sgvaimudar.com.br\/index.php\/wp-json\/wp\/v2\/media\/26525"}],"wp:attachment":[{"href":"https:\/\/sgvaimudar.com.br\/index.php\/wp-json\/wp\/v2\/media?parent=26524"}],"wp:term":[{"taxonomy":"category","embeddable":true,"href":"https:\/\/sgvaimudar.com.br\/index.php\/wp-json\/wp\/v2\/categories?post=26524"},{"taxonomy":"post_tag","embeddable":true,"href":"https:\/\/sgvaimudar.com.br\/index.php\/wp-json\/wp\/v2\/tags?post=26524"}],"curies":[{"name":"wp","href":"https:\/\/api.w.org\/{rel}","templated":true}]}}