{"id":26516,"date":"2025-06-16T07:11:10","date_gmt":"2025-06-16T10:11:10","guid":{"rendered":"https:\/\/sgvaimudar.com.br\/?p=26516"},"modified":"2025-06-16T07:11:11","modified_gmt":"2025-06-16T10:11:11","slug":"guarda-municipal-de-sao-goncalo-prende-trio-em-flagrante-durante-furto-de-cabos-no-centro","status":"publish","type":"post","link":"https:\/\/sgvaimudar.com.br\/index.php\/2025\/06\/16\/guarda-municipal-de-sao-goncalo-prende-trio-em-flagrante-durante-furto-de-cabos-no-centro\/","title":{"rendered":"Guarda Municipal de S\u00e3o Gon\u00e7alo prende trio em flagrante durante furto de cabos no Centro"},"content":{"rendered":"\n<p><em>A\u00e7\u00e3o contou com apoio do videomonitoramento da Central de Seguran\u00e7a de S\u00e3o Gon\u00e7alo (CSSG)<\/em><\/p>\n\n\n\n<p>Tr\u00eas homens envolvidos no furto de cabos na regi\u00e3o central do munic\u00edpio de S\u00e3o Gon\u00e7alo foram presos em flagrante pela Secretaria Municipal de Ordem P\u00fablica atrav\u00e9s da Guarda Municipal, na madrugada deste domingo (15).<\/p>\n\n\n\n<p>A a\u00e7\u00e3o foi poss\u00edvel gra\u00e7as \u00e0 atua\u00e7\u00e3o integrada entre o patrulhamento preventivo e o sistema de videomonitoramento da Central de Seguran\u00e7a de S\u00e3o Gon\u00e7alo (CSSG).<\/p>\n\n\n\n<figure class=\"wp-block-image size-large\"><img fetchpriority=\"high\" decoding=\"async\" width=\"768\" height=\"1024\" src=\"https:\/\/sgvaimudar.com.br\/wp-content\/uploads\/2025\/06\/unnamed-34-768x1024.jpg\" alt=\"\" class=\"wp-image-26517\" srcset=\"https:\/\/sgvaimudar.com.br\/wp-content\/uploads\/2025\/06\/unnamed-34-768x1024.jpg 768w, https:\/\/sgvaimudar.com.br\/wp-content\/uploads\/2025\/06\/unnamed-34-225x300.jpg 225w, https:\/\/sgvaimudar.com.br\/wp-content\/uploads\/2025\/06\/unnamed-34-1152x1536.jpg 1152w, https:\/\/sgvaimudar.com.br\/wp-content\/uploads\/2025\/06\/unnamed-34.jpg 1200w\" sizes=\"(max-width: 768px) 100vw, 768px\" \/><\/figure>\n\n\n\n<p>O caso ocorreu por volta de 1h20, na Rua Feliciano Sodr\u00e9, esquina com a Rua Carlos Gianelli, no Centro. Durante o patrulhamento noturno, agentes da Equipe Bravo foram acionados ap\u00f3s o CSSG detectar, em tempo real, tr\u00eas suspeitos furtando cabos da via p\u00fablica.<\/p>\n\n\n\n<p>A equipe da Guarda Municipal montou um cerco t\u00e1tico e posicionou-se em locais estrat\u00e9gicos, aguardando o momento exato indicado pelo videomonitoramento para realizar a abordagem. Os agentes conseguiram realizar a pris\u00e3o em flagrante dos tr\u00eas homens, que estavam em posse de uma faca com aproximadamente 20 cent\u00edmetros de l\u00e2mina e cerca de 4 metros de fio.<\/p>\n\n\n\n<p>Os detidos foram encaminhados inicialmente \u00e0 72\u00aa Delegacia de Pol\u00edcia, no Mutu\u00e1 e, posteriormente, conduzidos \u00e0 73\u00aa DP, em Neves, respons\u00e1vel pela Central de Flagrantes, onde foi lavrado o Auto de Pris\u00e3o em Flagrante (APF). Os tr\u00eas permanecem presos, \u00e0 disposi\u00e7\u00e3o da Justi\u00e7a.<\/p>\n\n\n\n<p><strong><em>Fa\u00e7a sua den\u00fancia pelo nosso WhatsApp: (21) <\/em><\/strong><strong><em>99744 5345<\/em><\/strong><strong><em><\/em><\/strong><\/p>\n\n\n\n<p><strong><em>S\u00e3o Gon\u00e7alo vai mudar: Not\u00edcias de S\u00e3o Gon\u00e7alo e toda regi\u00e3o.<\/em><\/strong><\/p>\n\n\n\n<figure class=\"wp-block-image size-large\"><img decoding=\"async\" width=\"1024\" height=\"252\" src=\"https:\/\/sgvaimudar.com.br\/wp-content\/uploads\/2025\/03\/Anuncie-Aqui-Sao-Goncalo-vai-mudar-1024x252.jpg\" alt=\"\" class=\"wp-image-22693\" srcset=\"https:\/\/sgvaimudar.com.br\/wp-content\/uploads\/2025\/03\/Anuncie-Aqui-Sao-Goncalo-vai-mudar-1024x252.jpg 1024w, https:\/\/sgvaimudar.com.br\/wp-content\/uploads\/2025\/03\/Anuncie-Aqui-Sao-Goncalo-vai-mudar-300x74.jpg 300w, https:\/\/sgvaimudar.com.br\/wp-content\/uploads\/2025\/03\/Anuncie-Aqui-Sao-Goncalo-vai-mudar-768x189.jpg 768w, https:\/\/sgvaimudar.com.br\/wp-content\/uploads\/2025\/03\/Anuncie-Aqui-Sao-Goncalo-vai-mudar-1536x378.jpg 1536w, https:\/\/sgvaimudar.com.br\/wp-content\/uploads\/2025\/03\/Anuncie-Aqui-Sao-Goncalo-vai-mudar-2048x504.jpg 2048w\" sizes=\"(max-width: 1024px) 100vw, 1024px\" \/><\/figure>\n","protected":false},"excerpt":{"rendered":"<p>A\u00e7\u00e3o contou com apoio do videomonitoramento da Central de Seguran\u00e7a de S\u00e3o Gon\u00e7alo (CSSG) Tr\u00eas homens envolvidos no furto de&hellip;<\/p>\n","protected":false},"author":5,"featured_media":26518,"comment_status":"open","ping_status":"open","sticky":false,"template":"","format":"standard","meta":{"fifu_image_url":"","fifu_image_alt":"","footnotes":""},"categories":[32],"tags":[],"class_list":["post-26516","post","type-post","status-publish","format-standard","has-post-thumbnail","hentry","category-casos-de-policia"],"_links":{"self":[{"href":"https:\/\/sgvaimudar.com.br\/index.php\/wp-json\/wp\/v2\/posts\/26516","targetHints":{"allow":["GET"]}}],"collection":[{"href":"https:\/\/sgvaimudar.com.br\/index.php\/wp-json\/wp\/v2\/posts"}],"about":[{"href":"https:\/\/sgvaimudar.com.br\/index.php\/wp-json\/wp\/v2\/types\/post"}],"author":[{"embeddable":true,"href":"https:\/\/sgvaimudar.com.br\/index.php\/wp-json\/wp\/v2\/users\/5"}],"replies":[{"embeddable":true,"href":"https:\/\/sgvaimudar.com.br\/index.php\/wp-json\/wp\/v2\/comments?post=26516"}],"version-history":[{"count":1,"href":"https:\/\/sgvaimudar.com.br\/index.php\/wp-json\/wp\/v2\/posts\/26516\/revisions"}],"predecessor-version":[{"id":26519,"href":"https:\/\/sgvaimudar.com.br\/index.php\/wp-json\/wp\/v2\/posts\/26516\/revisions\/26519"}],"wp:featuredmedia":[{"embeddable":true,"href":"https:\/\/sgvaimudar.com.br\/index.php\/wp-json\/wp\/v2\/media\/26518"}],"wp:attachment":[{"href":"https:\/\/sgvaimudar.com.br\/index.php\/wp-json\/wp\/v2\/media?parent=26516"}],"wp:term":[{"taxonomy":"category","embeddable":true,"href":"https:\/\/sgvaimudar.com.br\/index.php\/wp-json\/wp\/v2\/categories?post=26516"},{"taxonomy":"post_tag","embeddable":true,"href":"https:\/\/sgvaimudar.com.br\/index.php\/wp-json\/wp\/v2\/tags?post=26516"}],"curies":[{"name":"wp","href":"https:\/\/api.w.org\/{rel}","templated":true}]}}