{"id":26485,"date":"2025-06-14T15:00:00","date_gmt":"2025-06-14T18:00:00","guid":{"rendered":"https:\/\/sgvaimudar.com.br\/?p=26485"},"modified":"2025-06-14T09:22:20","modified_gmt":"2025-06-14T12:22:20","slug":"prefeito-capitao-nelson-vistoria-obras-da-nova-creche-do-jardim-miriambi","status":"publish","type":"post","link":"https:\/\/sgvaimudar.com.br\/index.php\/2025\/06\/14\/prefeito-capitao-nelson-vistoria-obras-da-nova-creche-do-jardim-miriambi\/","title":{"rendered":"Prefeito Capit\u00e3o Nelson vistoria obras da nova creche do Jardim Miriambi"},"content":{"rendered":"\n<p><em>Outras tr\u00eas unidades da Educa\u00e7\u00e3o Infantil est\u00e3o sendo constru\u00eddas&nbsp;&nbsp;&nbsp;&nbsp;<\/em><\/p>\n\n\n\n<p>O prefeito de S\u00e3o Gon\u00e7alo, Capit\u00e3o Nelson, ao lado do vice-prefeito Jo\u00e3o Ventura; do secret\u00e1rio de Estado das Cidades, Douglas Ruas, e do vereador Nelsinho Ruas, vistoriou, nesta sexta-feira (13\/6), as obras da nova creche no bairro Jardim Miriambi, que est\u00e3o na fase final. <\/p>\n\n\n\n<p>A unidade escolar segue o padr\u00e3o de outras j\u00e1 entregues pelo atual governo. A obra est\u00e1 prevista para ser conclu\u00edda no segundo semestre deste ano.<\/p>\n\n\n\n<figure class=\"wp-block-image size-large\"><img fetchpriority=\"high\" decoding=\"async\" width=\"1024\" height=\"684\" src=\"https:\/\/sgvaimudar.com.br\/wp-content\/uploads\/2025\/06\/unnamed-27-1024x684.jpg\" alt=\"\" class=\"wp-image-26486\" srcset=\"https:\/\/sgvaimudar.com.br\/wp-content\/uploads\/2025\/06\/unnamed-27-1024x684.jpg 1024w, https:\/\/sgvaimudar.com.br\/wp-content\/uploads\/2025\/06\/unnamed-27-300x200.jpg 300w, https:\/\/sgvaimudar.com.br\/wp-content\/uploads\/2025\/06\/unnamed-27-768x513.jpg 768w, https:\/\/sgvaimudar.com.br\/wp-content\/uploads\/2025\/06\/unnamed-27-1536x1027.jpg 1536w, https:\/\/sgvaimudar.com.br\/wp-content\/uploads\/2025\/06\/unnamed-27.jpg 1616w\" sizes=\"(max-width: 1024px) 100vw, 1024px\" \/><\/figure>\n\n\n\n<p>\u201cJ\u00e1 entregamos tr\u00eas creches, em Marambaia, Almerinda e Jardim Bom Retiro, e constru\u00edmos mais tr\u00eas no Anaia, Port\u00e3o do Rosa e esta do Jardim Miriambi. Entregamos pr\u00e9dios do tamanho que o povo gon\u00e7alense precisa. N\u00e3o adianta a gente fazer uma coisa pequenininha&#8221;, disse o prefeito. <\/p>\n\n\n\n<p>Segundo ele, em S\u00e3o Gon\u00e7alo, n\u00e3o tem creche particular igual a essas que j\u00e1 foram entregues e que est\u00e3o sendo constru\u00eddas. &#8220;As creches s\u00e3o de hor\u00e1rio integral para dar condi\u00e7\u00f5es dos pais trabalharem. Essa \u00e9 a miss\u00e3o das creches na nossa cidade. E tamb\u00e9m sabemos que n\u00e3o s\u00e3o suficientes. Temos que construir, pelo menos, mais dez. Mas precisamos ter dinheiro para colocar esses projetos em pauta\u201d, explicou o prefeito Capit\u00e3o Nelson.<\/p>\n\n\n\n<figure class=\"wp-block-image size-large\"><img decoding=\"async\" width=\"1024\" height=\"684\" src=\"https:\/\/sgvaimudar.com.br\/wp-content\/uploads\/2025\/06\/unnamed-28-1024x684.jpg\" alt=\"\" class=\"wp-image-26487\" srcset=\"https:\/\/sgvaimudar.com.br\/wp-content\/uploads\/2025\/06\/unnamed-28-1024x684.jpg 1024w, https:\/\/sgvaimudar.com.br\/wp-content\/uploads\/2025\/06\/unnamed-28-300x200.jpg 300w, https:\/\/sgvaimudar.com.br\/wp-content\/uploads\/2025\/06\/unnamed-28-768x513.jpg 768w, https:\/\/sgvaimudar.com.br\/wp-content\/uploads\/2025\/06\/unnamed-28-1536x1027.jpg 1536w, https:\/\/sgvaimudar.com.br\/wp-content\/uploads\/2025\/06\/unnamed-28.jpg 1616w\" sizes=\"(max-width: 1024px) 100vw, 1024px\" \/><\/figure>\n\n\n\n<p>Nesta sexta-feira (13), os funcion\u00e1rios estavam dando os retoques finais na unidade de educa\u00e7\u00e3o infantil e os grafiteiros do projeto Cidade Ilustrada estavam pintando o mural de todo o entorno da creche, que conta com oito salas de aula com banheiros adaptados infantis, frald\u00e1rio, cozinha, refeit\u00f3rio, salas para espa\u00e7os alternativos e toda a estrutura necess\u00e1ria para atender as crian\u00e7as. No terreno lateral, foi montada uma horta para os alunos.<\/p>\n\n\n\n<figure class=\"wp-block-image size-large\"><img decoding=\"async\" width=\"1024\" height=\"684\" src=\"https:\/\/sgvaimudar.com.br\/wp-content\/uploads\/2025\/06\/unnamed-26-1024x684.jpg\" alt=\"\" class=\"wp-image-26488\" srcset=\"https:\/\/sgvaimudar.com.br\/wp-content\/uploads\/2025\/06\/unnamed-26-1024x684.jpg 1024w, https:\/\/sgvaimudar.com.br\/wp-content\/uploads\/2025\/06\/unnamed-26-300x200.jpg 300w, https:\/\/sgvaimudar.com.br\/wp-content\/uploads\/2025\/06\/unnamed-26-768x513.jpg 768w, https:\/\/sgvaimudar.com.br\/wp-content\/uploads\/2025\/06\/unnamed-26-1536x1027.jpg 1536w, https:\/\/sgvaimudar.com.br\/wp-content\/uploads\/2025\/06\/unnamed-26.jpg 1616w\" sizes=\"(max-width: 1024px) 100vw, 1024px\" \/><\/figure>\n\n\n\n<p>A constru\u00e7\u00e3o cumpre uma das metas do Plano Estrat\u00e9gico Novos Rumos e \u00e9 fruto de um projeto de capta\u00e7\u00e3o de recursos da Secretaria Municipal de Gest\u00e3o Integrada e Projetos Especiais (Semgipe), em parceria com a Secretaria Municipal de Educa\u00e7\u00e3o, para atender as necessidade do aumento da oferta de vagas na educa\u00e7\u00e3o infantil.\u00a0<\/p>\n\n\n\n<figure class=\"wp-block-image size-large\"><img loading=\"lazy\" decoding=\"async\" width=\"1024\" height=\"684\" src=\"https:\/\/sgvaimudar.com.br\/wp-content\/uploads\/2025\/06\/unnamed-25-1024x684.jpg\" alt=\"\" class=\"wp-image-26490\" srcset=\"https:\/\/sgvaimudar.com.br\/wp-content\/uploads\/2025\/06\/unnamed-25-1024x684.jpg 1024w, https:\/\/sgvaimudar.com.br\/wp-content\/uploads\/2025\/06\/unnamed-25-300x200.jpg 300w, https:\/\/sgvaimudar.com.br\/wp-content\/uploads\/2025\/06\/unnamed-25-768x513.jpg 768w, https:\/\/sgvaimudar.com.br\/wp-content\/uploads\/2025\/06\/unnamed-25-1536x1027.jpg 1536w, https:\/\/sgvaimudar.com.br\/wp-content\/uploads\/2025\/06\/unnamed-25.jpg 1616w\" sizes=\"(max-width: 1024px) 100vw, 1024px\" \/><\/figure>\n\n\n\n<p>\u201cEstamos vendo mudan\u00e7as em v\u00e1rias \u00e1reas da cidade. Na sa\u00fade, na educa\u00e7\u00e3o e na infraestrutura. Quero agradecer ao governador Cl\u00e1udio Castro, que est\u00e1 investindo mais de R$600 milh\u00f5es em obras na cidade. Temos sempre que lembrar que ningu\u00e9m faz nada sozinho. A gente precisa sempre de um time que lute por uma S\u00e3o Gon\u00e7alo melhor e que est\u00e1 transformando essa cidade, como o governador e o deputado federal Altineu C\u00f4rtes. Ainda vamos trazer muitas outras conquistas para os moradores de S\u00e3o Gon\u00e7alo\u201d, afirmou o secret\u00e1rio de Estado das Cidades, Douglas Ruas, respons\u00e1vel pelos projetos das novas creches, quando ainda estava \u00e0 frente da Semgipe, na primeira gest\u00e3o do governo do Capit\u00e3o Nelson.<\/p>\n\n\n\n<p>As creches municipais s\u00e3o completamente novas e padronizadas. Elas atendem 100 estudantes em hor\u00e1rio integral cada uma. Al\u00e9m da creche do Jardim Miriambi, tamb\u00e9m est\u00e1 em fase de finaliza\u00e7\u00e3o a obra da creche do bairro Porto do Rosa. Em Jardim Miriambi, a comunidade tamb\u00e9m vai receber um campo de futebol society e uma pra\u00e7a com playground e academia para idosos, que comp\u00f5em a \u00e1rea externa em frente \u00e0 creche.<\/p>\n\n\n\n<p><strong><em>S\u00e3o Gon\u00e7alo vai mudar: Not\u00edcias de S\u00e3o Gon\u00e7alo e toda regi\u00e3o.<\/em><\/strong><\/p>\n\n\n\n<figure class=\"wp-block-image size-large\"><img loading=\"lazy\" decoding=\"async\" width=\"1024\" height=\"46\" src=\"https:\/\/sgvaimudar.com.br\/wp-content\/uploads\/2023\/08\/Anuncie-Aqui-Sao-Goncalo-vai-mudar-1024x46.png\" alt=\"\" class=\"wp-image-2740\" srcset=\"https:\/\/sgvaimudar.com.br\/wp-content\/uploads\/2023\/08\/Anuncie-Aqui-Sao-Goncalo-vai-mudar-1024x46.png 1024w, https:\/\/sgvaimudar.com.br\/wp-content\/uploads\/2023\/08\/Anuncie-Aqui-Sao-Goncalo-vai-mudar-300x13.png 300w, https:\/\/sgvaimudar.com.br\/wp-content\/uploads\/2023\/08\/Anuncie-Aqui-Sao-Goncalo-vai-mudar-768x35.png 768w, https:\/\/sgvaimudar.com.br\/wp-content\/uploads\/2023\/08\/Anuncie-Aqui-Sao-Goncalo-vai-mudar-1536x69.png 1536w, https:\/\/sgvaimudar.com.br\/wp-content\/uploads\/2023\/08\/Anuncie-Aqui-Sao-Goncalo-vai-mudar.png 2002w\" sizes=\"(max-width: 1024px) 100vw, 1024px\" \/><\/figure>\n","protected":false},"excerpt":{"rendered":"<p>Outras tr\u00eas unidades da Educa\u00e7\u00e3o Infantil est\u00e3o sendo constru\u00eddas&nbsp;&nbsp;&nbsp;&nbsp; O prefeito de S\u00e3o Gon\u00e7alo, Capit\u00e3o Nelson, ao lado do vice-prefeito&hellip;<\/p>\n","protected":false},"author":5,"featured_media":26489,"comment_status":"open","ping_status":"open","sticky":false,"template":"","format":"standard","meta":{"fifu_image_url":"","fifu_image_alt":"","footnotes":""},"categories":[3],"tags":[],"class_list":["post-26485","post","type-post","status-publish","format-standard","has-post-thumbnail","hentry","category-sao-goncalo"],"_links":{"self":[{"href":"https:\/\/sgvaimudar.com.br\/index.php\/wp-json\/wp\/v2\/posts\/26485","targetHints":{"allow":["GET"]}}],"collection":[{"href":"https:\/\/sgvaimudar.com.br\/index.php\/wp-json\/wp\/v2\/posts"}],"about":[{"href":"https:\/\/sgvaimudar.com.br\/index.php\/wp-json\/wp\/v2\/types\/post"}],"author":[{"embeddable":true,"href":"https:\/\/sgvaimudar.com.br\/index.php\/wp-json\/wp\/v2\/users\/5"}],"replies":[{"embeddable":true,"href":"https:\/\/sgvaimudar.com.br\/index.php\/wp-json\/wp\/v2\/comments?post=26485"}],"version-history":[{"count":1,"href":"https:\/\/sgvaimudar.com.br\/index.php\/wp-json\/wp\/v2\/posts\/26485\/revisions"}],"predecessor-version":[{"id":26491,"href":"https:\/\/sgvaimudar.com.br\/index.php\/wp-json\/wp\/v2\/posts\/26485\/revisions\/26491"}],"wp:featuredmedia":[{"embeddable":true,"href":"https:\/\/sgvaimudar.com.br\/index.php\/wp-json\/wp\/v2\/media\/26489"}],"wp:attachment":[{"href":"https:\/\/sgvaimudar.com.br\/index.php\/wp-json\/wp\/v2\/media?parent=26485"}],"wp:term":[{"taxonomy":"category","embeddable":true,"href":"https:\/\/sgvaimudar.com.br\/index.php\/wp-json\/wp\/v2\/categories?post=26485"},{"taxonomy":"post_tag","embeddable":true,"href":"https:\/\/sgvaimudar.com.br\/index.php\/wp-json\/wp\/v2\/tags?post=26485"}],"curies":[{"name":"wp","href":"https:\/\/api.w.org\/{rel}","templated":true}]}}