{"id":26474,"date":"2025-06-14T13:00:00","date_gmt":"2025-06-14T16:00:00","guid":{"rendered":"https:\/\/sgvaimudar.com.br\/?p=26474"},"modified":"2025-06-14T09:08:04","modified_gmt":"2025-06-14T12:08:04","slug":"prefeito-de-sao-goncalo-capitao-nelson-inaugura-nova-unidade-de-saude-em-vista-alegre","status":"publish","type":"post","link":"https:\/\/sgvaimudar.com.br\/index.php\/2025\/06\/14\/prefeito-de-sao-goncalo-capitao-nelson-inaugura-nova-unidade-de-saude-em-vista-alegre\/","title":{"rendered":"Prefeito de S\u00e3o Gon\u00e7alo Capit\u00e3o Nelson inaugura nova unidade de sa\u00fade em Vista Alegre"},"content":{"rendered":"\n<p><em>USF \u00e9 a 55\u00aa da rede b\u00e1sica a ser entregue pela gest\u00e3o do chefe do Executivo gon\u00e7alense\u00a0<\/em><\/p>\n\n\n\n<p>O prefeito do munic\u00edpio de S\u00e3o Gon\u00e7alo, Capit\u00e3o Nelson, inaugurou, nesta sexta-feira (13), a nova Unidade de Sa\u00fade da Fam\u00edlia (USF) de Vista Alegre. O posto vai dar mais dignidade aos usu\u00e1rios do local com ambientes humanizados, acess\u00edveis e novos servi\u00e7os. <\/p>\n\n\n\n<p>A unidade foi constru\u00edda do zero na Estrada S\u00e3o Pedro e vai substituir a antiga USF do bairro, que ficava na Rua Luis Gama. Esta \u00e9 a 55\u00aa unidade de sa\u00fade da rede b\u00e1sica entregue pela gest\u00e3o do Capit\u00e3o Nelson.<\/p>\n\n\n\n<figure class=\"wp-block-image size-large\"><img fetchpriority=\"high\" decoding=\"async\" width=\"1024\" height=\"684\" src=\"https:\/\/sgvaimudar.com.br\/wp-content\/uploads\/2025\/06\/unnamed-20-1-1024x684.jpg\" alt=\"\" class=\"wp-image-26478\" srcset=\"https:\/\/sgvaimudar.com.br\/wp-content\/uploads\/2025\/06\/unnamed-20-1-1024x684.jpg 1024w, https:\/\/sgvaimudar.com.br\/wp-content\/uploads\/2025\/06\/unnamed-20-1-300x200.jpg 300w, https:\/\/sgvaimudar.com.br\/wp-content\/uploads\/2025\/06\/unnamed-20-1-768x513.jpg 768w, https:\/\/sgvaimudar.com.br\/wp-content\/uploads\/2025\/06\/unnamed-20-1-1536x1027.jpg 1536w, https:\/\/sgvaimudar.com.br\/wp-content\/uploads\/2025\/06\/unnamed-20-1.jpg 1616w\" sizes=\"(max-width: 1024px) 100vw, 1024px\" \/><\/figure>\n\n\n\n<p>\u201cA sa\u00fade de S\u00e3o Gon\u00e7alo estava com d\u00e9cadas de atraso. Fizemos muito esfor\u00e7o e agora podemos entregar essa unidade para a popula\u00e7\u00e3o de Vista Alegre. Est\u00e1 tudo novo. A nossa miss\u00e3o \u00e9 cuidar bem das pessoas. Estamos aqui para orientar, acolher os pacientes. Temos que cumprir o nosso papel de servidor, que \u00e9 servir\u201d, disse o prefeito.<\/p>\n\n\n\n<figure class=\"wp-block-image size-large\"><img decoding=\"async\" width=\"1024\" height=\"684\" src=\"https:\/\/sgvaimudar.com.br\/wp-content\/uploads\/2025\/06\/unnamed-16-2-1024x684.jpg\" alt=\"\" class=\"wp-image-26475\" srcset=\"https:\/\/sgvaimudar.com.br\/wp-content\/uploads\/2025\/06\/unnamed-16-2-1024x684.jpg 1024w, https:\/\/sgvaimudar.com.br\/wp-content\/uploads\/2025\/06\/unnamed-16-2-300x200.jpg 300w, https:\/\/sgvaimudar.com.br\/wp-content\/uploads\/2025\/06\/unnamed-16-2-768x513.jpg 768w, https:\/\/sgvaimudar.com.br\/wp-content\/uploads\/2025\/06\/unnamed-16-2-1536x1027.jpg 1536w, https:\/\/sgvaimudar.com.br\/wp-content\/uploads\/2025\/06\/unnamed-16-2.jpg 1616w\" sizes=\"(max-width: 1024px) 100vw, 1024px\" \/><\/figure>\n\n\n\n<p>O vice-prefeito Jo\u00e3o Ventura refor\u00e7ou a fala do prefeito, destacando a import\u00e2ncia do bom atendimento. \u201cNada substitui o ser humano, o calor humano. Que a gente possa tratar as pessoas com empatia, com sa\u00fade eficiente e respeito. E ainda lembro que toda essa estrutura n\u00e3o \u00e9 s\u00f3 para os pacientes, mas tamb\u00e9m para os funcion\u00e1rios, que lutaram muito por isso aqui\u201d, afirmou.\u00a0<\/p>\n\n\n\n<figure class=\"wp-block-image size-large\"><img decoding=\"async\" width=\"1024\" height=\"684\" src=\"https:\/\/sgvaimudar.com.br\/wp-content\/uploads\/2025\/06\/unnamed-18-1-1024x684.jpg\" alt=\"\" class=\"wp-image-26476\" srcset=\"https:\/\/sgvaimudar.com.br\/wp-content\/uploads\/2025\/06\/unnamed-18-1-1024x684.jpg 1024w, https:\/\/sgvaimudar.com.br\/wp-content\/uploads\/2025\/06\/unnamed-18-1-300x200.jpg 300w, https:\/\/sgvaimudar.com.br\/wp-content\/uploads\/2025\/06\/unnamed-18-1-768x513.jpg 768w, https:\/\/sgvaimudar.com.br\/wp-content\/uploads\/2025\/06\/unnamed-18-1-1536x1027.jpg 1536w, https:\/\/sgvaimudar.com.br\/wp-content\/uploads\/2025\/06\/unnamed-18-1.jpg 1616w\" sizes=\"(max-width: 1024px) 100vw, 1024px\" \/><\/figure>\n\n\n\n<p>O secret\u00e1rio de Estado das Cidades, Douglas Ruas, lembrou que todas as constru\u00e7\u00f5es e revitaliza\u00e7\u00f5es fazem parte de um planejamento e que dependem de verba para concretiz\u00e1-las.<\/p>\n\n\n\n<p>\u201cNo in\u00edcio do governo do Capit\u00e3o Nelson, ele pediu para a gente fazer um plano com um eixo exclusivo para a sa\u00fade. N\u00f3s, da Secretaria Municipal de Gest\u00e3o Integrada e Projetos Especiais -Semgipe (da qual Douglas era o secret\u00e1rio) elaboramos o Plano Estrat\u00e9gico Novos Rumos e criamos o eixo Cidade Saud\u00e1vel para reestruturar toda a rede de sa\u00fade p\u00fablica de S\u00e3o Gon\u00e7alo. Assim fizemos e hoje estamos entregando a 55\u00aa unidade da rede b\u00e1sica&#8221;, comemorou.<\/p>\n\n\n\n<p>Douglas Ruas ainda destacou que todo o trabalho da atual gest\u00e3o \u00e9 fruto de uni\u00e3o.<\/p>\n\n\n\n<p>&#8220;Tudo que a gente vive hoje em S\u00e3o Gon\u00e7alo \u00e9 fruto da uni\u00e3o. O deputado federal Altineu Cortes, por exemplo, n\u00e3o p\u00f4de vir hoje, mas ele destina recursos, desde o in\u00edcio do governo do Capit\u00e3o Nelson. para que o prefeito possa fazer toda essa transforma\u00e7\u00e3o. Ningu\u00e9m faz nada sozinho. A gente precisa desse time que est\u00e1 transformando e ainda vai trazer muitas conquistas para os moradores de S\u00e3o Gon\u00e7alo\u201d, frisou o secret\u00e1rio.\u00a0<\/p>\n\n\n\n<figure class=\"wp-block-image size-large\"><img loading=\"lazy\" decoding=\"async\" width=\"1024\" height=\"684\" src=\"https:\/\/sgvaimudar.com.br\/wp-content\/uploads\/2025\/06\/unnamed-21-1-1024x684.jpg\" alt=\"\" class=\"wp-image-26479\" srcset=\"https:\/\/sgvaimudar.com.br\/wp-content\/uploads\/2025\/06\/unnamed-21-1-1024x684.jpg 1024w, https:\/\/sgvaimudar.com.br\/wp-content\/uploads\/2025\/06\/unnamed-21-1-300x200.jpg 300w, https:\/\/sgvaimudar.com.br\/wp-content\/uploads\/2025\/06\/unnamed-21-1-768x513.jpg 768w, https:\/\/sgvaimudar.com.br\/wp-content\/uploads\/2025\/06\/unnamed-21-1-1536x1027.jpg 1536w, https:\/\/sgvaimudar.com.br\/wp-content\/uploads\/2025\/06\/unnamed-21-1.jpg 1616w\" sizes=\"(max-width: 1024px) 100vw, 1024px\" \/><\/figure>\n\n\n\n<p>A nova unidade tem recep\u00e7\u00e3o ampla com sala de espera e frald\u00e1rio, sala para os agentes comunit\u00e1rios de sa\u00fade (ACs), consult\u00f3rios multifuncionais, odontol\u00f3gico e ginecol\u00f3gico, salas de curativo, imuniza\u00e7\u00e3o, coleta laboratorial, estoque, descontamina\u00e7\u00e3o, esteriliza\u00e7\u00e3o, copa, farm\u00e1cia, almoxarifado e \u00e1rea livre de conviv\u00eancia com jardim.&nbsp;<\/p>\n\n\n\n<p>Assim como todas as demais obras realizadas pela Secretaria de Sa\u00fade, a USF Vista Alegre obedece todas as adequa\u00e7\u00f5es gerais e de acessibilidade (rampa, piso t\u00e1til, barras, banheiros adaptados para pessoas com defici\u00eancia e com campainha de alerta) \u2013 tudo conforme as normas da Anvisa: a RDC 50, que diz respeito aos ambientes e a NBR 9050, sobre acessibilidade.&nbsp;<\/p>\n\n\n\n<p>\u201cIsso aqui \u00e9 uma luta de mais de 20 anos. O prefeito vem batalhando desde a \u00e9poca que era vereador para trazer uma unidade de mais respeito, com mais recursos e servi\u00e7os para a popula\u00e7\u00e3o do bairro. Minha palavra de hoje \u00e9 gratid\u00e3o a toda popula\u00e7\u00e3o que confiou o voto ao Capit\u00e3o Nelson. A gente busca, o tempo todo, ofertar mais melhorias e mais atendimentos\u201d, finalizou o vereador Nelsinho Ruas.&nbsp;<\/p>\n\n\n\n<p><strong>Horta<\/strong>&nbsp;\u2013 Nos fundos do terreno da USF Vista Alegre foi montada uma horta com \u00e1rvores frut\u00edferas e verduras para otimizar o uso do local. O respons\u00e1vel pela transforma\u00e7\u00e3o foi o secret\u00e1rio municipal de Agricultura e Pesca, Magno Jos\u00e9, o Magu dos Brinquedos, a pedido do prefeito Capit\u00e3o Nelson. \u201cVamos usar todos os espa\u00e7os vazios de unidades para construir hortas como essa, que podem servir aos funcion\u00e1rios e, quem sabe, beneficiar tamb\u00e9m a popula\u00e7\u00e3o. Vamos cuidar desse espa\u00e7o tamb\u00e9m\u201d, disse o prefeito.<\/p>\n\n\n\n<p><strong>Unidades da rede b\u00e1sica entregues:&nbsp;<\/strong><\/p>\n\n\n\n<p>1 &#8211; Santa Luzia&nbsp;<\/p>\n\n\n\n<p>2 &#8211; Robert Koch, Patronato&nbsp;<\/p>\n\n\n\n<p>3 &#8211; Mahatma Ghandi, Jardim Calif\u00f3rnia&nbsp;<\/p>\n\n\n\n<p>4 &#8211; Jos\u00e9 Avelino, Tribob\u00f3&nbsp;<\/p>\n\n\n\n<p>5 &#8211; Haroldo Pereira Nunes, Porto Novo&nbsp;<\/p>\n\n\n\n<p>6 &#8211; Barbosa Lima Sobrinho, Porto da Pedra&nbsp;<\/p>\n\n\n\n<p>7 &#8211; Badger da Silveira, Tribob\u00f3&nbsp;&nbsp;<\/p>\n\n\n\n<p>8 &#8211; Madre Tereza de Calcut\u00e1, Estrela do Norte&nbsp;<\/p>\n\n\n\n<p>9 &#8211; Jos\u00e9 Jorge Cortes Freitas, Itaitindiba&nbsp;<\/p>\n\n\n\n<p>10 &#8211; An\u00edbal Porto, Monjolos&nbsp;<\/p>\n\n\n\n<p>11 &#8211; Geremias de Mattos Fontes, Jardim Bom Retiro&nbsp;<\/p>\n\n\n\n<p>12 &#8211; Luiza de Marillac, Novo M\u00e9xico&nbsp;<\/p>\n\n\n\n<p>13 &#8211; Irm\u00e3 Dulce, Trindade&nbsp;&nbsp;<\/p>\n\n\n\n<p>14 &#8211; Hiparco Ferreira, Engenho do Ro\u00e7ado&nbsp;<\/p>\n\n\n\n<p>15 &#8211; Fl\u00e1vio Henrique de Brito, J\u00f3quei&nbsp;<\/p>\n\n\n\n<p>16 &#8211; Get\u00falio Vargas, Boa Vista&nbsp;<\/p>\n\n\n\n<p>17 &#8211; Candoza&nbsp;<\/p>\n\n\n\n<p>18 &#8211; Floren\u00e7a Helena Pereira, Largo da Ideia&nbsp;&nbsp;<\/p>\n\n\n\n<p>19 &#8211; Anaia&nbsp;<\/p>\n\n\n\n<p>20 &#8211; Victor Chimelly, Paiva&nbsp;<\/p>\n\n\n\n<p>21 &#8211; Tancredo Neves, Luiz Ca\u00e7ador&nbsp;<\/p>\n\n\n\n<p>22 &#8211; Neuza Goulart, em Palmeiras&nbsp;<\/p>\n\n\n\n<p>23 &#8211; Jos\u00e9 Bruno Neto, Boa Vista&nbsp;<\/p>\n\n\n\n<p>24 &#8211; Altair da Silva, Mutu\u00e1&nbsp;<\/p>\n\n\n\n<p>25 &#8211; Juvenil Francisco Ribeiro, Engenho Pequeno&nbsp;<\/p>\n\n\n\n<p>26 &#8211; Luiz Carlos Prestes, Santa Catarina&nbsp;<\/p>\n\n\n\n<p>27 &#8211; Adolfo Lutz, Amendoeira<\/p>\n\n\n\n<p>28 &#8211; Armando Le\u00e3o Ferreira, Morro do Castro&nbsp;<\/p>\n\n\n\n<p>29 &#8211; Bento da Cruz, Porto Novo&nbsp;<\/p>\n\n\n\n<p>30 &#8211; Louis Pasteur, Guaxindiba&nbsp;<\/p>\n\n\n\n<p>31 &#8211; Agenor Jos\u00e9 da Silva, Jardim Catarina&nbsp;<\/p>\n\n\n\n<p>32 &#8211; Doutel de Andrade, Maria Paula&nbsp;<\/p>\n\n\n\n<p>33 &#8211; Marechal C\u00e2ndido Rondon, Coluband\u00ea&nbsp;<\/p>\n\n\n\n<p>34 &#8211; Gladys Rodrigues Ramos Freitas, Santa Isabel&nbsp;<\/p>\n\n\n\n<p>35 &#8211; Cl\u00ednica Gon\u00e7alense do Coluband\u00ea<\/p>\n\n\n\n<p>36 &#8211; Bocayuva Cunha, Gradim<\/p>\n\n\n\n<p>37 &#8211; Roberto Silveira, Vista Alegre<\/p>\n\n\n\n<p>38 &#8211; Albert Sabin, Salgueiro&nbsp;<\/p>\n\n\n\n<p>39 &#8211; Elza Borges, Santa Luzia<\/p>\n\n\n\n<p>40 &#8211; Polo Sanit\u00e1rio Jorge Teixeira de Lima, Jardim Catarina<\/p>\n\n\n\n<p>41 &#8211; Josias Muniz, Arrast\u00e3o&nbsp;<\/p>\n\n\n\n<p>42 &#8211; Maril\u00e9a Cardoso, J\u00f3quei<\/p>\n\n\n\n<p>43 &#8211; David Capistrano, Recanto das Ac\u00e1cias<\/p>\n\n\n\n<p>44 &#8211; \u00c1gua Mineral<\/p>\n\n\n\n<p>45 &#8211; Carlos Chagas, Fazenda dos Mineiros<\/p>\n\n\n\n<p>46 &#8211; Ita\u00fana&nbsp;<\/p>\n\n\n\n<p>47 &#8211; Em\u00edlio Ribas, Barrac\u00e3o<\/p>\n\n\n\n<p>48 &#8211; Juarez Antunes, Laranjal<\/p>\n\n\n\n<p>49 &#8211; Luiz Paulo Guimar\u00e3es, Laranjal<\/p>\n\n\n\n<p>50 &#8211; Ana Nery, Gradim<\/p>\n\n\n\n<p>51 &#8211; Bandeirantes<\/p>\n\n\n\n<p>52 &#8211; Jardim Catarina I<\/p>\n\n\n\n<p>53 &#8211; Floriano Barbosa, Jardim Catarina<\/p>\n\n\n\n<p>54 &#8211; Manoel de Abreu, Sacramento&nbsp;<\/p>\n\n\n\n<p>55 &#8211; Vista Alegre<\/p>\n\n\n\n<p><strong>Especializada<\/strong><\/p>\n\n\n\n<p>Pam Neves &#8211; Em julho de 2023<\/p>\n\n\n\n<p>Ciesg &#8211; Em junho de 2023<\/p>\n\n\n\n<p><strong>Urg\u00eancia e emerg\u00eancia<\/strong><\/p>\n\n\n\n<p>HCCOR &#8211; Em dezembro de 2022<\/p>\n\n\n\n<p><strong>Locais em obra de revitaliza\u00e7\u00e3o e constru\u00e7\u00e3o<\/strong><\/p>\n\n\n\n<p>1 &#8211; Cl\u00ednica de Neves&nbsp;<\/p>\n\n\n\n<p>2 &#8211; Cl\u00ednica Lagoinha<\/p>\n\n\n\n<p>3 &#8211; Mutuagua\u00e7u<\/p>\n\n\n\n<p>4 &#8211; Oswaldo Cruz, Amendoeira<\/p>\n\n\n\n<p>5 &#8211; Jo\u00e3o Goulart, Jardim Catarina&nbsp;<\/p>\n\n\n\n<p>6 &#8211; Brasil\u00e2ndia<\/p>\n\n\n\n<p>7 &#8211; Polo Sanit\u00e1rio Rio do Ouro<\/p>\n\n\n\n<p>8 &#8211; PAM Coelho<\/p>\n\n\n\n<p>9 &#8211; Hospital de Retaguarda Gon\u00e7alense<\/p>\n\n\n\n<p><em>Fotos: Renan Ott<\/em>o<\/p>\n\n\n\n<p><strong><em>S\u00e3o Gon\u00e7alo vai mudar: Not\u00edcias de S\u00e3o Gon\u00e7alo e toda regi\u00e3o.<\/em><\/strong><\/p>\n\n\n\n<figure class=\"wp-block-image size-large\"><img loading=\"lazy\" decoding=\"async\" width=\"1024\" height=\"252\" src=\"https:\/\/sgvaimudar.com.br\/wp-content\/uploads\/2025\/03\/Anuncie-Aqui-Sao-Goncalo-vai-mudar-1024x252.jpg\" alt=\"\" class=\"wp-image-22693\" srcset=\"https:\/\/sgvaimudar.com.br\/wp-content\/uploads\/2025\/03\/Anuncie-Aqui-Sao-Goncalo-vai-mudar-1024x252.jpg 1024w, https:\/\/sgvaimudar.com.br\/wp-content\/uploads\/2025\/03\/Anuncie-Aqui-Sao-Goncalo-vai-mudar-300x74.jpg 300w, https:\/\/sgvaimudar.com.br\/wp-content\/uploads\/2025\/03\/Anuncie-Aqui-Sao-Goncalo-vai-mudar-768x189.jpg 768w, https:\/\/sgvaimudar.com.br\/wp-content\/uploads\/2025\/03\/Anuncie-Aqui-Sao-Goncalo-vai-mudar-1536x378.jpg 1536w, https:\/\/sgvaimudar.com.br\/wp-content\/uploads\/2025\/03\/Anuncie-Aqui-Sao-Goncalo-vai-mudar-2048x504.jpg 2048w\" sizes=\"(max-width: 1024px) 100vw, 1024px\" \/><\/figure>\n","protected":false},"excerpt":{"rendered":"<p>USF \u00e9 a 55\u00aa da rede b\u00e1sica a ser entregue pela gest\u00e3o do chefe do Executivo gon\u00e7alense\u00a0 O prefeito do&hellip;<\/p>\n","protected":false},"author":5,"featured_media":26477,"comment_status":"open","ping_status":"open","sticky":false,"template":"","format":"standard","meta":{"fifu_image_url":"","fifu_image_alt":"","footnotes":""},"categories":[7],"tags":[],"class_list":["post-26474","post","type-post","status-publish","format-standard","has-post-thumbnail","hentry","category-saude"],"_links":{"self":[{"href":"https:\/\/sgvaimudar.com.br\/index.php\/wp-json\/wp\/v2\/posts\/26474","targetHints":{"allow":["GET"]}}],"collection":[{"href":"https:\/\/sgvaimudar.com.br\/index.php\/wp-json\/wp\/v2\/posts"}],"about":[{"href":"https:\/\/sgvaimudar.com.br\/index.php\/wp-json\/wp\/v2\/types\/post"}],"author":[{"embeddable":true,"href":"https:\/\/sgvaimudar.com.br\/index.php\/wp-json\/wp\/v2\/users\/5"}],"replies":[{"embeddable":true,"href":"https:\/\/sgvaimudar.com.br\/index.php\/wp-json\/wp\/v2\/comments?post=26474"}],"version-history":[{"count":1,"href":"https:\/\/sgvaimudar.com.br\/index.php\/wp-json\/wp\/v2\/posts\/26474\/revisions"}],"predecessor-version":[{"id":26480,"href":"https:\/\/sgvaimudar.com.br\/index.php\/wp-json\/wp\/v2\/posts\/26474\/revisions\/26480"}],"wp:featuredmedia":[{"embeddable":true,"href":"https:\/\/sgvaimudar.com.br\/index.php\/wp-json\/wp\/v2\/media\/26477"}],"wp:attachment":[{"href":"https:\/\/sgvaimudar.com.br\/index.php\/wp-json\/wp\/v2\/media?parent=26474"}],"wp:term":[{"taxonomy":"category","embeddable":true,"href":"https:\/\/sgvaimudar.com.br\/index.php\/wp-json\/wp\/v2\/categories?post=26474"},{"taxonomy":"post_tag","embeddable":true,"href":"https:\/\/sgvaimudar.com.br\/index.php\/wp-json\/wp\/v2\/tags?post=26474"}],"curies":[{"name":"wp","href":"https:\/\/api.w.org\/{rel}","templated":true}]}}