{"id":26470,"date":"2025-06-14T12:00:00","date_gmt":"2025-06-14T15:00:00","guid":{"rendered":"https:\/\/sgvaimudar.com.br\/?p=26470"},"modified":"2025-06-14T08:59:56","modified_gmt":"2025-06-14T11:59:56","slug":"turistas-ganham-placas-de-sinalizacao-no-alto-do-gaia-instaladas-pela-prefeitura","status":"publish","type":"post","link":"https:\/\/sgvaimudar.com.br\/index.php\/2025\/06\/14\/turistas-ganham-placas-de-sinalizacao-no-alto-do-gaia-instaladas-pela-prefeitura\/","title":{"rendered":"Turistas ganham placas de sinaliza\u00e7\u00e3o no Alto do Gaia instaladas pela Prefeitura"},"content":{"rendered":"\n<p><em>Iniciativa visa incentivar o turismo no ponto mais alto da cidade<\/em><\/p>\n\n\n\n<p>Os visitantes da trilha do Alto do Gaia, localizada em Santa Izabel, no segundo distrito de S\u00e3o Gon\u00e7alo ganharam placas de sinaliza\u00e7\u00e3o instaladas pelas Secretarias Municipais de Meio Ambiente e Transportes e de Comunica\u00e7\u00e3o Social.<\/p>\n\n\n\n<p>A iniciativa busca facilitar o acesso e valorizar o ecoturismo na regi\u00e3o. As placas foram instaladas a pedido da Secretaria de Turismo e Cultura em pontos estrat\u00e9gicos, como na Pra\u00e7a de Santa Izabel, na rua da Unidade de Sa\u00fade Fam\u00edlia Jos\u00e9 Jorge Cortes Freitas, ao longo da trilha, indicando o caminho a ser seguido pelos aventureiros, e no topo do percurso, sinalizando o ponto mais alto do munic\u00edpio.<\/p>\n\n\n\n<figure class=\"wp-block-image size-large\"><img fetchpriority=\"high\" decoding=\"async\" width=\"1024\" height=\"684\" src=\"https:\/\/sgvaimudar.com.br\/wp-content\/uploads\/2025\/06\/unnamed-14-3-1024x684.jpg\" alt=\"\" class=\"wp-image-26472\" srcset=\"https:\/\/sgvaimudar.com.br\/wp-content\/uploads\/2025\/06\/unnamed-14-3-1024x684.jpg 1024w, https:\/\/sgvaimudar.com.br\/wp-content\/uploads\/2025\/06\/unnamed-14-3-300x200.jpg 300w, https:\/\/sgvaimudar.com.br\/wp-content\/uploads\/2025\/06\/unnamed-14-3-768x513.jpg 768w, https:\/\/sgvaimudar.com.br\/wp-content\/uploads\/2025\/06\/unnamed-14-3-1536x1027.jpg 1536w, https:\/\/sgvaimudar.com.br\/wp-content\/uploads\/2025\/06\/unnamed-14-3.jpg 1616w\" sizes=\"(max-width: 1024px) 100vw, 1024px\" \/><\/figure>\n\n\n\n<p>Com 538 metros de altitude, o Alto do Gaia oferece uma vista panor\u00e2mica da regi\u00e3o, sendo poss\u00edvel avistar \u00e1reas dos munic\u00edpios de Maric\u00e1, Itabora\u00ed e da Serra dos \u00d3rg\u00e3os. Tamb\u00e9m \u00e9 poss\u00edvel observar a \u00c1rea de Prote\u00e7\u00e3o Ambiental (APA) de Guapimirim, que, apesar do nome, tem in\u00edcio em S\u00e3o Gon\u00e7alo e se estende por outras cidades vizinhas, como Itabora\u00ed, Mag\u00e9 e a pr\u00f3pria Guapimirim. A trilha tem n\u00edvel de dificuldade moderado a elevado e faz parte da Serra de Itaitindiba.<\/p>\n\n\n\n<p>\u201cO Alto do Gaia \u00e9 um lugar incr\u00edvel, que contrasta com muitas regi\u00f5es da nossa cidade, como o Centro ou Alc\u00e2ntara. \u00c9 rural, \u00e9 serra, \u00e9 desbravador. A presen\u00e7a do poder p\u00fablico \u00e9 essencial para fortalecer, valorizar e potencializar esse destino. \u00c9 uma alegria fazer parte dessa hist\u00f3ria e contribuir para que mais pessoas vivenciem essa experi\u00eancia\u201d, afirmou o guia de turismo Bruno Freire, que acompanhou a instala\u00e7\u00e3o das placas e atua na condu\u00e7\u00e3o de trilhas pela regi\u00e3o. Interessados em conhecer o trabalho do guia podem seguir seu Instagram: @bruno_freedom.<\/p>\n\n\n\n<p>As placas foram confeccionadas pela Secretaria de Meio Ambiente e Transportes, em parceria com a Secretaria de Comunica\u00e7\u00e3o Social, que acompanhou todo o processo de instala\u00e7\u00e3o.<\/p>\n\n\n\n<p>\u201cA sinaliza\u00e7\u00e3o adequada \u00e9 uma forma de garantir seguran\u00e7a, promover a preserva\u00e7\u00e3o ambiental e incentivar o turismo sustent\u00e1vel. O Alto do Gaia \u00e9 um patrim\u00f4nio natural da nossa cidade, merece ser valorizado e estamos trabalhando para isso\u201d, destacou o secret\u00e1rio de Meio Ambiente e Transportes, F\u00e1bio Lemos.<\/p>\n\n\n\n<p>Para o secret\u00e1rio de Comunica\u00e7\u00e3o, Alexandre Coutinho, a a\u00e7\u00e3o tamb\u00e9m refor\u00e7a o compromisso da gest\u00e3o municipal com a divulga\u00e7\u00e3o dos potenciais tur\u00edsticos da cidade.&nbsp;<\/p>\n\n\n\n<p>\u201cA comunica\u00e7\u00e3o tem um papel fundamental em aproximar o cidad\u00e3o do que S\u00e3o Gon\u00e7alo tem de melhor. Estar junto nesse projeto significa tamb\u00e9m fortalecer a imagem da cidade como um destino de turismo, natureza e aventura\u201d, afirmou Coutinho.<\/p>\n\n\n\n<p>O Alto do Gaia integra uma das quatro \u00c1reas de Prote\u00e7\u00e3o Ambiental (APAs) do munic\u00edpio, ao lado das APAs de Maria Paula, Engenho Pequeno e Itaoca. O local \u00e9 procurado por praticantes de atividades ao ar livre, como caminhadas, escaladas, mountain bike e voo livre, e vem se consolidando como um importante ponto de ecoturismo da regi\u00e3o.<\/p>\n\n\n\n<p><em>Fotos: Renan Otto<\/em><\/p>\n\n\n\n<p><strong><em>S\u00e3o Gon\u00e7alo vai mudar: Not\u00edcias de S\u00e3o Gon\u00e7alo e toda regi\u00e3o.<\/em><\/strong><\/p>\n\n\n\n<figure class=\"wp-block-image size-large\"><img decoding=\"async\" width=\"1024\" height=\"252\" src=\"https:\/\/sgvaimudar.com.br\/wp-content\/uploads\/2025\/03\/Anuncie-Aqui-Sao-Goncalo-vai-mudar-1024x252.jpg\" alt=\"\" class=\"wp-image-22693\" srcset=\"https:\/\/sgvaimudar.com.br\/wp-content\/uploads\/2025\/03\/Anuncie-Aqui-Sao-Goncalo-vai-mudar-1024x252.jpg 1024w, https:\/\/sgvaimudar.com.br\/wp-content\/uploads\/2025\/03\/Anuncie-Aqui-Sao-Goncalo-vai-mudar-300x74.jpg 300w, https:\/\/sgvaimudar.com.br\/wp-content\/uploads\/2025\/03\/Anuncie-Aqui-Sao-Goncalo-vai-mudar-768x189.jpg 768w, https:\/\/sgvaimudar.com.br\/wp-content\/uploads\/2025\/03\/Anuncie-Aqui-Sao-Goncalo-vai-mudar-1536x378.jpg 1536w, https:\/\/sgvaimudar.com.br\/wp-content\/uploads\/2025\/03\/Anuncie-Aqui-Sao-Goncalo-vai-mudar-2048x504.jpg 2048w\" sizes=\"(max-width: 1024px) 100vw, 1024px\" \/><\/figure>\n","protected":false},"excerpt":{"rendered":"<p>Iniciativa visa incentivar o turismo no ponto mais alto da cidade Os visitantes da trilha do Alto do Gaia, localizada&hellip;<\/p>\n","protected":false},"author":5,"featured_media":26471,"comment_status":"open","ping_status":"open","sticky":false,"template":"","format":"standard","meta":{"fifu_image_url":"","fifu_image_alt":"","footnotes":""},"categories":[3],"tags":[],"class_list":["post-26470","post","type-post","status-publish","format-standard","has-post-thumbnail","hentry","category-sao-goncalo"],"_links":{"self":[{"href":"https:\/\/sgvaimudar.com.br\/index.php\/wp-json\/wp\/v2\/posts\/26470","targetHints":{"allow":["GET"]}}],"collection":[{"href":"https:\/\/sgvaimudar.com.br\/index.php\/wp-json\/wp\/v2\/posts"}],"about":[{"href":"https:\/\/sgvaimudar.com.br\/index.php\/wp-json\/wp\/v2\/types\/post"}],"author":[{"embeddable":true,"href":"https:\/\/sgvaimudar.com.br\/index.php\/wp-json\/wp\/v2\/users\/5"}],"replies":[{"embeddable":true,"href":"https:\/\/sgvaimudar.com.br\/index.php\/wp-json\/wp\/v2\/comments?post=26470"}],"version-history":[{"count":1,"href":"https:\/\/sgvaimudar.com.br\/index.php\/wp-json\/wp\/v2\/posts\/26470\/revisions"}],"predecessor-version":[{"id":26473,"href":"https:\/\/sgvaimudar.com.br\/index.php\/wp-json\/wp\/v2\/posts\/26470\/revisions\/26473"}],"wp:featuredmedia":[{"embeddable":true,"href":"https:\/\/sgvaimudar.com.br\/index.php\/wp-json\/wp\/v2\/media\/26471"}],"wp:attachment":[{"href":"https:\/\/sgvaimudar.com.br\/index.php\/wp-json\/wp\/v2\/media?parent=26470"}],"wp:term":[{"taxonomy":"category","embeddable":true,"href":"https:\/\/sgvaimudar.com.br\/index.php\/wp-json\/wp\/v2\/categories?post=26470"},{"taxonomy":"post_tag","embeddable":true,"href":"https:\/\/sgvaimudar.com.br\/index.php\/wp-json\/wp\/v2\/tags?post=26470"}],"curies":[{"name":"wp","href":"https:\/\/api.w.org\/{rel}","templated":true}]}}