{"id":26466,"date":"2025-06-14T11:00:00","date_gmt":"2025-06-14T14:00:00","guid":{"rendered":"https:\/\/sgvaimudar.com.br\/?p=26466"},"modified":"2025-06-14T08:54:24","modified_gmt":"2025-06-14T11:54:24","slug":"projeto-meu-ambiente-promove-atividade-ludica-sobre-reciclagem-em-escola-de-santa-izabel","status":"publish","type":"post","link":"https:\/\/sgvaimudar.com.br\/index.php\/2025\/06\/14\/projeto-meu-ambiente-promove-atividade-ludica-sobre-reciclagem-em-escola-de-santa-izabel\/","title":{"rendered":"Projeto \u201cMeu Ambiente\u201d promove atividade l\u00fadica sobre reciclagem em escola de Santa Izabel"},"content":{"rendered":"\n<p><em>Alunos da Educa\u00e7\u00e3o Infantil participaram de jogo educativo sobre descarte correto do lixo<\/em><\/p>\n\n\n\n<p>Alunos da Educa\u00e7\u00e3o Infantil da Escola Municipal C\u00e9lia Pereira da Rosa, no bairro Santa Izabel, em S\u00e3o Gon\u00e7alo, participaram, nesta quinta-feira (12), de mais uma a\u00e7\u00e3o do Projeto &#8220;Meu Ambiente&#8221;. A a\u00e7\u00e3o s\u00f3 foi poss\u00edvel gra\u00e7as a Secretaria municipal de Meio Ambiente em parceria com a Secretaria municipal de Educa\u00e7\u00e3o. A atividade foi desenvolvida com os alunos da turma de Pr\u00e9 II, em alus\u00e3o ao Dia Mundial da Reciclagem, comemorado em 17 de maio.<\/p>\n\n\n\n<p>De forma l\u00fadica e interativa, os pequenos participaram de um jogo da mem\u00f3ria tem\u00e1tico, em que precisavam associar diferentes tipos de res\u00edduos \u00e0s lixeiras corretas, de acordo com as cores que representam o sistema de coleta seletiva. A din\u00e2mica estimulou o racioc\u00ednio l\u00f3gico, a aten\u00e7\u00e3o e, principalmente, a reflex\u00e3o sobre a import\u00e2ncia do descarte consciente desde a inf\u00e2ncia.<\/p>\n\n\n\n<figure class=\"wp-block-image size-large\"><img fetchpriority=\"high\" decoding=\"async\" width=\"1024\" height=\"576\" src=\"https:\/\/sgvaimudar.com.br\/wp-content\/uploads\/2025\/06\/unnamed-11-4-1024x576.jpg\" alt=\"\" class=\"wp-image-26467\" srcset=\"https:\/\/sgvaimudar.com.br\/wp-content\/uploads\/2025\/06\/unnamed-11-4-1024x576.jpg 1024w, https:\/\/sgvaimudar.com.br\/wp-content\/uploads\/2025\/06\/unnamed-11-4-300x169.jpg 300w, https:\/\/sgvaimudar.com.br\/wp-content\/uploads\/2025\/06\/unnamed-11-4-768x432.jpg 768w, https:\/\/sgvaimudar.com.br\/wp-content\/uploads\/2025\/06\/unnamed-11-4.jpg 1280w\" sizes=\"(max-width: 1024px) 100vw, 1024px\" \/><\/figure>\n\n\n\n<p>Segundo a educadora ambiental e coordenadora do projeto, Glauce Batista Junior, trabalhar temas ambientais com as crian\u00e7as desde cedo \u00e9 fundamental para a forma\u00e7\u00e3o de cidad\u00e3os mais conscientes e respons\u00e1veis.<\/p>\n\n\n\n<p>\u201cEnsinar sobre a separa\u00e7\u00e3o correta dos res\u00edduos e a import\u00e2ncia da reciclagem desde os primeiros anos escolares \u00e9 essencial para desenvolver atitudes sustent\u00e1veis. Atrav\u00e9s do jogo, conseguimos despertar nas crian\u00e7as o entendimento de que cada tipo de res\u00edduo tem seu lugar certo. Essa atividade \u00e9 simples, mas tem grande impacto na constru\u00e7\u00e3o de uma consci\u00eancia ambiental coletiva e respons\u00e1vel\u201d, afirmou.<\/p>\n\n\n\n<p>\u201cEssa atividade acrescentou muito \u00e0 viv\u00eancia que as crian\u00e7as j\u00e1 vinham tendo. N\u00f3s trabalhamos a Semana do Meio Ambiente e, hoje, tivemos uma consolida\u00e7\u00e3o desse aprendizado. Foi muito bom, pois pude perceber que eles realmente assimilaram alguns dos conte\u00fados que foram passados e o projeto agregou ainda mais atrav\u00e9s dessa brincadeira\u201d, acrescentou a professora Hytiara Mendon\u00e7a Ara\u00fajo, que solicitou a abordagem do tema.<\/p>\n\n\n\n<p>O Projeto \u201cMeu Ambiente\u201d tem como objetivo principal integrar a educa\u00e7\u00e3o ambiental ao cotidiano escolar, promovendo atividades pr\u00e1ticas, viv\u00eancias e reflex\u00f5es sobre temas do calend\u00e1rio ambiental, como reciclagem, preserva\u00e7\u00e3o, consumo consciente e sustentabilidade. A iniciativa faz parte do Programa Municipal de Educa\u00e7\u00e3o Ambiental (ProMEA S\u00e3o Gon\u00e7alo) e atende \u00e0s diretrizes da Resolu\u00e7\u00e3o Conjunta SEAS\/INEA N\u00ba 039\/2021.<\/p>\n\n\n\n<p><strong><em>S\u00e3o Gon\u00e7alo vai mudar: Not\u00edcias de S\u00e3o Gon\u00e7alo e toda regi\u00e3o.<\/em><\/strong><\/p>\n\n\n\n<figure class=\"wp-block-image size-large\"><img decoding=\"async\" width=\"1024\" height=\"46\" src=\"https:\/\/sgvaimudar.com.br\/wp-content\/uploads\/2023\/08\/Anuncie-Aqui-Sao-Goncalo-vai-mudar-1024x46.png\" alt=\"\" class=\"wp-image-2740\" srcset=\"https:\/\/sgvaimudar.com.br\/wp-content\/uploads\/2023\/08\/Anuncie-Aqui-Sao-Goncalo-vai-mudar-1024x46.png 1024w, https:\/\/sgvaimudar.com.br\/wp-content\/uploads\/2023\/08\/Anuncie-Aqui-Sao-Goncalo-vai-mudar-300x13.png 300w, https:\/\/sgvaimudar.com.br\/wp-content\/uploads\/2023\/08\/Anuncie-Aqui-Sao-Goncalo-vai-mudar-768x35.png 768w, https:\/\/sgvaimudar.com.br\/wp-content\/uploads\/2023\/08\/Anuncie-Aqui-Sao-Goncalo-vai-mudar-1536x69.png 1536w, https:\/\/sgvaimudar.com.br\/wp-content\/uploads\/2023\/08\/Anuncie-Aqui-Sao-Goncalo-vai-mudar.png 2002w\" sizes=\"(max-width: 1024px) 100vw, 1024px\" \/><\/figure>\n","protected":false},"excerpt":{"rendered":"<p>Alunos da Educa\u00e7\u00e3o Infantil participaram de jogo educativo sobre descarte correto do lixo Alunos da Educa\u00e7\u00e3o Infantil da Escola Municipal&hellip;<\/p>\n","protected":false},"author":5,"featured_media":26468,"comment_status":"open","ping_status":"open","sticky":false,"template":"","format":"standard","meta":{"fifu_image_url":"","fifu_image_alt":"","footnotes":""},"categories":[3],"tags":[],"class_list":["post-26466","post","type-post","status-publish","format-standard","has-post-thumbnail","hentry","category-sao-goncalo"],"_links":{"self":[{"href":"https:\/\/sgvaimudar.com.br\/index.php\/wp-json\/wp\/v2\/posts\/26466","targetHints":{"allow":["GET"]}}],"collection":[{"href":"https:\/\/sgvaimudar.com.br\/index.php\/wp-json\/wp\/v2\/posts"}],"about":[{"href":"https:\/\/sgvaimudar.com.br\/index.php\/wp-json\/wp\/v2\/types\/post"}],"author":[{"embeddable":true,"href":"https:\/\/sgvaimudar.com.br\/index.php\/wp-json\/wp\/v2\/users\/5"}],"replies":[{"embeddable":true,"href":"https:\/\/sgvaimudar.com.br\/index.php\/wp-json\/wp\/v2\/comments?post=26466"}],"version-history":[{"count":1,"href":"https:\/\/sgvaimudar.com.br\/index.php\/wp-json\/wp\/v2\/posts\/26466\/revisions"}],"predecessor-version":[{"id":26469,"href":"https:\/\/sgvaimudar.com.br\/index.php\/wp-json\/wp\/v2\/posts\/26466\/revisions\/26469"}],"wp:featuredmedia":[{"embeddable":true,"href":"https:\/\/sgvaimudar.com.br\/index.php\/wp-json\/wp\/v2\/media\/26468"}],"wp:attachment":[{"href":"https:\/\/sgvaimudar.com.br\/index.php\/wp-json\/wp\/v2\/media?parent=26466"}],"wp:term":[{"taxonomy":"category","embeddable":true,"href":"https:\/\/sgvaimudar.com.br\/index.php\/wp-json\/wp\/v2\/categories?post=26466"},{"taxonomy":"post_tag","embeddable":true,"href":"https:\/\/sgvaimudar.com.br\/index.php\/wp-json\/wp\/v2\/tags?post=26466"}],"curies":[{"name":"wp","href":"https:\/\/api.w.org\/{rel}","templated":true}]}}