{"id":26457,"date":"2025-06-14T08:31:18","date_gmt":"2025-06-14T11:31:18","guid":{"rendered":"https:\/\/sgvaimudar.com.br\/?p=26457"},"modified":"2025-06-14T08:31:18","modified_gmt":"2025-06-14T11:31:18","slug":"cadela-e-atingida-por-flecha-em-niteroi-e-policia-investiga-caso-de-maus-tratos","status":"publish","type":"post","link":"https:\/\/sgvaimudar.com.br\/index.php\/2025\/06\/14\/cadela-e-atingida-por-flecha-em-niteroi-e-policia-investiga-caso-de-maus-tratos\/","title":{"rendered":"Cadela \u00e9 atingida por flecha em Niter\u00f3i e pol\u00edcia investiga caso de maus tratos"},"content":{"rendered":"\n<p><em>O caso est\u00e1 sob investiga\u00e7\u00e3o da 79\u00aa Delegacia de Pol\u00edcia (Jurujuba)<\/em><\/p>\n\n\n\n<p>Uma cadela foi brutalmente atingida por uma flecha no bairro de Pendotiba, em Niter\u00f3i. O caso, que configura crime de maus-tratos a animais, est\u00e1 sob investiga\u00e7\u00e3o da 79\u00aa Delegacia de Pol\u00edcia (Jurujuba).<\/p>\n\n\n\n<p>A den\u00fancia partiu de Andr\u00e9a dos Santos Alves, moradora que h\u00e1 cerca de dois meses acolheu a cadela, carinhosamente chamada de Pretinha. O incidente ocorreu na \u00faltima semana, gerando grande susto e preocupa\u00e7\u00e3o para Andr\u00e9a.<\/p>\n\n\n\n<p>&#8220;Ela chegou em casa gritando muito, e por causa da dor ela mesma tirou a flecha. Com a ajuda de um veterin\u00e1rio, ele me auxiliou nos procedimentos&#8221;, relatou Andr\u00e9a ao g1.<\/p>\n\n\n\n<p>O ocorrido foi imediatamente levado ao conhecimento da Comiss\u00e3o de Direitos dos Animais da C\u00e2mara de Niter\u00f3i. <\/p>\n\n\n\n<p>O vereador Daniel Marques, presidente da Comiss\u00e3o, ressaltou a gravidade do ato: &#8220;Maus-tratos com animais \u00e9 crime, de 2 a 5 anos e \u00e9 inafian\u00e7\u00e1vel, \u00e9 isso que a popula\u00e7\u00e3o precisa entender e a gente pede ajuda&#8221;, disse o parlamentar.<\/p>\n\n\n\n<p>Nesta sexta-feira, Andrea compartilhou uma imagem de Pretinha j\u00e1 recuperada e sem ferimentos, demonstrando a melhora da cadela. No entanto, a moradora clama por justi\u00e7a e espera que as autoridades identifiquem o respons\u00e1vel pela agress\u00e3o. <\/p>\n\n\n\n<p>&#8220;Se faz isso com um animal, imagine com uma pessoa, com um ser humano&#8221;, lamentou Andr\u00e9a, ao expressar a preocupa\u00e7\u00e3o com a impunidade e a crueldade do ato.<\/p>\n\n\n\n<p><em>Reportagem: Mauro J\u00fanior<\/em><\/p>\n\n\n\n<p><strong><em>Fa\u00e7a sua den\u00fancia pelo nosso WhatsApp: (21) <\/em><\/strong><strong><em>99744 5345<\/em><\/strong><strong><em><\/em><\/strong><\/p>\n\n\n\n<p><strong><em>S\u00e3o Gon\u00e7alo vai mudar: Not\u00edcias de S\u00e3o Gon\u00e7alo e toda regi\u00e3o.<\/em><\/strong><\/p>\n\n\n\n<figure class=\"wp-block-image size-large\"><img fetchpriority=\"high\" decoding=\"async\" width=\"1024\" height=\"252\" src=\"https:\/\/sgvaimudar.com.br\/wp-content\/uploads\/2025\/03\/Anuncie-Aqui-Sao-Goncalo-vai-mudar-1024x252.jpg\" alt=\"\" class=\"wp-image-22693\" srcset=\"https:\/\/sgvaimudar.com.br\/wp-content\/uploads\/2025\/03\/Anuncie-Aqui-Sao-Goncalo-vai-mudar-1024x252.jpg 1024w, https:\/\/sgvaimudar.com.br\/wp-content\/uploads\/2025\/03\/Anuncie-Aqui-Sao-Goncalo-vai-mudar-300x74.jpg 300w, https:\/\/sgvaimudar.com.br\/wp-content\/uploads\/2025\/03\/Anuncie-Aqui-Sao-Goncalo-vai-mudar-768x189.jpg 768w, https:\/\/sgvaimudar.com.br\/wp-content\/uploads\/2025\/03\/Anuncie-Aqui-Sao-Goncalo-vai-mudar-1536x378.jpg 1536w, https:\/\/sgvaimudar.com.br\/wp-content\/uploads\/2025\/03\/Anuncie-Aqui-Sao-Goncalo-vai-mudar-2048x504.jpg 2048w\" sizes=\"(max-width: 1024px) 100vw, 1024px\" \/><\/figure>\n","protected":false},"excerpt":{"rendered":"<p>O caso est\u00e1 sob investiga\u00e7\u00e3o da 79\u00aa Delegacia de Pol\u00edcia (Jurujuba) Uma cadela foi brutalmente atingida por uma flecha no&hellip;<\/p>\n","protected":false},"author":5,"featured_media":19030,"comment_status":"open","ping_status":"open","sticky":false,"template":"","format":"standard","meta":{"fifu_image_url":"","fifu_image_alt":"","footnotes":""},"categories":[32],"tags":[],"class_list":["post-26457","post","type-post","status-publish","format-standard","has-post-thumbnail","hentry","category-casos-de-policia"],"_links":{"self":[{"href":"https:\/\/sgvaimudar.com.br\/index.php\/wp-json\/wp\/v2\/posts\/26457","targetHints":{"allow":["GET"]}}],"collection":[{"href":"https:\/\/sgvaimudar.com.br\/index.php\/wp-json\/wp\/v2\/posts"}],"about":[{"href":"https:\/\/sgvaimudar.com.br\/index.php\/wp-json\/wp\/v2\/types\/post"}],"author":[{"embeddable":true,"href":"https:\/\/sgvaimudar.com.br\/index.php\/wp-json\/wp\/v2\/users\/5"}],"replies":[{"embeddable":true,"href":"https:\/\/sgvaimudar.com.br\/index.php\/wp-json\/wp\/v2\/comments?post=26457"}],"version-history":[{"count":1,"href":"https:\/\/sgvaimudar.com.br\/index.php\/wp-json\/wp\/v2\/posts\/26457\/revisions"}],"predecessor-version":[{"id":26458,"href":"https:\/\/sgvaimudar.com.br\/index.php\/wp-json\/wp\/v2\/posts\/26457\/revisions\/26458"}],"wp:featuredmedia":[{"embeddable":true,"href":"https:\/\/sgvaimudar.com.br\/index.php\/wp-json\/wp\/v2\/media\/19030"}],"wp:attachment":[{"href":"https:\/\/sgvaimudar.com.br\/index.php\/wp-json\/wp\/v2\/media?parent=26457"}],"wp:term":[{"taxonomy":"category","embeddable":true,"href":"https:\/\/sgvaimudar.com.br\/index.php\/wp-json\/wp\/v2\/categories?post=26457"},{"taxonomy":"post_tag","embeddable":true,"href":"https:\/\/sgvaimudar.com.br\/index.php\/wp-json\/wp\/v2\/tags?post=26457"}],"curies":[{"name":"wp","href":"https:\/\/api.w.org\/{rel}","templated":true}]}}