{"id":26450,"date":"2025-06-13T21:00:00","date_gmt":"2025-06-14T00:00:00","guid":{"rendered":"https:\/\/sgvaimudar.com.br\/?p=26450"},"modified":"2025-06-13T11:34:35","modified_gmt":"2025-06-13T14:34:35","slug":"israel-lanca-grande-ataque-contra-alvos-nucleares-e-comandantes-militares-do-ira-o-que-se-sabe-ate-agora","status":"publish","type":"post","link":"https:\/\/sgvaimudar.com.br\/index.php\/2025\/06\/13\/israel-lanca-grande-ataque-contra-alvos-nucleares-e-comandantes-militares-do-ira-o-que-se-sabe-ate-agora\/","title":{"rendered":"Israel lan\u00e7a grande ataque contra alvos nucleares e comandantes militares do Ir\u00e3: o que se sabe at\u00e9 agora"},"content":{"rendered":"\n<p><em>Ataque militar de Israel ao Ir\u00e3 despertou temores de um conflito mais amplo no Oriente M\u00e9dio<\/em><\/p>\n\n\n\n<p>Israel realizou uma s\u00e9rie de ataques de grande propor\u00e7\u00e3o contra o\u00a0Ir\u00e3\u00a0na madrugada desta sexta-feira (13\/06) em hor\u00e1rio local \u2014 noite desta quinta-feira (12\/06) no Brasil. Por sua vez, o governo israelenses declarou estado de emerg\u00eancia no seu territ\u00f3rio na expectativa de retalia\u00e7\u00f5es.<\/p>\n\n\n\n<p>Israel diz que o Ir\u00e3 lan\u00e7ou cerca de 100 drones em dire\u00e7\u00e3o a Israel na manh\u00e3 de sexta-feira e, de acordo com as For\u00e7as de Defesa de Israel (FDI), muitos deles foram interceptados.<\/p>\n\n\n\n<p>Segundo a m\u00eddia estatal iraniana, o chefe do Corpo da Guarda Revolucion\u00e1ria Isl\u00e2mica, Hossein Salami, e o cientista Fereydoon Abbasi, ex-chefe da ag\u00eancia nuclear do pa\u00eds,\u00a0foram mortos nos ataques\u00a0de Israel na sexta-feira. O Ir\u00e3 disse que seis cientistas nucleares morreram.<\/p>\n\n\n\n<p>A morte de Salami \u00e9 um duro golpe para Teer\u00e3. A Guarda Revolucion\u00e1ria Isl\u00e2mica (GRI) \u00e9 uma for\u00e7a militar estrat\u00e9gica, pol\u00edtica e econ\u00f4mica no Ir\u00e3, com la\u00e7os estreitos com o l\u00edder supremo do pa\u00eds, aiatol\u00e1 Ali Khamenei.<\/p>\n\n\n\n<p>O ministro das Rela\u00e7\u00f5es Exteriores do Ir\u00e3, Abbas Araghchi, afirmou que os ataques israelenses foram uma &#8220;declara\u00e7\u00e3o de guerra&#8221; em uma carta \u00e0s Na\u00e7\u00f5es Unidas, segundo a ag\u00eancia de not\u00edcias AFP. A carta tamb\u00e9m afirma que Araghchi pediu ao Conselho de Seguran\u00e7a da ONU que &#8220;trate imediatamente desta quest\u00e3o&#8221;.<\/p>\n\n\n\n<p>O porta-voz das For\u00e7as Armadas do Ir\u00e3, Abolfazl Shekarchi, afirmou que os Estados Unidos e Israel pagar\u00e3o um &#8220;pre\u00e7o alto&#8221;, segundo a ag\u00eancia Reuters.<\/p>\n\n\n\n<p>Os EUA, no entanto, declararam que o ataque foi uma decis\u00e3o &#8220;unilateral&#8221; de Israel. Em Tel Aviv, israelenses est\u00e3o estocando comida e \u00e1gua na expectativa de uma resposta do Ir\u00e3.<\/p>\n\n\n\n<p>O\u00a0primeiro-ministro israelense, Benjamin Netanyahu, afirmou em pronunciamento que o ataque &#8220;atingiu o cora\u00e7\u00e3o do programa de enriquecimento nuclear do Ir\u00e3&#8221; e teve como alvo cientistas iranianos que trabalhavam no desenvolvimento de bombas.<\/p>\n\n\n\n<p>A principal instala\u00e7\u00e3o de enriquecimento do Ir\u00e3, na cidade de Natanz, a cerca de 225 km ao sul da capital Teer\u00e3, foi atacada, disse Netanyahu.<\/p>\n\n\n\n<p>&#8220;Ap\u00f3s o ataque preventivo do Estado de Israel contra o Ir\u00e3, um ataque com m\u00edsseis e drones contra o Estado de Israel e sua popula\u00e7\u00e3o civil \u00e9 esperado em um futuro pr\u00f3ximo&#8221;, diz comunicado do Minist\u00e9rio de Defesa israelense.<\/p>\n\n\n\n<p>As For\u00e7as de Defesa de Israel (FDI) escreveram nas redes sociais que dezenas de jatos &#8220;completaram a primeira etapa&#8221; do ataque, que inclui dezenas de alvos militares e nucleares do Ir\u00e3.<\/p>\n\n\n\n<p>A m\u00eddia estatal iraniana noticiou que \u00e1reas residenciais da capital foram atingidas, al\u00e9m do quartel-general da Guarda Revolucion\u00e1ria \u2014 bra\u00e7o das for\u00e7as armadas e uma das institui\u00e7\u00f5es mais poderosas do pa\u00eds.<\/p>\n\n\n\n<p>Voos no Aeroporto Internacional Imam Khomeini, em Teer\u00e3, est\u00e3o suspensos.<\/p>\n\n\n\n<p>Em Jerusal\u00e9m, moradores foram acordados por sirenes seguidas de um alerta no celular.<\/p>\n\n\n\n<p>Em nota, Netanyahu afirmou que a opera\u00e7\u00e3o, chamada de Le\u00e3o Ascendente, &#8220;continuar\u00e1 por quantos dias forem necess\u00e1rios&#8221;.<\/p>\n\n\n\n<p>&#8220;Nos \u00faltimos meses, o Ir\u00e3 tomou medidas nunca antes tomadas, medidas para transformar este ur\u00e2nio enriquecido em arma&#8221;, afirmou o primeiro-ministro.<\/p>\n\n\n\n<p>&#8220;Se n\u00e3o for interrompido, o Ir\u00e3 poder\u00e1 produzir uma arma nuclear em um prazo muito curto. Pode levar um ano. Pode levar alguns meses, menos de um ano. Este \u00e9 um perigo claro e presente para a pr\u00f3pria sobreviv\u00eancia de Israel&#8221;<\/p>\n\n\n\n<h2 class=\"wp-block-heading\" id=\"Apenas-come\u00e7ando\">&#8216;Apenas come\u00e7ando&#8217;<\/h2>\n\n\n\n<p>Israel disse nesta sexta-feira que a Opera\u00e7\u00e3o Rising Lion (&#8220;Le\u00e3o Crescente&#8221;) est\u00e1 apenas come\u00e7ando.<\/p>\n\n\n\n<p>Os ataques realizados at\u00e9 agora n\u00e3o visaram apenas pessoas e pontos do programa nuclear iraniano, mas tamb\u00e9m as defesas a\u00e9reas do pa\u00eds. Segundo Paul Adams, rep\u00f3rter de assuntos diplom\u00e1ticos da BBC, isso sugere que Israel est\u00e1 preparando o terreno para novos ataques nos pr\u00f3ximos dias.<\/p>\n\n\n\n<p><strong><em>S\u00e3o Gon\u00e7alo vai mudar: Not\u00edcias de S\u00e3o Gon\u00e7alo e toda regi\u00e3o.<\/em><\/strong><\/p>\n\n\n\n<figure class=\"wp-block-image size-large\"><img fetchpriority=\"high\" decoding=\"async\" width=\"1024\" height=\"252\" src=\"https:\/\/sgvaimudar.com.br\/wp-content\/uploads\/2025\/03\/Anuncie-Aqui-Sao-Goncalo-vai-mudar-1024x252.jpg\" alt=\"\" class=\"wp-image-22693\" srcset=\"https:\/\/sgvaimudar.com.br\/wp-content\/uploads\/2025\/03\/Anuncie-Aqui-Sao-Goncalo-vai-mudar-1024x252.jpg 1024w, https:\/\/sgvaimudar.com.br\/wp-content\/uploads\/2025\/03\/Anuncie-Aqui-Sao-Goncalo-vai-mudar-300x74.jpg 300w, https:\/\/sgvaimudar.com.br\/wp-content\/uploads\/2025\/03\/Anuncie-Aqui-Sao-Goncalo-vai-mudar-768x189.jpg 768w, https:\/\/sgvaimudar.com.br\/wp-content\/uploads\/2025\/03\/Anuncie-Aqui-Sao-Goncalo-vai-mudar-1536x378.jpg 1536w, https:\/\/sgvaimudar.com.br\/wp-content\/uploads\/2025\/03\/Anuncie-Aqui-Sao-Goncalo-vai-mudar-2048x504.jpg 2048w\" sizes=\"(max-width: 1024px) 100vw, 1024px\" \/><\/figure>\n","protected":false},"excerpt":{"rendered":"<p>Ataque militar de Israel ao Ir\u00e3 despertou temores de um conflito mais amplo no Oriente M\u00e9dio Israel realizou uma s\u00e9rie&hellip;<\/p>\n","protected":false},"author":5,"featured_media":26451,"comment_status":"open","ping_status":"open","sticky":false,"template":"","format":"standard","meta":{"fifu_image_url":"","fifu_image_alt":"","footnotes":""},"categories":[1],"tags":[],"class_list":["post-26450","post","type-post","status-publish","format-standard","has-post-thumbnail","hentry","category-mundo"],"_links":{"self":[{"href":"https:\/\/sgvaimudar.com.br\/index.php\/wp-json\/wp\/v2\/posts\/26450","targetHints":{"allow":["GET"]}}],"collection":[{"href":"https:\/\/sgvaimudar.com.br\/index.php\/wp-json\/wp\/v2\/posts"}],"about":[{"href":"https:\/\/sgvaimudar.com.br\/index.php\/wp-json\/wp\/v2\/types\/post"}],"author":[{"embeddable":true,"href":"https:\/\/sgvaimudar.com.br\/index.php\/wp-json\/wp\/v2\/users\/5"}],"replies":[{"embeddable":true,"href":"https:\/\/sgvaimudar.com.br\/index.php\/wp-json\/wp\/v2\/comments?post=26450"}],"version-history":[{"count":1,"href":"https:\/\/sgvaimudar.com.br\/index.php\/wp-json\/wp\/v2\/posts\/26450\/revisions"}],"predecessor-version":[{"id":26452,"href":"https:\/\/sgvaimudar.com.br\/index.php\/wp-json\/wp\/v2\/posts\/26450\/revisions\/26452"}],"wp:featuredmedia":[{"embeddable":true,"href":"https:\/\/sgvaimudar.com.br\/index.php\/wp-json\/wp\/v2\/media\/26451"}],"wp:attachment":[{"href":"https:\/\/sgvaimudar.com.br\/index.php\/wp-json\/wp\/v2\/media?parent=26450"}],"wp:term":[{"taxonomy":"category","embeddable":true,"href":"https:\/\/sgvaimudar.com.br\/index.php\/wp-json\/wp\/v2\/categories?post=26450"},{"taxonomy":"post_tag","embeddable":true,"href":"https:\/\/sgvaimudar.com.br\/index.php\/wp-json\/wp\/v2\/tags?post=26450"}],"curies":[{"name":"wp","href":"https:\/\/api.w.org\/{rel}","templated":true}]}}