{"id":26442,"date":"2025-06-13T19:00:00","date_gmt":"2025-06-13T22:00:00","guid":{"rendered":"https:\/\/sgvaimudar.com.br\/?p=26442"},"modified":"2025-06-13T11:07:14","modified_gmt":"2025-06-13T14:07:14","slug":"itaborai-realiza-acao-social-mulher-com-servicos-gratuitos-neste-sabado-14","status":"publish","type":"post","link":"https:\/\/sgvaimudar.com.br\/index.php\/2025\/06\/13\/itaborai-realiza-acao-social-mulher-com-servicos-gratuitos-neste-sabado-14\/","title":{"rendered":"Itabora\u00ed realiza a\u00e7\u00e3o \u201cSocial Mulher\u201d com servi\u00e7os gratuitos neste s\u00e1bado 14"},"content":{"rendered":"\n<p><em>O evento ser\u00e1 realizado na Pra\u00e7a Alarico Antunes, no Centro<\/em><\/p>\n\n\n\n<p>As mulheres itaboraienses v\u00e3o ganhar, neste s\u00e1bado (14\/06), das 8h \u00e0s 12h, o evento \u201cSocial Mulher\u201d, na Pra\u00e7a Alarico Antunes, no Centro. A iniciativa, da Prefeitura de Itabora\u00ed, por meio da Subsecretaria de Pol\u00edticas da Mulher, tem como objetivo oferecer servi\u00e7os gratuitos voltados ao bem-estar, \u00e0 sa\u00fade e ao fortalecimento dos direitos delas, al\u00e9m de proporcionar momentos de cuidado e valoriza\u00e7\u00e3o feminina.<\/p>\n\n\n\n<p>Durante a a\u00e7\u00e3o, a popula\u00e7\u00e3o ter\u00e1 acesso a uma s\u00e9rie de atendimentos, como maquiagem, massagem, corte de cabelo, design de sobrancelhas, tran\u00e7as, est\u00e9tica facial e spa de m\u00e3os. Para as crian\u00e7as, haver\u00e1 pintura facial e oficinas infantis. Tamb\u00e9m ser\u00e3o oferecidos servi\u00e7os essenciais como aferi\u00e7\u00e3o de press\u00e3o, vacina\u00e7\u00e3o contra Influenza, atendimento jur\u00eddico e psicol\u00f3gico, orienta\u00e7\u00f5es com assistente social e sa\u00fade bucal.<\/p>\n\n\n\n<figure class=\"wp-block-image size-large\"><img fetchpriority=\"high\" decoding=\"async\" width=\"1024\" height=\"768\" src=\"https:\/\/sgvaimudar.com.br\/wp-content\/uploads\/2025\/06\/Itaborai-realiza-acao-Social-Mulher-com-servicos-gratuitos-neste-sabado-1024x768.jpeg\" alt=\"\" class=\"wp-image-26443\" srcset=\"https:\/\/sgvaimudar.com.br\/wp-content\/uploads\/2025\/06\/Itaborai-realiza-acao-Social-Mulher-com-servicos-gratuitos-neste-sabado-1024x768.jpeg 1024w, https:\/\/sgvaimudar.com.br\/wp-content\/uploads\/2025\/06\/Itaborai-realiza-acao-Social-Mulher-com-servicos-gratuitos-neste-sabado-300x225.jpeg 300w, https:\/\/sgvaimudar.com.br\/wp-content\/uploads\/2025\/06\/Itaborai-realiza-acao-Social-Mulher-com-servicos-gratuitos-neste-sabado-768x576.jpeg 768w, https:\/\/sgvaimudar.com.br\/wp-content\/uploads\/2025\/06\/Itaborai-realiza-acao-Social-Mulher-com-servicos-gratuitos-neste-sabado-1536x1152.jpeg 1536w, https:\/\/sgvaimudar.com.br\/wp-content\/uploads\/2025\/06\/Itaborai-realiza-acao-Social-Mulher-com-servicos-gratuitos-neste-sabado.jpeg 1600w\" sizes=\"(max-width: 1024px) 100vw, 1024px\" \/><\/figure>\n\n\n\n<p>Um dos destaques do evento ser\u00e1 a presen\u00e7a da especialista em seguran\u00e7a feminina \u00c9rica Paes, criadora do programa \u201cEmpodera Mulher\u201d. Ela \u00e9 superintendente de Empoderamento e Equidade de G\u00eanero da Secretaria de Desenvolvimento Social e Direitos Humanos do Estado do Rio de Janeiro, fundadora do Instituto de Defesa da Mulher (IDMEP) e conselheira titular do Conselho dos Direitos da Mulher da Cidade do Rio de Janeiro \u2013 CODIM-Rio (2024 a 2027). \u00c9rica tamb\u00e9m \u00e9 pioneira do MMA feminino no Brasil, faixa preta 6\u00ba grau de jiu-j\u00edtsu e campe\u00e3 mundial pela IBJJF.<\/p>\n\n\n\n<p>A subsecret\u00e1ria municipal de Pol\u00edticas da Mulher, Joana Lage, destaca a import\u00e2ncia da iniciativa para aproximar os servi\u00e7os p\u00fablicos da popula\u00e7\u00e3o feminina.<\/p>\n\n\n\n<p>\u201cO Social Mulher \u00e9 uma a\u00e7\u00e3o de cuidado, acolhimento e informa\u00e7\u00e3o. Queremos fortalecer a rede de prote\u00e7\u00e3o e promover o protagonismo das mulheres de Itabora\u00ed, mostrando que elas n\u00e3o est\u00e3o sozinhas. A presen\u00e7a da \u00c9rica Paes torna o evento ainda mais inspirador, por tudo o que ela representa na luta pelos direitos das mulheres e na valoriza\u00e7\u00e3o da autoestima e da seguran\u00e7a feminina\u201d, afirmou a subsecret\u00e1ria.<\/p>\n\n\n\n<p>Vale destacar que o evento conta com a parceria da Secretaria Municipal de Governo, Secretaria Municipal de Turismo e Eventos, Secretaria Municipal de Sa\u00fade, Secretaria Municipal de Desenvolvimento Social, da Ordem dos Advogados do Brasil (OAB) e do projeto Empoderadas Social.<\/p>\n\n\n\n<p><strong><em>S\u00e3o Gon\u00e7alo vai mudar: Not\u00edcias de S\u00e3o Gon\u00e7alo e toda regi\u00e3o.<\/em><\/strong><\/p>\n\n\n\n<figure class=\"wp-block-image size-large\"><img decoding=\"async\" width=\"1024\" height=\"252\" src=\"https:\/\/sgvaimudar.com.br\/wp-content\/uploads\/2025\/03\/Anuncie-Aqui-Sao-Goncalo-vai-mudar-1024x252.jpg\" alt=\"\" class=\"wp-image-22693\" srcset=\"https:\/\/sgvaimudar.com.br\/wp-content\/uploads\/2025\/03\/Anuncie-Aqui-Sao-Goncalo-vai-mudar-1024x252.jpg 1024w, https:\/\/sgvaimudar.com.br\/wp-content\/uploads\/2025\/03\/Anuncie-Aqui-Sao-Goncalo-vai-mudar-300x74.jpg 300w, https:\/\/sgvaimudar.com.br\/wp-content\/uploads\/2025\/03\/Anuncie-Aqui-Sao-Goncalo-vai-mudar-768x189.jpg 768w, https:\/\/sgvaimudar.com.br\/wp-content\/uploads\/2025\/03\/Anuncie-Aqui-Sao-Goncalo-vai-mudar-1536x378.jpg 1536w, https:\/\/sgvaimudar.com.br\/wp-content\/uploads\/2025\/03\/Anuncie-Aqui-Sao-Goncalo-vai-mudar-2048x504.jpg 2048w\" sizes=\"(max-width: 1024px) 100vw, 1024px\" \/><\/figure>\n","protected":false},"excerpt":{"rendered":"<p>O evento ser\u00e1 realizado na Pra\u00e7a Alarico Antunes, no Centro As mulheres itaboraienses v\u00e3o ganhar, neste s\u00e1bado (14\/06), das 8h&hellip;<\/p>\n","protected":false},"author":5,"featured_media":26444,"comment_status":"open","ping_status":"open","sticky":false,"template":"","format":"standard","meta":{"fifu_image_url":"","fifu_image_alt":"","footnotes":""},"categories":[7],"tags":[],"class_list":["post-26442","post","type-post","status-publish","format-standard","has-post-thumbnail","hentry","category-saude"],"_links":{"self":[{"href":"https:\/\/sgvaimudar.com.br\/index.php\/wp-json\/wp\/v2\/posts\/26442","targetHints":{"allow":["GET"]}}],"collection":[{"href":"https:\/\/sgvaimudar.com.br\/index.php\/wp-json\/wp\/v2\/posts"}],"about":[{"href":"https:\/\/sgvaimudar.com.br\/index.php\/wp-json\/wp\/v2\/types\/post"}],"author":[{"embeddable":true,"href":"https:\/\/sgvaimudar.com.br\/index.php\/wp-json\/wp\/v2\/users\/5"}],"replies":[{"embeddable":true,"href":"https:\/\/sgvaimudar.com.br\/index.php\/wp-json\/wp\/v2\/comments?post=26442"}],"version-history":[{"count":1,"href":"https:\/\/sgvaimudar.com.br\/index.php\/wp-json\/wp\/v2\/posts\/26442\/revisions"}],"predecessor-version":[{"id":26445,"href":"https:\/\/sgvaimudar.com.br\/index.php\/wp-json\/wp\/v2\/posts\/26442\/revisions\/26445"}],"wp:featuredmedia":[{"embeddable":true,"href":"https:\/\/sgvaimudar.com.br\/index.php\/wp-json\/wp\/v2\/media\/26444"}],"wp:attachment":[{"href":"https:\/\/sgvaimudar.com.br\/index.php\/wp-json\/wp\/v2\/media?parent=26442"}],"wp:term":[{"taxonomy":"category","embeddable":true,"href":"https:\/\/sgvaimudar.com.br\/index.php\/wp-json\/wp\/v2\/categories?post=26442"},{"taxonomy":"post_tag","embeddable":true,"href":"https:\/\/sgvaimudar.com.br\/index.php\/wp-json\/wp\/v2\/tags?post=26442"}],"curies":[{"name":"wp","href":"https:\/\/api.w.org\/{rel}","templated":true}]}}