{"id":26429,"date":"2025-06-13T14:00:00","date_gmt":"2025-06-13T17:00:00","guid":{"rendered":"https:\/\/sgvaimudar.com.br\/?p=26429"},"modified":"2025-06-13T10:28:39","modified_gmt":"2025-06-13T13:28:39","slug":"itaborai-amplia-conhecimento-sobre-prep-com-capacitacao-para-profissionais-da-rede-municipal-de-saude","status":"publish","type":"post","link":"https:\/\/sgvaimudar.com.br\/index.php\/2025\/06\/13\/itaborai-amplia-conhecimento-sobre-prep-com-capacitacao-para-profissionais-da-rede-municipal-de-saude\/","title":{"rendered":"Itabora\u00ed amplia conhecimento sobre PrEP com capacita\u00e7\u00e3o para profissionais da rede municipal de sa\u00fade"},"content":{"rendered":"\n<p>A Prefeitura de Itabora\u00ed, por meio da Secretaria Municipal de Sa\u00fade (SEMSA), promoveu, nesta quinta-feira (12\/06), no Sal\u00e3o Nobre da Prefeitura, no Centro, uma capacita\u00e7\u00e3o sobre a Profilaxia Pr\u00e9-Exposi\u00e7\u00e3o (PrEP) voltada a profissionais da rede, com o objetivo de ampliar o acesso e o entendimento sobre esse importante m\u00e9todo de preven\u00e7\u00e3o ao HIV. <\/p>\n\n\n\n<p>A atividade foi conduzida pela equipe do Servi\u00e7o de Aten\u00e7\u00e3o Especializada em Infec\u00e7\u00f5es Sexualmente Transmiss\u00edveis (IST), Aids e Hepatites Virais (SAE), em parceria com o N\u00facleo de Educa\u00e7\u00e3o e Pesquisa Permanente em Sa\u00fade (NEPPS).<\/p>\n\n\n\n<figure class=\"wp-block-image size-large\"><img fetchpriority=\"high\" decoding=\"async\" width=\"1024\" height=\"576\" src=\"https:\/\/sgvaimudar.com.br\/wp-content\/uploads\/2025\/06\/Itaborai-amplia-conhecimento-sobre-PrEP-com-capacitacao-para-profissionais-da-rede-municipal-de-saude-3-1024x576.jpeg\" alt=\"\" class=\"wp-image-26431\" srcset=\"https:\/\/sgvaimudar.com.br\/wp-content\/uploads\/2025\/06\/Itaborai-amplia-conhecimento-sobre-PrEP-com-capacitacao-para-profissionais-da-rede-municipal-de-saude-3-1024x576.jpeg 1024w, https:\/\/sgvaimudar.com.br\/wp-content\/uploads\/2025\/06\/Itaborai-amplia-conhecimento-sobre-PrEP-com-capacitacao-para-profissionais-da-rede-municipal-de-saude-3-300x169.jpeg 300w, https:\/\/sgvaimudar.com.br\/wp-content\/uploads\/2025\/06\/Itaborai-amplia-conhecimento-sobre-PrEP-com-capacitacao-para-profissionais-da-rede-municipal-de-saude-3-768x432.jpeg 768w, https:\/\/sgvaimudar.com.br\/wp-content\/uploads\/2025\/06\/Itaborai-amplia-conhecimento-sobre-PrEP-com-capacitacao-para-profissionais-da-rede-municipal-de-saude-3-1536x864.jpeg 1536w, https:\/\/sgvaimudar.com.br\/wp-content\/uploads\/2025\/06\/Itaborai-amplia-conhecimento-sobre-PrEP-com-capacitacao-para-profissionais-da-rede-municipal-de-saude-3.jpeg 1600w\" sizes=\"(max-width: 1024px) 100vw, 1024px\" \/><\/figure>\n\n\n\n<p>Ministrada por Fernando Em\u00eddio, farmac\u00eautico da Fiocruz e da rede de sa\u00fade de Petr\u00f3polis, a capacita\u00e7\u00e3o apresentou desde os conceitos iniciais da PrEP at\u00e9 sua implementa\u00e7\u00e3o pr\u00e1tica em munic\u00edpios que j\u00e1 descentralizaram o atendimento \u2014 como \u00e9 o caso de Petr\u00f3polis, pioneira na oferta do servi\u00e7o por profissionais n\u00e3o m\u00e9dicos. <\/p>\n\n\n\n<p>Durante a forma\u00e7\u00e3o, o ministrante destacou n\u00e3o s\u00f3 os aspectos cl\u00ednicos da PrEP, mas tamb\u00e9m as barreiras enfrentadas, como estigma, preconceito e desinforma\u00e7\u00e3o. O encontro teve um car\u00e1ter pr\u00e1tico, com o objetivo de preparar os profissionais para que se tornem multiplicadores das informa\u00e7\u00f5es em suas unidades, contribuindo para o aumento da procura pelos servi\u00e7os ofertados no SAE.<\/p>\n\n\n\n<p>Participaram do encontro equipes multidisciplinares do SAE, da Estrat\u00e9gia Multidisciplinar (EMulti), do Consult\u00f3rio na Rua, farmac\u00eauticos do Hospital Municipal Desembargador Leal J\u00fanior (HMDLJ), profissionais da rede municipal, al\u00e9m da equipe de coordena\u00e7\u00e3o do NEPPS.<\/p>\n\n\n\n<p>\u201cA capacita\u00e7\u00e3o sobre PrEP representa mais um passo importante na constru\u00e7\u00e3o de uma rede de sa\u00fade cada vez mais preparada, acolhedora e comprometida com a preven\u00e7\u00e3o. Ampliar o acesso \u00e0 PrEP \u00e9 uma prioridade da nossa gest\u00e3o, pois acreditamos na import\u00e2ncia de ofertar servi\u00e7os com qualidade, informa\u00e7\u00e3o e respeito \u00e0 diversidade. A descentraliza\u00e7\u00e3o desse atendimento vai permitir que mais pessoas se protejam e vivam com mais sa\u00fade e dignidade\u201d, destacou a secret\u00e1ria municipal de Sa\u00fade, Analice Rangel.<\/p>\n\n\n\n<p>Atualmente, o atendimento com PrEP \u00e9 oferecido no pr\u00f3prio SAE, localizado na Avenida Luiz Fernando de Oliveira Nanci, lote 17, quadra 13, no bairro Nancil\u00e2ndia, pr\u00f3ximo ao Hospital Municipal. O servi\u00e7o funciona de segunda a sexta-feira, das 8h \u00e0s 17h, e o paciente pode comparecer diretamente para solicitar o agendamento. <\/p>\n\n\n\n<p>A expectativa da gest\u00e3o \u00e9, ainda neste ano, ampliar o atendimento com a atua\u00e7\u00e3o de profissionais n\u00e3o m\u00e9dicos \u2014 como farmac\u00eauticos e enfermeiros \u2014 o que facilitar\u00e1 o acesso dos usu\u00e1rios ao servi\u00e7o, fortalecendo a preven\u00e7\u00e3o ao HIV no munic\u00edpio.<\/p>\n\n\n\n<p><strong><em>S\u00e3o Gon\u00e7alo vai mudar: Not\u00edcias de S\u00e3o Gon\u00e7alo e toda regi\u00e3o.<\/em><\/strong><\/p>\n\n\n\n<figure class=\"wp-block-image size-large\"><img decoding=\"async\" width=\"1024\" height=\"252\" src=\"https:\/\/sgvaimudar.com.br\/wp-content\/uploads\/2025\/03\/Anuncie-Aqui-Sao-Goncalo-vai-mudar-1024x252.jpg\" alt=\"\" class=\"wp-image-22693\" srcset=\"https:\/\/sgvaimudar.com.br\/wp-content\/uploads\/2025\/03\/Anuncie-Aqui-Sao-Goncalo-vai-mudar-1024x252.jpg 1024w, https:\/\/sgvaimudar.com.br\/wp-content\/uploads\/2025\/03\/Anuncie-Aqui-Sao-Goncalo-vai-mudar-300x74.jpg 300w, https:\/\/sgvaimudar.com.br\/wp-content\/uploads\/2025\/03\/Anuncie-Aqui-Sao-Goncalo-vai-mudar-768x189.jpg 768w, https:\/\/sgvaimudar.com.br\/wp-content\/uploads\/2025\/03\/Anuncie-Aqui-Sao-Goncalo-vai-mudar-1536x378.jpg 1536w, https:\/\/sgvaimudar.com.br\/wp-content\/uploads\/2025\/03\/Anuncie-Aqui-Sao-Goncalo-vai-mudar-2048x504.jpg 2048w\" sizes=\"(max-width: 1024px) 100vw, 1024px\" \/><\/figure>\n","protected":false},"excerpt":{"rendered":"<p>A Prefeitura de Itabora\u00ed, por meio da Secretaria Municipal de Sa\u00fade (SEMSA), promoveu, nesta quinta-feira (12\/06), no Sal\u00e3o Nobre da&hellip;<\/p>\n","protected":false},"author":5,"featured_media":26430,"comment_status":"open","ping_status":"open","sticky":false,"template":"","format":"standard","meta":{"fifu_image_url":"","fifu_image_alt":"","footnotes":""},"categories":[7],"tags":[],"class_list":["post-26429","post","type-post","status-publish","format-standard","has-post-thumbnail","hentry","category-saude"],"_links":{"self":[{"href":"https:\/\/sgvaimudar.com.br\/index.php\/wp-json\/wp\/v2\/posts\/26429","targetHints":{"allow":["GET"]}}],"collection":[{"href":"https:\/\/sgvaimudar.com.br\/index.php\/wp-json\/wp\/v2\/posts"}],"about":[{"href":"https:\/\/sgvaimudar.com.br\/index.php\/wp-json\/wp\/v2\/types\/post"}],"author":[{"embeddable":true,"href":"https:\/\/sgvaimudar.com.br\/index.php\/wp-json\/wp\/v2\/users\/5"}],"replies":[{"embeddable":true,"href":"https:\/\/sgvaimudar.com.br\/index.php\/wp-json\/wp\/v2\/comments?post=26429"}],"version-history":[{"count":1,"href":"https:\/\/sgvaimudar.com.br\/index.php\/wp-json\/wp\/v2\/posts\/26429\/revisions"}],"predecessor-version":[{"id":26432,"href":"https:\/\/sgvaimudar.com.br\/index.php\/wp-json\/wp\/v2\/posts\/26429\/revisions\/26432"}],"wp:featuredmedia":[{"embeddable":true,"href":"https:\/\/sgvaimudar.com.br\/index.php\/wp-json\/wp\/v2\/media\/26430"}],"wp:attachment":[{"href":"https:\/\/sgvaimudar.com.br\/index.php\/wp-json\/wp\/v2\/media?parent=26429"}],"wp:term":[{"taxonomy":"category","embeddable":true,"href":"https:\/\/sgvaimudar.com.br\/index.php\/wp-json\/wp\/v2\/categories?post=26429"},{"taxonomy":"post_tag","embeddable":true,"href":"https:\/\/sgvaimudar.com.br\/index.php\/wp-json\/wp\/v2\/tags?post=26429"}],"curies":[{"name":"wp","href":"https:\/\/api.w.org\/{rel}","templated":true}]}}