{"id":26421,"date":"2025-06-13T12:00:00","date_gmt":"2025-06-13T15:00:00","guid":{"rendered":"https:\/\/sgvaimudar.com.br\/?p=26421"},"modified":"2025-06-13T10:18:18","modified_gmt":"2025-06-13T13:18:18","slug":"quase-tudo-pronto-para-o-corpus-christi-na-quinta-19-em-sao-goncalo","status":"publish","type":"post","link":"https:\/\/sgvaimudar.com.br\/index.php\/2025\/06\/13\/quase-tudo-pronto-para-o-corpus-christi-na-quinta-19-em-sao-goncalo\/","title":{"rendered":"Quase tudo pronto para o Corpus Christi, na quinta 19, em S\u00e3o Gon\u00e7alo"},"content":{"rendered":"\n<p><em>Munic\u00edpio sedia maior e mais tradicional celebra\u00e7\u00e3o da Am\u00e9rica Latina<\/em><\/p>\n\n\n\n<p>O munic\u00edpio de S\u00e3o Gon\u00e7alo faz os \u00faltimos ajustes para receber o maior e mais tradicional Corpus Christi da Am\u00e9rica Latina na pr\u00f3xima semana (dia 19, quinta-feira). J\u00e1 s\u00e3o mais de tr\u00eas d\u00e9cadas da cerim\u00f4nia religiosa que atrai mais de 100 mil pessoas ao Centro da cidade desde as primeiras horas da manh\u00e3, para confec\u00e7\u00e3o dos tapetes, at\u00e9 a realiza\u00e7\u00e3o da missa e prociss\u00e3o, no in\u00edcio da noite.<\/p>\n\n\n\n<p>O tema escolhido do Corpus Christi este ano \u00e9 &#8216;Eucaristia: Alimento da Esperan\u00e7a&#8217;. A confec\u00e7\u00e3o dos 238 tapetes ser\u00e1 iniciada \u00e0s 7h, com participa\u00e7\u00e3o de 27 par\u00f3quias, col\u00e9gios e comunidades cat\u00f3licas e escolas municipais. Como em anos anteriores, s\u00e3o utilizados, aproximadamente, 200 sacos de serragem de 100 litros, in\u00fameros tubos de corante, al\u00e9m das 52 toneladas de sal. Os tapetes s\u00e3o Patrim\u00f4nio P\u00fablico Cultural e Religioso do Munic\u00edpio.<\/p>\n\n\n\n<figure class=\"wp-block-image size-full\"><img fetchpriority=\"high\" decoding=\"async\" width=\"1024\" height=\"683\" src=\"https:\/\/sgvaimudar.com.br\/wp-content\/uploads\/2025\/06\/unnamed-5-5.jpg\" alt=\"\" class=\"wp-image-26422\" srcset=\"https:\/\/sgvaimudar.com.br\/wp-content\/uploads\/2025\/06\/unnamed-5-5.jpg 1024w, https:\/\/sgvaimudar.com.br\/wp-content\/uploads\/2025\/06\/unnamed-5-5-300x200.jpg 300w, https:\/\/sgvaimudar.com.br\/wp-content\/uploads\/2025\/06\/unnamed-5-5-768x512.jpg 768w\" sizes=\"(max-width: 1024px) 100vw, 1024px\" \/><\/figure>\n\n\n\n<p>Enquanto os volunt\u00e1rios trabalham na prepara\u00e7\u00e3o dos tapetes, tamb\u00e9m a partir das 7h, o Sant\u00edssimo ser\u00e1 exposto para adora\u00e7\u00e3o no interior da Par\u00f3quia S\u00e3o Gon\u00e7alo. A programa\u00e7\u00e3o tamb\u00e9m conta com momento de louvor no palco, das 8h \u00e0s 10h30, com a comunidade cat\u00f3lica Dom de Deus.<\/p>\n\n\n\n<p>Na parte da tarde, os gon\u00e7alenses ir\u00e3o se concentrar na rua em frente \u00e0 Par\u00f3quia S\u00e3o Gon\u00e7alo de Amarante, \u00e0s 14h30, para mais um louvor. Em seguida, \u00e0s 16h, come\u00e7ar\u00e1 a Santa Missa, sob a presid\u00eancia do Arcebispo da Arquidiocese de Niter\u00f3i, Dom Jos\u00e9 Francisco Rezende Dias. Ap\u00f3s a Santa Missa, os fi\u00e9is saem em prociss\u00e3o pelas ruas do Centro.<\/p>\n\n\n\n<p><strong>Arrecada\u00e7\u00e3o de alimentos<\/strong>&nbsp;&#8211; Todos os visitantes s\u00e3o convidados a levar alimentos n\u00e3o perec\u00edveis para as fam\u00edlias cadastradas nas atividades sociais das Igrejas do munic\u00edpio. Para a arrecada\u00e7\u00e3o, ser\u00e3o instaladas quatro tendas nos seguintes locais: Casa das Artes, no p\u00e1tio da Par\u00f3quia S\u00e3o Gon\u00e7alo, na entrada do Teatro Municipal de S\u00e3o Gon\u00e7alo e na Pra\u00e7a Dr Luiz Palmier.<\/p>\n\n\n\n<p>Al\u00e9m da festa, para celebrar as tr\u00eas d\u00e9cadas do evento no munic\u00edpio, ser\u00e3o plantadas 30 mudas de \u00e1rvores frut\u00edferas de amora e de pitanga no jardim da Igreja Matriz, com a participa\u00e7\u00e3o de v\u00e1rios representantes das par\u00f3quias dos Vicariatos S\u00e3o Gon\u00e7alo e Alc\u00e2ntara em parceria com a Secretaria de Conserva\u00e7\u00e3o da Prefeitura de S\u00e3o Gon\u00e7alo. O plantio acontece no s\u00e1bado (21), \u00e0s 9h.<\/p>\n\n\n\n<p><strong>Exposi\u00e7\u00e3o<\/strong>&nbsp;&#8211; A partir do dia 17 de junho, os gon\u00e7alenses poder\u00e3o apreciar uma exposi\u00e7\u00e3o de fotografias com imagens das celebra\u00e7\u00f5es realizadas nos \u00faltimos anos, com o objetivo de reconhecer a import\u00e2ncia do sagrado por meio de telas ilustrativas. A mostra acontece at\u00e9 o dia 2 de agosto, na Casa das Artes, no bairro Z\u00e9 Garoto, nos seguintes hor\u00e1rios: de ter\u00e7a a sexta, de 10h \u00e0s 18h, e s\u00e1bado de 10 \u00e0s 16h.<\/p>\n\n\n\n<p><em>Fotos: Julio Diniz<\/em><\/p>\n\n\n\n<p><strong><em>S\u00e3o Gon\u00e7alo vai mudar: Not\u00edcias de S\u00e3o Gon\u00e7alo e toda regi\u00e3o.<\/em><\/strong><\/p>\n\n\n\n<figure class=\"wp-block-image size-large\"><img decoding=\"async\" width=\"1024\" height=\"252\" src=\"https:\/\/sgvaimudar.com.br\/wp-content\/uploads\/2025\/03\/Anuncie-Aqui-Sao-Goncalo-vai-mudar-1024x252.jpg\" alt=\"\" class=\"wp-image-22693\" srcset=\"https:\/\/sgvaimudar.com.br\/wp-content\/uploads\/2025\/03\/Anuncie-Aqui-Sao-Goncalo-vai-mudar-1024x252.jpg 1024w, https:\/\/sgvaimudar.com.br\/wp-content\/uploads\/2025\/03\/Anuncie-Aqui-Sao-Goncalo-vai-mudar-300x74.jpg 300w, https:\/\/sgvaimudar.com.br\/wp-content\/uploads\/2025\/03\/Anuncie-Aqui-Sao-Goncalo-vai-mudar-768x189.jpg 768w, https:\/\/sgvaimudar.com.br\/wp-content\/uploads\/2025\/03\/Anuncie-Aqui-Sao-Goncalo-vai-mudar-1536x378.jpg 1536w, https:\/\/sgvaimudar.com.br\/wp-content\/uploads\/2025\/03\/Anuncie-Aqui-Sao-Goncalo-vai-mudar-2048x504.jpg 2048w\" sizes=\"(max-width: 1024px) 100vw, 1024px\" \/><\/figure>\n","protected":false},"excerpt":{"rendered":"<p>Munic\u00edpio sedia maior e mais tradicional celebra\u00e7\u00e3o da Am\u00e9rica Latina O munic\u00edpio de S\u00e3o Gon\u00e7alo faz os \u00faltimos ajustes para&hellip;<\/p>\n","protected":false},"author":5,"featured_media":26423,"comment_status":"open","ping_status":"open","sticky":false,"template":"","format":"standard","meta":{"fifu_image_url":"","fifu_image_alt":"","footnotes":""},"categories":[3],"tags":[],"class_list":["post-26421","post","type-post","status-publish","format-standard","has-post-thumbnail","hentry","category-sao-goncalo"],"_links":{"self":[{"href":"https:\/\/sgvaimudar.com.br\/index.php\/wp-json\/wp\/v2\/posts\/26421","targetHints":{"allow":["GET"]}}],"collection":[{"href":"https:\/\/sgvaimudar.com.br\/index.php\/wp-json\/wp\/v2\/posts"}],"about":[{"href":"https:\/\/sgvaimudar.com.br\/index.php\/wp-json\/wp\/v2\/types\/post"}],"author":[{"embeddable":true,"href":"https:\/\/sgvaimudar.com.br\/index.php\/wp-json\/wp\/v2\/users\/5"}],"replies":[{"embeddable":true,"href":"https:\/\/sgvaimudar.com.br\/index.php\/wp-json\/wp\/v2\/comments?post=26421"}],"version-history":[{"count":1,"href":"https:\/\/sgvaimudar.com.br\/index.php\/wp-json\/wp\/v2\/posts\/26421\/revisions"}],"predecessor-version":[{"id":26424,"href":"https:\/\/sgvaimudar.com.br\/index.php\/wp-json\/wp\/v2\/posts\/26421\/revisions\/26424"}],"wp:featuredmedia":[{"embeddable":true,"href":"https:\/\/sgvaimudar.com.br\/index.php\/wp-json\/wp\/v2\/media\/26423"}],"wp:attachment":[{"href":"https:\/\/sgvaimudar.com.br\/index.php\/wp-json\/wp\/v2\/media?parent=26421"}],"wp:term":[{"taxonomy":"category","embeddable":true,"href":"https:\/\/sgvaimudar.com.br\/index.php\/wp-json\/wp\/v2\/categories?post=26421"},{"taxonomy":"post_tag","embeddable":true,"href":"https:\/\/sgvaimudar.com.br\/index.php\/wp-json\/wp\/v2\/tags?post=26421"}],"curies":[{"name":"wp","href":"https:\/\/api.w.org\/{rel}","templated":true}]}}