{"id":26385,"date":"2025-06-12T21:00:00","date_gmt":"2025-06-13T00:00:00","guid":{"rendered":"https:\/\/sgvaimudar.com.br\/?p=26385"},"modified":"2025-06-12T09:53:48","modified_gmt":"2025-06-12T12:53:48","slug":"aviao-da-air-india-atinge-alojamento-de-estudantes-mata-5-e-deixa-25-feridos-em-predio-da-faculdade-de-medicina","status":"publish","type":"post","link":"https:\/\/sgvaimudar.com.br\/index.php\/2025\/06\/12\/aviao-da-air-india-atinge-alojamento-de-estudantes-mata-5-e-deixa-25-feridos-em-predio-da-faculdade-de-medicina\/","title":{"rendered":"Avi\u00e3o da Air India atinge alojamento de estudantes, mata 5 e deixa 25 feridos em pr\u00e9dio da faculdade de medicina"},"content":{"rendered":"\n<p><em>Voo da Air India caiu em \u00e1rea residencial; autoridades est\u00e3o em alerta m\u00e1ximo e equipes de resgate atuam no local<\/em><\/p>\n\n\n\n<p>Um Boeing 787-8 Dreamliner que cumpria o voo AI171 da Air India caiu, nesta quinta-feira (12\/6), nas proximidades do Aeroporto Internacional Sardar Vallabhbhai Patel, em Ahmedabad, no oeste da \u00cdndia. As informa\u00e7\u00f5es d\u00e3o conta que nenhum passageiro sobreviveu.<\/p>\n\n\n\n<p>A aeronave enfrentou problemas logo ap\u00f3s a decolagem, perdendo altitude antes de chegar ao solo pr\u00f3ximo ao terminal e atingiu um pr\u00e9dio residencial, que ficou em chamas. Segundo o New York Times, cinco alunos que estavam no refeit\u00f3rio morreram e 25 pessoas foram resgatadas com ferimentos.<\/p>\n\n\n\n<p>O pr\u00e9dio atingido pela aeronave foi tomado pelas chamas devido \u00e0 colis\u00e3o da aeronave. Houve correria no local com equipes de resgate e bombeiros tentando controlar o fogo, enquanto ajudam v\u00edtimas. Al\u00e9m disso, a popula\u00e7\u00e3o tamb\u00e9m est\u00e1 ao redor do local do acidente prestando&nbsp;aux\u00edlio. Segundo o Times of India, um policial afirmou que a constru\u00e7\u00e3o era um alojamento de m\u00e9dicos.<\/p>\n\n\n\n<p>Segundo os dados iniciais de rastreamento por ADS-B (Automatic Dependent Surveillance\u2013Broadcast), o voo AI171 atingiu uma altitude barom\u00e9trica m\u00e1xima de aproximadamente 190 metros \u2014 pouco acima da eleva\u00e7\u00e3o do pr\u00f3prio aeroporto, que \u00e9 de cerca de 61 metros \u2014 antes de come\u00e7ar uma descida abrupta com velocidade vertical de aproximadamente 145 metros por minuto.<\/p>\n\n\n\n<p>O Minist\u00e9rio da Avia\u00e7\u00e3o Civil da \u00cdndia informou que est\u00e1 monitorando a situa\u00e7\u00e3o de forma pr\u00f3xima. O ministro da Avia\u00e7\u00e3o, Ram Mohan Naidu, divulgou um comunicado logo ap\u00f3s o acidente:<\/p>\n\n\n\n<p>&#8220;Estou chocado e devastado ao saber da queda do voo em Ahmedabad. Estamos em alerta m\u00e1ximo. Estou acompanhando pessoalmente a situa\u00e7\u00e3o e ordenei que todas as ag\u00eancias de avia\u00e7\u00e3o e de resposta a emerg\u00eancias atuem com rapidez e de forma coordenada. As equipes de resgate foram mobilizadas, e todos os esfor\u00e7os est\u00e3o sendo feitos para garantir o envio imediato de atendimento m\u00e9dico e apoio emergencial ao local. Meus pensamentos e ora\u00e7\u00f5es est\u00e3o com todos os que estavam a bordo e suas fam\u00edlias&#8221;.<\/p>\n\n\n\n<p><strong>SOBRE O AVI\u00c3O &#8211; <\/strong>O modelo envolvido no acidente \u00e9 o Boeing 787-8 Dreamliner, uma das aeronaves mais modernas da frota da Air India. Com capacidade para at\u00e9 250 passageiros em configura\u00e7\u00e3o de duas classes, o 787-8 \u00e9 conhecido por sua efici\u00eancia energ\u00e9tica, conforto aprimorado e alcance intercontinental. Ele entrou em opera\u00e7\u00e3o comercial em 2011 e faz parte de uma fam\u00edlia de jatos que inclui tamb\u00e9m os modelos 787-9 e 787-10.<\/p>\n\n\n\n<p>Entre seus diferenciais, o Dreamliner conta com janelas maiores com escurecimento eletr\u00f4nico, sistema de pressuriza\u00e7\u00e3o mais confort\u00e1vel para os passageiros, menor consumo de combust\u00edvel e fuselagem constru\u00edda em materiais compostos, como fibra de carbono. A Air India opera atualmente uma frota significativa de Dreamliners, principalmente em suas rotas internacionais de longa dist\u00e2ncia.<\/p>\n\n\n\n<p>Apesar da boa reputa\u00e7\u00e3o do 787 em termos de seguran\u00e7a e tecnologia, esta n\u00e3o \u00e9 a primeira vez que o modelo se v\u00ea envolvido em incidentes. Contudo, a maioria dos casos anteriores esteve relacionada a quest\u00f5es t\u00e9cnicas ou operacionais pontuais \u2014 nunca tendo sido observada falha sist\u00eamica de projeto grave at\u00e9 hoje.<\/p>\n\n\n\n<h2 class=\"wp-block-heading\">INVESTIGA\u00c7\u00d5ES <\/h2>\n\n\n\n<p>Equipes do Escrit\u00f3rio de Investiga\u00e7\u00e3o de Acidentes A\u00e9reos da \u00cdndia (AAIB) j\u00e1 foram enviadas para o local do acidente e iniciar\u00e3o a an\u00e1lise dos destro\u00e7os e das caixas-pretas nas pr\u00f3ximas horas. A Boeing tamb\u00e9m dever\u00e1 participar das investiga\u00e7\u00f5es, conforme os protocolos internacionais, especialmente por se tratar de uma aeronave fabricada nos Estados Unidos.<\/p>\n\n\n\n<p>Enquanto isso, familiares dos passageiros se concentram em \u00e1reas de apoio montadas no aeroporto de Ahmedabad, aguardando ansiosamente por informa\u00e7\u00f5es. O governo indiano declarou que todos os esfor\u00e7os est\u00e3o sendo feitos para garantir suporte psicol\u00f3gico e log\u00edstico \u00e0s v\u00edtimas e familiares.<\/p>\n\n\n\n<p><strong><em>S\u00e3o Gon\u00e7alo vai mudar: Not\u00edcias de S\u00e3o Gon\u00e7alo e toda regi\u00e3o.<\/em><\/strong><\/p>\n\n\n\n<figure class=\"wp-block-image size-large\"><img fetchpriority=\"high\" decoding=\"async\" width=\"1024\" height=\"252\" src=\"https:\/\/sgvaimudar.com.br\/wp-content\/uploads\/2025\/03\/Anuncie-Aqui-Sao-Goncalo-vai-mudar-1024x252.jpg\" alt=\"\" class=\"wp-image-22693\" srcset=\"https:\/\/sgvaimudar.com.br\/wp-content\/uploads\/2025\/03\/Anuncie-Aqui-Sao-Goncalo-vai-mudar-1024x252.jpg 1024w, https:\/\/sgvaimudar.com.br\/wp-content\/uploads\/2025\/03\/Anuncie-Aqui-Sao-Goncalo-vai-mudar-300x74.jpg 300w, https:\/\/sgvaimudar.com.br\/wp-content\/uploads\/2025\/03\/Anuncie-Aqui-Sao-Goncalo-vai-mudar-768x189.jpg 768w, https:\/\/sgvaimudar.com.br\/wp-content\/uploads\/2025\/03\/Anuncie-Aqui-Sao-Goncalo-vai-mudar-1536x378.jpg 1536w, https:\/\/sgvaimudar.com.br\/wp-content\/uploads\/2025\/03\/Anuncie-Aqui-Sao-Goncalo-vai-mudar-2048x504.jpg 2048w\" sizes=\"(max-width: 1024px) 100vw, 1024px\" \/><\/figure>\n","protected":false},"excerpt":{"rendered":"<p>Voo da Air India caiu em \u00e1rea residencial; autoridades est\u00e3o em alerta m\u00e1ximo e equipes de resgate atuam no local&hellip;<\/p>\n","protected":false},"author":5,"featured_media":26387,"comment_status":"open","ping_status":"open","sticky":false,"template":"","format":"standard","meta":{"fifu_image_url":"","fifu_image_alt":"","footnotes":""},"categories":[1],"tags":[],"class_list":["post-26385","post","type-post","status-publish","format-standard","has-post-thumbnail","hentry","category-mundo"],"_links":{"self":[{"href":"https:\/\/sgvaimudar.com.br\/index.php\/wp-json\/wp\/v2\/posts\/26385","targetHints":{"allow":["GET"]}}],"collection":[{"href":"https:\/\/sgvaimudar.com.br\/index.php\/wp-json\/wp\/v2\/posts"}],"about":[{"href":"https:\/\/sgvaimudar.com.br\/index.php\/wp-json\/wp\/v2\/types\/post"}],"author":[{"embeddable":true,"href":"https:\/\/sgvaimudar.com.br\/index.php\/wp-json\/wp\/v2\/users\/5"}],"replies":[{"embeddable":true,"href":"https:\/\/sgvaimudar.com.br\/index.php\/wp-json\/wp\/v2\/comments?post=26385"}],"version-history":[{"count":3,"href":"https:\/\/sgvaimudar.com.br\/index.php\/wp-json\/wp\/v2\/posts\/26385\/revisions"}],"predecessor-version":[{"id":26391,"href":"https:\/\/sgvaimudar.com.br\/index.php\/wp-json\/wp\/v2\/posts\/26385\/revisions\/26391"}],"wp:featuredmedia":[{"embeddable":true,"href":"https:\/\/sgvaimudar.com.br\/index.php\/wp-json\/wp\/v2\/media\/26387"}],"wp:attachment":[{"href":"https:\/\/sgvaimudar.com.br\/index.php\/wp-json\/wp\/v2\/media?parent=26385"}],"wp:term":[{"taxonomy":"category","embeddable":true,"href":"https:\/\/sgvaimudar.com.br\/index.php\/wp-json\/wp\/v2\/categories?post=26385"},{"taxonomy":"post_tag","embeddable":true,"href":"https:\/\/sgvaimudar.com.br\/index.php\/wp-json\/wp\/v2\/tags?post=26385"}],"curies":[{"name":"wp","href":"https:\/\/api.w.org\/{rel}","templated":true}]}}