{"id":26378,"date":"2025-06-12T17:00:00","date_gmt":"2025-06-12T20:00:00","guid":{"rendered":"https:\/\/sgvaimudar.com.br\/?p=26378"},"modified":"2025-06-12T09:34:58","modified_gmt":"2025-06-12T12:34:58","slug":"de-volta-para-casa-acolhido-pela-rede-de-saude-de-itaborai-homem-reencontra-a-familia-no-sul","status":"publish","type":"post","link":"https:\/\/sgvaimudar.com.br\/index.php\/2025\/06\/12\/de-volta-para-casa-acolhido-pela-rede-de-saude-de-itaborai-homem-reencontra-a-familia-no-sul\/","title":{"rendered":"De volta para casa: acolhido pela Rede de Sa\u00fade de Itabora\u00ed, homem reencontra a fam\u00edlia no Sul"},"content":{"rendered":"\n<p><em>O caso teve in\u00edcio quando o usu\u00e1rio foi identificado em situa\u00e7\u00e3o de vulnerabilidade extrema<\/em><\/p>\n\n\n\n<p>A cidade de Itabora\u00ed foi palco, neste s\u00e1bado (07\/06), de uma hist\u00f3ria comovente de reconstru\u00e7\u00e3o e cuidado. Gra\u00e7as \u00e0 atua\u00e7\u00e3o integrada das equipes do Consult\u00f3rio na Rua e do Centro de Aten\u00e7\u00e3o Psicossocial (CAPS III), um homem em situa\u00e7\u00e3o de rua p\u00f4de retomar sua cidadania, iniciar um processo de reabilita\u00e7\u00e3o psicossocial e, por fim, retornar \u00e0 sua cidade de origem, no Rio Grande do Sul.<\/p>\n\n\n\n<p>O caso teve in\u00edcio quando o usu\u00e1rio foi identificado em situa\u00e7\u00e3o de vulnerabilidade extrema, com dificuldades de locomo\u00e7\u00e3o e quadro cl\u00ednico-ps\u00edquico delicado. O primeiro atendimento foi feito pela equipe do Consult\u00f3rio na Rua, que estabeleceu v\u00ednculo, prestou o acolhimento inicial e acionou o Servi\u00e7o de Atendimento M\u00f3vel de Urg\u00eancia (SAMU), respons\u00e1vel por conduzi-lo ao Hospital Municipal Desembargador Leal J\u00fanior.<\/p>\n\n\n\n<p>Ap\u00f3s a interna\u00e7\u00e3o e os devidos cuidados hospitalares, o paciente foi encaminhado ao CAPS III, onde passou a receber acompanhamento especializado e cont\u00ednuo, dentro de uma abordagem humanizada e voltada para a reintegra\u00e7\u00e3o social. Durante o processo, foram providenciados documentos pessoais, regulariza\u00e7\u00e3o junto ao INSS e assist\u00eancia psicossocial.<\/p>\n\n\n\n<p>Com o v\u00ednculo reestabelecido, o usu\u00e1rio manifestou o desejo de voltar para sua cidade natal: Canoas, no Rio Grande do Sul. As equipes do munic\u00edpio iniciaram ent\u00e3o a busca por familiares e viabilizaram a viagem, em um esfor\u00e7o conjunto que uniu sa\u00fade, assist\u00eancia e acolhimento.<\/p>\n\n\n\n<p>A secret\u00e1ria municipal de Sa\u00fade, Dra. Analice Rangel, destacou o compromisso da gest\u00e3o com a vida em todas as suas dimens\u00f5es.<\/p>\n\n\n\n<p>\u201cEsse caso mostra o quanto \u00e9 essencial olhar para o indiv\u00edduo de forma integral. N\u00e3o basta apenas tratar o corpo \u2014 \u00e9 preciso cuidar da hist\u00f3ria, das rela\u00e7\u00f5es, das oportunidades. Estamos falando de direitos, de cidadania e, acima de tudo, de dignidade humana\u201d, afirmou a secret\u00e1ria.<\/p>\n\n\n\n<p>O encerramento do processo foi marcado por emo\u00e7\u00e3o. Com o apoio log\u00edstico das equipes de sa\u00fade e o reencontro com os familiares, o paciente embarcou rumo ao Sul com novos caminhos e perspectivas.<\/p>\n\n\n\n<p><strong><em>S\u00e3o Gon\u00e7alo vai mudar: Not\u00edcias de S\u00e3o Gon\u00e7alo e toda regi\u00e3o.<\/em><\/strong><\/p>\n\n\n\n<figure class=\"wp-block-image size-large\"><img fetchpriority=\"high\" decoding=\"async\" width=\"1024\" height=\"252\" src=\"https:\/\/sgvaimudar.com.br\/wp-content\/uploads\/2023\/10\/Anuncie-Aqui-Sao-Goncalo-vai-mudar-2-1024x252.jpg\" alt=\"\" class=\"wp-image-3625\" srcset=\"https:\/\/sgvaimudar.com.br\/wp-content\/uploads\/2023\/10\/Anuncie-Aqui-Sao-Goncalo-vai-mudar-2-1024x252.jpg 1024w, https:\/\/sgvaimudar.com.br\/wp-content\/uploads\/2023\/10\/Anuncie-Aqui-Sao-Goncalo-vai-mudar-2-300x74.jpg 300w, https:\/\/sgvaimudar.com.br\/wp-content\/uploads\/2023\/10\/Anuncie-Aqui-Sao-Goncalo-vai-mudar-2-768x189.jpg 768w, https:\/\/sgvaimudar.com.br\/wp-content\/uploads\/2023\/10\/Anuncie-Aqui-Sao-Goncalo-vai-mudar-2-1536x378.jpg 1536w, https:\/\/sgvaimudar.com.br\/wp-content\/uploads\/2023\/10\/Anuncie-Aqui-Sao-Goncalo-vai-mudar-2-2048x504.jpg 2048w\" sizes=\"(max-width: 1024px) 100vw, 1024px\" \/><\/figure>\n","protected":false},"excerpt":{"rendered":"<p>O caso teve in\u00edcio quando o usu\u00e1rio foi identificado em situa\u00e7\u00e3o de vulnerabilidade extrema A cidade de Itabora\u00ed foi palco,&hellip;<\/p>\n","protected":false},"author":5,"featured_media":26379,"comment_status":"open","ping_status":"open","sticky":false,"template":"","format":"standard","meta":{"fifu_image_url":"","fifu_image_alt":"","footnotes":""},"categories":[7],"tags":[],"class_list":["post-26378","post","type-post","status-publish","format-standard","has-post-thumbnail","hentry","category-saude"],"_links":{"self":[{"href":"https:\/\/sgvaimudar.com.br\/index.php\/wp-json\/wp\/v2\/posts\/26378","targetHints":{"allow":["GET"]}}],"collection":[{"href":"https:\/\/sgvaimudar.com.br\/index.php\/wp-json\/wp\/v2\/posts"}],"about":[{"href":"https:\/\/sgvaimudar.com.br\/index.php\/wp-json\/wp\/v2\/types\/post"}],"author":[{"embeddable":true,"href":"https:\/\/sgvaimudar.com.br\/index.php\/wp-json\/wp\/v2\/users\/5"}],"replies":[{"embeddable":true,"href":"https:\/\/sgvaimudar.com.br\/index.php\/wp-json\/wp\/v2\/comments?post=26378"}],"version-history":[{"count":1,"href":"https:\/\/sgvaimudar.com.br\/index.php\/wp-json\/wp\/v2\/posts\/26378\/revisions"}],"predecessor-version":[{"id":26380,"href":"https:\/\/sgvaimudar.com.br\/index.php\/wp-json\/wp\/v2\/posts\/26378\/revisions\/26380"}],"wp:featuredmedia":[{"embeddable":true,"href":"https:\/\/sgvaimudar.com.br\/index.php\/wp-json\/wp\/v2\/media\/26379"}],"wp:attachment":[{"href":"https:\/\/sgvaimudar.com.br\/index.php\/wp-json\/wp\/v2\/media?parent=26378"}],"wp:term":[{"taxonomy":"category","embeddable":true,"href":"https:\/\/sgvaimudar.com.br\/index.php\/wp-json\/wp\/v2\/categories?post=26378"},{"taxonomy":"post_tag","embeddable":true,"href":"https:\/\/sgvaimudar.com.br\/index.php\/wp-json\/wp\/v2\/tags?post=26378"}],"curies":[{"name":"wp","href":"https:\/\/api.w.org\/{rel}","templated":true}]}}