{"id":26349,"date":"2025-06-12T09:59:00","date_gmt":"2025-06-12T12:59:00","guid":{"rendered":"https:\/\/sgvaimudar.com.br\/?p=26349"},"modified":"2025-06-12T08:17:32","modified_gmt":"2025-06-12T11:17:32","slug":"policia-civil-prende-chefe-da-milicia-de-itaborai-em-sao-paulo","status":"publish","type":"post","link":"https:\/\/sgvaimudar.com.br\/index.php\/2025\/06\/12\/policia-civil-prende-chefe-da-milicia-de-itaborai-em-sao-paulo\/","title":{"rendered":"Pol\u00edcia Civil prende chefe da mil\u00edcia de Itabora\u00ed em S\u00e3o Paulo"},"content":{"rendered":"\n<p><em>Criminoso \u00e9 acusado de envolvimento de uma morte na comunidade Retiro de S\u00e3o Joaquim<\/em><\/p>\n\n\n\n<p>Os policiais civis da Delegacia de Homic\u00eddios de Niter\u00f3i, S\u00e3o Gon\u00e7alo e Itabora\u00ed (DHNSG) prenderam, nesta ter\u00e7a-feira (10\/06), um homem identificado como Delano Xavier Mendon\u00e7a. Ele \u00e9 apontado como chefe da mil\u00edcia que atua em Itabora\u00ed.<\/p>\n\n\n\n<p>Delano \u00e9 acusado de envolvimento em uma morte ocorrida em mar\u00e7o deste ano. O criminoso foi capturado no munic\u00edpio de Atibaia, em S\u00e3o Paulo, com apoio de policiais rodovi\u00e1rios federais e de policiais civis paulistas.<\/p>\n\n\n\n<p>De acordo com os agentes, a v\u00edtima foi assassinada em raz\u00e3o de uma disputa entre organiza\u00e7\u00f5es criminosas pela explora\u00e7\u00e3o territorial na comunidade Retiro de S\u00e3o Joaquim. A investiga\u00e7\u00e3o apontou que o crime aconteceu porque o homem realizou uma festa em outubro de 2024.<\/p>\n\n\n\n<p>No dia do crime, a v\u00edtima foi retirada \u00e0 for\u00e7a de uma lanchonete na comunidade e, no dia seguinte, seu corpo foi encontrado com marcas de tiros no bairro Jardim Itambi.<\/p>\n\n\n\n<p>Ap\u00f3s um trabalho de intelig\u00eancia, o acusado foi localizado no interior de S\u00e3o Paulo. Ele foi preso quando se preparava para entrar em um ve\u00edculo, o mesmo que ele usava, segundo apurado, para praticar\u00a0extors\u00f5es\u00a0contra comerciantes em Itabora\u00ed. <\/p>\n\n\n\n<p>O homem j\u00e1 havia sido preso anteriormente, durante uma opera\u00e7\u00e3o que desarticulou um grupo paramilitar do munic\u00edpio.<\/p>\n\n\n\n<p><strong><em>Fa\u00e7a sua den\u00fancia pelo nosso WhatsApp: (21) <\/em><\/strong><strong><em>99744 5345<\/em><\/strong><strong><em><\/em><\/strong><\/p>\n\n\n\n<p><strong><em>S\u00e3o Gon\u00e7alo vai mudar: Not\u00edcias de S\u00e3o Gon\u00e7alo e toda regi\u00e3o.<\/em><\/strong><\/p>\n\n\n\n<figure class=\"wp-block-image size-large\"><img fetchpriority=\"high\" decoding=\"async\" width=\"1024\" height=\"252\" src=\"https:\/\/sgvaimudar.com.br\/wp-content\/uploads\/2025\/03\/Anuncie-Aqui-Sao-Goncalo-vai-mudar-1024x252.jpg\" alt=\"\" class=\"wp-image-22693\" srcset=\"https:\/\/sgvaimudar.com.br\/wp-content\/uploads\/2025\/03\/Anuncie-Aqui-Sao-Goncalo-vai-mudar-1024x252.jpg 1024w, https:\/\/sgvaimudar.com.br\/wp-content\/uploads\/2025\/03\/Anuncie-Aqui-Sao-Goncalo-vai-mudar-300x74.jpg 300w, https:\/\/sgvaimudar.com.br\/wp-content\/uploads\/2025\/03\/Anuncie-Aqui-Sao-Goncalo-vai-mudar-768x189.jpg 768w, https:\/\/sgvaimudar.com.br\/wp-content\/uploads\/2025\/03\/Anuncie-Aqui-Sao-Goncalo-vai-mudar-1536x378.jpg 1536w, https:\/\/sgvaimudar.com.br\/wp-content\/uploads\/2025\/03\/Anuncie-Aqui-Sao-Goncalo-vai-mudar-2048x504.jpg 2048w\" sizes=\"(max-width: 1024px) 100vw, 1024px\" \/><\/figure>\n","protected":false},"excerpt":{"rendered":"<p>Criminoso \u00e9 acusado de envolvimento de uma morte na comunidade Retiro de S\u00e3o Joaquim Os policiais civis da Delegacia de&hellip;<\/p>\n","protected":false},"author":5,"featured_media":26350,"comment_status":"open","ping_status":"open","sticky":false,"template":"","format":"standard","meta":{"fifu_image_url":"","fifu_image_alt":"","footnotes":""},"categories":[32],"tags":[],"class_list":["post-26349","post","type-post","status-publish","format-standard","has-post-thumbnail","hentry","category-casos-de-policia"],"_links":{"self":[{"href":"https:\/\/sgvaimudar.com.br\/index.php\/wp-json\/wp\/v2\/posts\/26349","targetHints":{"allow":["GET"]}}],"collection":[{"href":"https:\/\/sgvaimudar.com.br\/index.php\/wp-json\/wp\/v2\/posts"}],"about":[{"href":"https:\/\/sgvaimudar.com.br\/index.php\/wp-json\/wp\/v2\/types\/post"}],"author":[{"embeddable":true,"href":"https:\/\/sgvaimudar.com.br\/index.php\/wp-json\/wp\/v2\/users\/5"}],"replies":[{"embeddable":true,"href":"https:\/\/sgvaimudar.com.br\/index.php\/wp-json\/wp\/v2\/comments?post=26349"}],"version-history":[{"count":1,"href":"https:\/\/sgvaimudar.com.br\/index.php\/wp-json\/wp\/v2\/posts\/26349\/revisions"}],"predecessor-version":[{"id":26351,"href":"https:\/\/sgvaimudar.com.br\/index.php\/wp-json\/wp\/v2\/posts\/26349\/revisions\/26351"}],"wp:featuredmedia":[{"embeddable":true,"href":"https:\/\/sgvaimudar.com.br\/index.php\/wp-json\/wp\/v2\/media\/26350"}],"wp:attachment":[{"href":"https:\/\/sgvaimudar.com.br\/index.php\/wp-json\/wp\/v2\/media?parent=26349"}],"wp:term":[{"taxonomy":"category","embeddable":true,"href":"https:\/\/sgvaimudar.com.br\/index.php\/wp-json\/wp\/v2\/categories?post=26349"},{"taxonomy":"post_tag","embeddable":true,"href":"https:\/\/sgvaimudar.com.br\/index.php\/wp-json\/wp\/v2\/tags?post=26349"}],"curies":[{"name":"wp","href":"https:\/\/api.w.org\/{rel}","templated":true}]}}