{"id":26338,"date":"2025-06-12T07:41:13","date_gmt":"2025-06-12T10:41:13","guid":{"rendered":"https:\/\/sgvaimudar.com.br\/?p=26338"},"modified":"2025-06-12T07:41:14","modified_gmt":"2025-06-12T10:41:14","slug":"seminario-destaca-desafios-e-conquistas-na-educacao-para-adultos","status":"publish","type":"post","link":"https:\/\/sgvaimudar.com.br\/index.php\/2025\/06\/12\/seminario-destaca-desafios-e-conquistas-na-educacao-para-adultos\/","title":{"rendered":"Semin\u00e1rio destaca desafios e conquistas na educa\u00e7\u00e3o para adultos"},"content":{"rendered":"\n<p><em>Profissionais e alunos participaram de debates na Uerj de S\u00e3o Gon\u00e7alo<\/em><\/p>\n\n\n\n<p>A Subsecretaria de A\u00e7\u00f5es Pedag\u00f3gicas da Secretaria de Educa\u00e7\u00e3o da Prefeitura de S\u00e3o Gon\u00e7alo promoveu, na noite desta ter\u00e7a-feira (10), o 2\u00ba Semin\u00e1rio da Educa\u00e7\u00e3o de Jovens e Adultos, com o tema \u201cOlhares, reflex\u00f5es e perspectivas na constru\u00e7\u00e3o da identidade dos sujeitos da EJA\u201d, no audit\u00f3rio da Universidade do Estado do Rio de Janeiro (Uerj), no Patronato.<\/p>\n\n\n\n<p>Professores e alunos de S\u00e3o Gon\u00e7alo e de outros munic\u00edpios foram convidados a refletir sobre os desafios e potencialidades da modalidade. O semin\u00e1rio trouxe as palestras das professoras Alessandra Nicodemos, Adriana de Almeida e Ana Paula Abreu Moura.<\/p>\n\n\n\n<figure class=\"wp-block-image size-large\"><img fetchpriority=\"high\" decoding=\"async\" width=\"1024\" height=\"683\" src=\"https:\/\/sgvaimudar.com.br\/wp-content\/uploads\/2025\/06\/unnamed-11-3-1024x683.jpg\" alt=\"\" class=\"wp-image-26339\" srcset=\"https:\/\/sgvaimudar.com.br\/wp-content\/uploads\/2025\/06\/unnamed-11-3-1024x683.jpg 1024w, https:\/\/sgvaimudar.com.br\/wp-content\/uploads\/2025\/06\/unnamed-11-3-300x200.jpg 300w, https:\/\/sgvaimudar.com.br\/wp-content\/uploads\/2025\/06\/unnamed-11-3-768x512.jpg 768w, https:\/\/sgvaimudar.com.br\/wp-content\/uploads\/2025\/06\/unnamed-11-3-1536x1024.jpg 1536w, https:\/\/sgvaimudar.com.br\/wp-content\/uploads\/2025\/06\/unnamed-11-3.jpg 1620w\" sizes=\"(max-width: 1024px) 100vw, 1024px\" \/><\/figure>\n\n\n\n<p>\u201c\u00c9 importante falar sobre a identidade dos estudantes da EJA e, por isso, trouxemos tamb\u00e9m alguns alunos para falar sobre suas hist\u00f3rias de vida e como a escola mudou suas vidas. A ideia \u00e9 que os estudantes tamb\u00e9m tenham uma aula de cidadania, estejam aqui conhecendo o espa\u00e7o de uma universidade p\u00fablica, tendo contato com outras escolas da EJA. \u00c9 um momento de fortalecimento\u201d, disse a coordenadora da EJA, Karla Porto.<\/p>\n\n\n\n<p>Quem estava na plateia se emocionou com a hist\u00f3ria do Luiz Adriano dos Santos Lima, de 53 anos, da Escola Municipal Professora Aurelina Dias Cavalcanti, na Amendoeira. Com uma inf\u00e2ncia dif\u00edcil no Recife, o aluno teve que trabalhar muito cedo e n\u00e3o conseguiu se alfabetizar. Alguns anos depois, encorajado por sua esposa, ele se alfabetizou, est\u00e1 no sexto ano do ensino fundamental e trabalha com inform\u00e1tica.<\/p>\n\n\n\n<p>\u201cA minha esposa come\u00e7ou a estudar na EJA e come\u00e7ou a me incentivar a voltar a estudar tamb\u00e9m. Eu estava relutante mas acabei aceitando e foi muito bom. Os professores da escola s\u00e3o maravilhosos. As coisas mudaram na minha vida quando eu entrei para a escola, consegui fazer um curso de inform\u00e1tica e, hoje em dia, trabalho montando e desmontando computadores, configurando. Essa conquista foi gra\u00e7as \u00e0 EJA, que proporcionou esse aprendizado\u201d, afirmou o aluno.<\/p>\n\n\n\n<p><em>Fotos: Fabio Guimar\u00e3e<\/em>s<\/p>\n\n\n\n<p><strong><em>S\u00e3o Gon\u00e7alo vai mudar: Not\u00edcias de S\u00e3o Gon\u00e7alo e toda regi\u00e3o.<\/em><\/strong><\/p>\n\n\n\n<figure class=\"wp-block-image size-large\"><img decoding=\"async\" width=\"1024\" height=\"46\" src=\"https:\/\/sgvaimudar.com.br\/wp-content\/uploads\/2023\/08\/Anuncie-Aqui-Sao-Goncalo-vai-mudar-1024x46.png\" alt=\"\" class=\"wp-image-2740\" srcset=\"https:\/\/sgvaimudar.com.br\/wp-content\/uploads\/2023\/08\/Anuncie-Aqui-Sao-Goncalo-vai-mudar-1024x46.png 1024w, https:\/\/sgvaimudar.com.br\/wp-content\/uploads\/2023\/08\/Anuncie-Aqui-Sao-Goncalo-vai-mudar-300x13.png 300w, https:\/\/sgvaimudar.com.br\/wp-content\/uploads\/2023\/08\/Anuncie-Aqui-Sao-Goncalo-vai-mudar-768x35.png 768w, https:\/\/sgvaimudar.com.br\/wp-content\/uploads\/2023\/08\/Anuncie-Aqui-Sao-Goncalo-vai-mudar-1536x69.png 1536w, https:\/\/sgvaimudar.com.br\/wp-content\/uploads\/2023\/08\/Anuncie-Aqui-Sao-Goncalo-vai-mudar.png 2002w\" sizes=\"(max-width: 1024px) 100vw, 1024px\" \/><\/figure>\n","protected":false},"excerpt":{"rendered":"<p>Profissionais e alunos participaram de debates na Uerj de S\u00e3o Gon\u00e7alo A Subsecretaria de A\u00e7\u00f5es Pedag\u00f3gicas da Secretaria de Educa\u00e7\u00e3o&hellip;<\/p>\n","protected":false},"author":5,"featured_media":26340,"comment_status":"open","ping_status":"open","sticky":false,"template":"","format":"standard","meta":{"fifu_image_url":"","fifu_image_alt":"","footnotes":""},"categories":[3],"tags":[],"class_list":["post-26338","post","type-post","status-publish","format-standard","has-post-thumbnail","hentry","category-sao-goncalo"],"_links":{"self":[{"href":"https:\/\/sgvaimudar.com.br\/index.php\/wp-json\/wp\/v2\/posts\/26338","targetHints":{"allow":["GET"]}}],"collection":[{"href":"https:\/\/sgvaimudar.com.br\/index.php\/wp-json\/wp\/v2\/posts"}],"about":[{"href":"https:\/\/sgvaimudar.com.br\/index.php\/wp-json\/wp\/v2\/types\/post"}],"author":[{"embeddable":true,"href":"https:\/\/sgvaimudar.com.br\/index.php\/wp-json\/wp\/v2\/users\/5"}],"replies":[{"embeddable":true,"href":"https:\/\/sgvaimudar.com.br\/index.php\/wp-json\/wp\/v2\/comments?post=26338"}],"version-history":[{"count":1,"href":"https:\/\/sgvaimudar.com.br\/index.php\/wp-json\/wp\/v2\/posts\/26338\/revisions"}],"predecessor-version":[{"id":26341,"href":"https:\/\/sgvaimudar.com.br\/index.php\/wp-json\/wp\/v2\/posts\/26338\/revisions\/26341"}],"wp:featuredmedia":[{"embeddable":true,"href":"https:\/\/sgvaimudar.com.br\/index.php\/wp-json\/wp\/v2\/media\/26340"}],"wp:attachment":[{"href":"https:\/\/sgvaimudar.com.br\/index.php\/wp-json\/wp\/v2\/media?parent=26338"}],"wp:term":[{"taxonomy":"category","embeddable":true,"href":"https:\/\/sgvaimudar.com.br\/index.php\/wp-json\/wp\/v2\/categories?post=26338"},{"taxonomy":"post_tag","embeddable":true,"href":"https:\/\/sgvaimudar.com.br\/index.php\/wp-json\/wp\/v2\/tags?post=26338"}],"curies":[{"name":"wp","href":"https:\/\/api.w.org\/{rel}","templated":true}]}}