{"id":26328,"date":"2025-06-11T21:00:00","date_gmt":"2025-06-12T00:00:00","guid":{"rendered":"https:\/\/sgvaimudar.com.br\/?p=26328"},"modified":"2025-06-11T10:17:33","modified_gmt":"2025-06-11T13:17:33","slug":"luto-nacional-na-austria-apos-ataque-a-tiros-que-matou-10-pessoas-em-colegio","status":"publish","type":"post","link":"https:\/\/sgvaimudar.com.br\/index.php\/2025\/06\/11\/luto-nacional-na-austria-apos-ataque-a-tiros-que-matou-10-pessoas-em-colegio\/","title":{"rendered":"Luto nacional na \u00c1ustria ap\u00f3s ataque a tiros que matou 10 pessoas em col\u00e9gio"},"content":{"rendered":"\n<p><em><span style=\"font-size: revert\">Pessoas acenderam velas e deixaram flores em homenagem \u00e0s v\u00edtimas em frente a institui\u00e7\u00e3o de ensino m\u00e9dio<\/span><\/em><\/p>\n\n\n\n<p>A \u00c1ustria est\u00e1 de luto nesta quarta-feira (11), um dia depois de um ex-aluno matar a tiros dez pessoas e depois se suicidar em um col\u00e9gio de Graz, uma trag\u00e9dia sem precedentes no pa\u00eds.<\/p>\n\n\n\n<p>Os vizinhos acenderam velas e deixaram flores em homenagem \u00e0s v\u00edtimas, a maioria jovens, em frente ao col\u00e9gio de ensino m\u00e9dio, no centro dessa cidade do sul da \u00c1ustria.<\/p>\n\n\n\n<p>O pa\u00eds guardou um minuto de sil\u00eancio \u00e0s 10h (5 da manh\u00e3 em Bras\u00edlia) nesta quarta-feira, no mesmo hor\u00e1rio em que os disparos espalharam p\u00e2nico no col\u00e9gio no dia anterior.<\/p>\n\n\n\n<p>&#8220;\u00c9 realmente amedrontador, viveremos com isso durante anos&#8221;, declarou \u00e0 AFP Mariam Fayz, uma estudante de 22 anos que temeu pela vida de seu irm\u00e3o mais novo ao saber da not\u00edcia.<\/p>\n\n\n\n<p>Os moradores da regi\u00e3o ouviram gritos e disparos por volta das 10h da ter\u00e7a-feira, quando as aulas foram retomadas ap\u00f3s a segunda-feira de Pentecostes.<\/p>\n\n\n\n<p>O suposto autor, um austr\u00edaco de 21 anos oriundo da regi\u00e3o, agiu sozinho utilizando um fuzil e uma pistola que possu\u00eda legalmente e suicidou-se no banheiro, segundo a pol\u00edcia, que tenta esclarecer a motiva\u00e7\u00e3o.<\/p>\n\n\n\n<p>Durante a busca em sua resid\u00eancia, os investigadores descobriram &#8220;uma bomba caseira n\u00e3o funcional&#8221; e uma carta de despedida dirigida a seus pais, mas que n\u00e3o oferece pistas sobre o que o levou a matar.<\/p>\n\n\n\n<p>Alguns meios de comunica\u00e7\u00e3o afirmam que ele havia sofrido bullying. O jovem estudou durante o ensino m\u00e9dio no centro, que conta com cerca de 400 alunos entre 14 e 18 anos, mas n\u00e3o concluiu os estudos.<\/p>\n\n\n\n<p>O chefe de governo austr\u00edaco, Christian Stocker, que viajou ao local, mencionou uma &#8220;trag\u00e9dia nacional&#8221; e anunciou tr\u00eas dias de luto oficial.<\/p>\n\n\n\n<p>Ataques em locais p\u00fablicos s\u00e3o raros na \u00c1ustria, um pa\u00eds-membro da UE com nove milh\u00f5es de habitantes, que est\u00e1 entre os 10 Estados mais seguros do mundo, segundo a lista do \u00cdndice Global de Paz.<\/p>\n\n\n\n<p>No entanto, a Europa tem sido abalada nos \u00faltimos anos por ataques em escolas e universidades que n\u00e3o foram classificados pelas autoridades como atos de &#8220;terrorismo&#8221;.<\/p>\n\n\n\n<p>Na Fran\u00e7a, um aluno de 14 anos esfaqueou mortalmente uma assistente educacional na ter\u00e7a-feira em frente ao estabelecimento.<\/p>\n\n\n\n<p><strong><em>S\u00e3o Gon\u00e7alo vai mudar: Not\u00edcias de S\u00e3o Gon\u00e7alo e toda regi\u00e3o.<\/em><\/strong><\/p>\n\n\n\n<figure class=\"wp-block-image size-large\"><img fetchpriority=\"high\" decoding=\"async\" width=\"1024\" height=\"252\" src=\"https:\/\/sgvaimudar.com.br\/wp-content\/uploads\/2025\/03\/Anuncie-Aqui-Sao-Goncalo-vai-mudar-1024x252.jpg\" alt=\"\" class=\"wp-image-22693\" srcset=\"https:\/\/sgvaimudar.com.br\/wp-content\/uploads\/2025\/03\/Anuncie-Aqui-Sao-Goncalo-vai-mudar-1024x252.jpg 1024w, https:\/\/sgvaimudar.com.br\/wp-content\/uploads\/2025\/03\/Anuncie-Aqui-Sao-Goncalo-vai-mudar-300x74.jpg 300w, https:\/\/sgvaimudar.com.br\/wp-content\/uploads\/2025\/03\/Anuncie-Aqui-Sao-Goncalo-vai-mudar-768x189.jpg 768w, https:\/\/sgvaimudar.com.br\/wp-content\/uploads\/2025\/03\/Anuncie-Aqui-Sao-Goncalo-vai-mudar-1536x378.jpg 1536w, https:\/\/sgvaimudar.com.br\/wp-content\/uploads\/2025\/03\/Anuncie-Aqui-Sao-Goncalo-vai-mudar-2048x504.jpg 2048w\" sizes=\"(max-width: 1024px) 100vw, 1024px\" \/><\/figure>\n","protected":false},"excerpt":{"rendered":"<p>Pessoas acenderam velas e deixaram flores em homenagem \u00e0s v\u00edtimas em frente a institui\u00e7\u00e3o de ensino m\u00e9dio A \u00c1ustria est\u00e1&hellip;<\/p>\n","protected":false},"author":5,"featured_media":26329,"comment_status":"open","ping_status":"open","sticky":false,"template":"","format":"standard","meta":{"fifu_image_url":"","fifu_image_alt":"","footnotes":""},"categories":[1],"tags":[],"class_list":["post-26328","post","type-post","status-publish","format-standard","has-post-thumbnail","hentry","category-mundo"],"_links":{"self":[{"href":"https:\/\/sgvaimudar.com.br\/index.php\/wp-json\/wp\/v2\/posts\/26328","targetHints":{"allow":["GET"]}}],"collection":[{"href":"https:\/\/sgvaimudar.com.br\/index.php\/wp-json\/wp\/v2\/posts"}],"about":[{"href":"https:\/\/sgvaimudar.com.br\/index.php\/wp-json\/wp\/v2\/types\/post"}],"author":[{"embeddable":true,"href":"https:\/\/sgvaimudar.com.br\/index.php\/wp-json\/wp\/v2\/users\/5"}],"replies":[{"embeddable":true,"href":"https:\/\/sgvaimudar.com.br\/index.php\/wp-json\/wp\/v2\/comments?post=26328"}],"version-history":[{"count":1,"href":"https:\/\/sgvaimudar.com.br\/index.php\/wp-json\/wp\/v2\/posts\/26328\/revisions"}],"predecessor-version":[{"id":26330,"href":"https:\/\/sgvaimudar.com.br\/index.php\/wp-json\/wp\/v2\/posts\/26328\/revisions\/26330"}],"wp:featuredmedia":[{"embeddable":true,"href":"https:\/\/sgvaimudar.com.br\/index.php\/wp-json\/wp\/v2\/media\/26329"}],"wp:attachment":[{"href":"https:\/\/sgvaimudar.com.br\/index.php\/wp-json\/wp\/v2\/media?parent=26328"}],"wp:term":[{"taxonomy":"category","embeddable":true,"href":"https:\/\/sgvaimudar.com.br\/index.php\/wp-json\/wp\/v2\/categories?post=26328"},{"taxonomy":"post_tag","embeddable":true,"href":"https:\/\/sgvaimudar.com.br\/index.php\/wp-json\/wp\/v2\/tags?post=26328"}],"curies":[{"name":"wp","href":"https:\/\/api.w.org\/{rel}","templated":true}]}}