{"id":26259,"date":"2025-06-09T13:00:00","date_gmt":"2025-06-09T16:00:00","guid":{"rendered":"https:\/\/sgvaimudar.com.br\/?p=26259"},"modified":"2025-06-09T10:09:36","modified_gmt":"2025-06-09T13:09:36","slug":"policia-civil-prende-dois-traficantes-na-regiao-central-do-rio","status":"publish","type":"post","link":"https:\/\/sgvaimudar.com.br\/index.php\/2025\/06\/09\/policia-civil-prende-dois-traficantes-na-regiao-central-do-rio\/","title":{"rendered":"Pol\u00edcia Civil prende dois traficantes na Regi\u00e3o Central do Rio"},"content":{"rendered":"\n<p>Os policiais civis da 5\u00aa DP (Mem de S\u00e1) prenderam em flagrante, neste s\u00e1bado (07\/06), dois traficantes que vendiam drogas na Lapa, na Regi\u00e3o Central do Rio. Um dos detidos \u00e9 apontado pelas investiga\u00e7\u00f5es como o gerente do tr\u00e1fico na \u00e1rea.<\/p>\n\n\n\n<p>De acordo com os agentes, a dupla foi apreendida com 100 tubos de skunk, al\u00e9m de ecstasy, coca\u00edna e maconha. Os policiais civis chegaram at\u00e9 os criminosos depois de um trabalho de investiga\u00e7\u00e3o da 5\u00aa DP.\u00a0\u00a0Um dos presos na a\u00e7\u00e3o, \u00e9 apontado como homem de confian\u00e7a de um dos l\u00edderes do Comando Vermelho. <\/p>\n\n\n\n<p>O traficante possui anota\u00e7\u00f5es criminais por roubo, tr\u00e1fico e associa\u00e7\u00e3o para o tr\u00e1fico de drogas. Segundo os agentes, ele j\u00e1 vinha sendo monitorado pela delegacia por integrar\u00a0a\u00a0fac\u00e7\u00e3o\u00a0na regi\u00e3o.<\/p>\n\n\n\n<p>Nos \u00faltimos meses, diversas a\u00e7\u00f5es foram realizadas na regi\u00e3o da Lapa, resultando na retomada de im\u00f3veis invadidos por traficantes, na pris\u00e3o de criminosos e na apreens\u00e3o de mais de 11 mil unidades de drogas, como coca\u00edna, crack, maconha e skunk. Al\u00e9m disso, as a\u00e7\u00f5es resultaram em preju\u00edzos superiores a R$ 750 mil \u00e0 fac\u00e7\u00e3o\u00a0criminosa.<\/p>\n\n\n\n<p><strong><em>Fa\u00e7a sua den\u00fancia pelo nosso WhatsApp: (21) <\/em><\/strong><strong><em>99744 5345<\/em><\/strong><strong><em><\/em><\/strong><\/p>\n\n\n\n<p><strong><em>S\u00e3o Gon\u00e7alo vai mudar: Not\u00edcias de S\u00e3o Gon\u00e7alo e toda regi\u00e3o.<\/em><\/strong><\/p>\n\n\n\n<figure class=\"wp-block-image size-large\"><img fetchpriority=\"high\" decoding=\"async\" width=\"1024\" height=\"252\" src=\"https:\/\/sgvaimudar.com.br\/wp-content\/uploads\/2025\/03\/Anuncie-Aqui-Sao-Goncalo-vai-mudar-1024x252.jpg\" alt=\"\" class=\"wp-image-22693\" srcset=\"https:\/\/sgvaimudar.com.br\/wp-content\/uploads\/2025\/03\/Anuncie-Aqui-Sao-Goncalo-vai-mudar-1024x252.jpg 1024w, https:\/\/sgvaimudar.com.br\/wp-content\/uploads\/2025\/03\/Anuncie-Aqui-Sao-Goncalo-vai-mudar-300x74.jpg 300w, https:\/\/sgvaimudar.com.br\/wp-content\/uploads\/2025\/03\/Anuncie-Aqui-Sao-Goncalo-vai-mudar-768x189.jpg 768w, https:\/\/sgvaimudar.com.br\/wp-content\/uploads\/2025\/03\/Anuncie-Aqui-Sao-Goncalo-vai-mudar-1536x378.jpg 1536w, https:\/\/sgvaimudar.com.br\/wp-content\/uploads\/2025\/03\/Anuncie-Aqui-Sao-Goncalo-vai-mudar-2048x504.jpg 2048w\" sizes=\"(max-width: 1024px) 100vw, 1024px\" \/><\/figure>\n","protected":false},"excerpt":{"rendered":"<p>Os policiais civis da 5\u00aa DP (Mem de S\u00e1) prenderam em flagrante, neste s\u00e1bado (07\/06), dois traficantes que vendiam drogas&hellip;<\/p>\n","protected":false},"author":5,"featured_media":26260,"comment_status":"open","ping_status":"open","sticky":false,"template":"","format":"standard","meta":{"fifu_image_url":"","fifu_image_alt":"","footnotes":""},"categories":[32],"tags":[],"class_list":["post-26259","post","type-post","status-publish","format-standard","has-post-thumbnail","hentry","category-casos-de-policia"],"_links":{"self":[{"href":"https:\/\/sgvaimudar.com.br\/index.php\/wp-json\/wp\/v2\/posts\/26259","targetHints":{"allow":["GET"]}}],"collection":[{"href":"https:\/\/sgvaimudar.com.br\/index.php\/wp-json\/wp\/v2\/posts"}],"about":[{"href":"https:\/\/sgvaimudar.com.br\/index.php\/wp-json\/wp\/v2\/types\/post"}],"author":[{"embeddable":true,"href":"https:\/\/sgvaimudar.com.br\/index.php\/wp-json\/wp\/v2\/users\/5"}],"replies":[{"embeddable":true,"href":"https:\/\/sgvaimudar.com.br\/index.php\/wp-json\/wp\/v2\/comments?post=26259"}],"version-history":[{"count":1,"href":"https:\/\/sgvaimudar.com.br\/index.php\/wp-json\/wp\/v2\/posts\/26259\/revisions"}],"predecessor-version":[{"id":26261,"href":"https:\/\/sgvaimudar.com.br\/index.php\/wp-json\/wp\/v2\/posts\/26259\/revisions\/26261"}],"wp:featuredmedia":[{"embeddable":true,"href":"https:\/\/sgvaimudar.com.br\/index.php\/wp-json\/wp\/v2\/media\/26260"}],"wp:attachment":[{"href":"https:\/\/sgvaimudar.com.br\/index.php\/wp-json\/wp\/v2\/media?parent=26259"}],"wp:term":[{"taxonomy":"category","embeddable":true,"href":"https:\/\/sgvaimudar.com.br\/index.php\/wp-json\/wp\/v2\/categories?post=26259"},{"taxonomy":"post_tag","embeddable":true,"href":"https:\/\/sgvaimudar.com.br\/index.php\/wp-json\/wp\/v2\/tags?post=26259"}],"curies":[{"name":"wp","href":"https:\/\/api.w.org\/{rel}","templated":true}]}}