{"id":26247,"date":"2025-06-09T10:59:00","date_gmt":"2025-06-09T13:59:00","guid":{"rendered":"https:\/\/sgvaimudar.com.br\/?p=26247"},"modified":"2025-06-09T09:54:02","modified_gmt":"2025-06-09T12:54:02","slug":"bandidos-do-brejal-atacam-caveirao-do-7obpm-apos-o-confronto-um-suspeito-foi-preso-e-um-fuzil-apreendido","status":"publish","type":"post","link":"https:\/\/sgvaimudar.com.br\/index.php\/2025\/06\/09\/bandidos-do-brejal-atacam-caveirao-do-7obpm-apos-o-confronto-um-suspeito-foi-preso-e-um-fuzil-apreendido\/","title":{"rendered":"Bandidos do Brejal atacam &#8220;caveir\u00e3o&#8221; do 7\u00baBPM; ap\u00f3s o confronto um suspeito foi preso e um fuzil apreendido"},"content":{"rendered":"\n<p><em>Segundo a pol\u00edcia, o armamento estava com o acusado em uma motocicleta no interior de um terreno aberto <\/em><\/p>\n\n\n\n<p>Um carro blindado do 7\u00ba Batalh\u00e3o de Pol\u00edcia Militar do Rio de Janeiro foi atacado por criminosos com tiros, na comunidade do Brejal, no bairro Bom Retiro, em S\u00e3o Gon\u00e7alo.  O ataque ao ve\u00edculo conhecido como \u201ccaveir\u00e3o\u201d foi feito na tarde da \u00faltima sexta-feira (6\/6). A Rua Arthur Napole\u00e3o \u00e9 dominada pela fac\u00e7\u00e3o Comando Vermelho (CV). <\/p>\n\n\n\n<p><strong>DIN\u00c2MICA<\/strong>: Segundo a PM, equipes em patrulhamento com o objetivo de reprimir a a\u00e7\u00e3o de indiv\u00edduos envolvidos em roubos de ve\u00edculos e cargas na regi\u00e3o, al\u00e9m de verificar os locais com manchas criminais foram surpreendidas por dois elementos em uma motocicleta que tentou atacar o ve\u00edculo blindado por tr\u00e1s.<\/p>\n\n\n\n<p>De acordo com a pol\u00edcia, com o ataque dos criminosos foi necess\u00e1rio revidar a injusta agress\u00e3o de forma moderada, onde os elementos abandonaram a motocicleta e um fuzil ao solo sendo arrecadado pelas equipes policiais.<\/p>\n\n\n\n<p>Na a\u00e7\u00e3o, os agentes conseguiram deter um suspeito identificado como Luiz Fernando de Azevedo Macedo, de 22 anos, vulgo <strong><em>LZ <\/em><\/strong>que, segundo a pol\u00edcia, estava na motocicleta em posse do fuzil no interior de um terreno aberto tentando fugir. <\/p>\n\n\n\n<p>Ap\u00f3s a realiza\u00e7\u00e3o de cerco t\u00e1tico e vasculhamento no local da pris\u00e3o, as equipes apreenderam um farto material entorpecente em mochilas e um r\u00e1dio transmissor.<\/p>\n\n\n\n<p>O registro da ocorr\u00eancia foi feito na 74\u00aa DP.<\/p>\n\n\n\n<p><strong><em>Fa\u00e7a sua den\u00fancia pelo nosso WhatsApp: (21) <\/em><\/strong><strong><em>99744 5345<\/em><\/strong><strong><em><\/em><\/strong><\/p>\n\n\n\n<p><strong><em>S\u00e3o Gon\u00e7alo vai mudar: Not\u00edcias de S\u00e3o Gon\u00e7alo e toda regi\u00e3o.<\/em><\/strong><\/p>\n\n\n\n<figure class=\"wp-block-image size-large\"><img fetchpriority=\"high\" decoding=\"async\" width=\"1024\" height=\"252\" src=\"https:\/\/sgvaimudar.com.br\/wp-content\/uploads\/2025\/03\/Anuncie-Aqui-Sao-Goncalo-vai-mudar-1024x252.jpg\" alt=\"\" class=\"wp-image-22693\" srcset=\"https:\/\/sgvaimudar.com.br\/wp-content\/uploads\/2025\/03\/Anuncie-Aqui-Sao-Goncalo-vai-mudar-1024x252.jpg 1024w, https:\/\/sgvaimudar.com.br\/wp-content\/uploads\/2025\/03\/Anuncie-Aqui-Sao-Goncalo-vai-mudar-300x74.jpg 300w, https:\/\/sgvaimudar.com.br\/wp-content\/uploads\/2025\/03\/Anuncie-Aqui-Sao-Goncalo-vai-mudar-768x189.jpg 768w, https:\/\/sgvaimudar.com.br\/wp-content\/uploads\/2025\/03\/Anuncie-Aqui-Sao-Goncalo-vai-mudar-1536x378.jpg 1536w, https:\/\/sgvaimudar.com.br\/wp-content\/uploads\/2025\/03\/Anuncie-Aqui-Sao-Goncalo-vai-mudar-2048x504.jpg 2048w\" sizes=\"(max-width: 1024px) 100vw, 1024px\" \/><\/figure>\n","protected":false},"excerpt":{"rendered":"<p>Segundo a pol\u00edcia, o armamento estava com o acusado em uma motocicleta no interior de um terreno aberto Um carro&hellip;<\/p>\n","protected":false},"author":5,"featured_media":26248,"comment_status":"open","ping_status":"open","sticky":false,"template":"","format":"standard","meta":{"fifu_image_url":"","fifu_image_alt":"","footnotes":""},"categories":[32],"tags":[],"class_list":["post-26247","post","type-post","status-publish","format-standard","has-post-thumbnail","hentry","category-casos-de-policia"],"_links":{"self":[{"href":"https:\/\/sgvaimudar.com.br\/index.php\/wp-json\/wp\/v2\/posts\/26247","targetHints":{"allow":["GET"]}}],"collection":[{"href":"https:\/\/sgvaimudar.com.br\/index.php\/wp-json\/wp\/v2\/posts"}],"about":[{"href":"https:\/\/sgvaimudar.com.br\/index.php\/wp-json\/wp\/v2\/types\/post"}],"author":[{"embeddable":true,"href":"https:\/\/sgvaimudar.com.br\/index.php\/wp-json\/wp\/v2\/users\/5"}],"replies":[{"embeddable":true,"href":"https:\/\/sgvaimudar.com.br\/index.php\/wp-json\/wp\/v2\/comments?post=26247"}],"version-history":[{"count":2,"href":"https:\/\/sgvaimudar.com.br\/index.php\/wp-json\/wp\/v2\/posts\/26247\/revisions"}],"predecessor-version":[{"id":26251,"href":"https:\/\/sgvaimudar.com.br\/index.php\/wp-json\/wp\/v2\/posts\/26247\/revisions\/26251"}],"wp:featuredmedia":[{"embeddable":true,"href":"https:\/\/sgvaimudar.com.br\/index.php\/wp-json\/wp\/v2\/media\/26248"}],"wp:attachment":[{"href":"https:\/\/sgvaimudar.com.br\/index.php\/wp-json\/wp\/v2\/media?parent=26247"}],"wp:term":[{"taxonomy":"category","embeddable":true,"href":"https:\/\/sgvaimudar.com.br\/index.php\/wp-json\/wp\/v2\/categories?post=26247"},{"taxonomy":"post_tag","embeddable":true,"href":"https:\/\/sgvaimudar.com.br\/index.php\/wp-json\/wp\/v2\/tags?post=26247"}],"curies":[{"name":"wp","href":"https:\/\/api.w.org\/{rel}","templated":true}]}}