{"id":26233,"date":"2025-06-09T08:33:28","date_gmt":"2025-06-09T11:33:28","guid":{"rendered":"https:\/\/sgvaimudar.com.br\/?p=26233"},"modified":"2025-06-09T08:45:55","modified_gmt":"2025-06-09T11:45:55","slug":"governador-claudio-castro-lamenta-morte-do-jovem-herus-guimaraes-mendes","status":"publish","type":"post","link":"https:\/\/sgvaimudar.com.br\/index.php\/2025\/06\/09\/governador-claudio-castro-lamenta-morte-do-jovem-herus-guimaraes-mendes\/","title":{"rendered":"Governador Cl\u00e1udio Castro lamenta morte do jovem Herus Guimar\u00e3es Mendes"},"content":{"rendered":"\n<p><em>Na nota chefe do Executivo Estadual determinou <span style=\"font-size: revert\">o afastamento imediato dos respons\u00e1veis por autorizar a opera\u00e7\u00e3o<\/span> <\/em><\/p>\n\n\n\n<p>Em suas redes sociais o governador do Rio Cl\u00e1udio Castro fez uma postagem sobre a opera\u00e7\u00e3o do Bope (Batalh\u00e3o de Opera\u00e7\u00f5es Especiais da Pol\u00edcia Militar do Rio de Janeiro), que invadiu, atirando, uma festa junina da comunidade carioca do Morro Santo Amaro, no Catete, e acabou <span style=\"font-size: revert\">com a morte do <\/span>jovem <span style=\"font-size: revert\">Herus Guimar\u00e3es Mendes<\/span>.<\/p>\n\n\n\n<p>&#8220;<em>A<span style=\"font-size: revert\">gora pela manh\u00e3, em uma reuni\u00e3o com os secret\u00e1rios de Estado de Seguran\u00e7a e da Pol\u00edcia Militar, determinei o afastamento imediato dos respons\u00e1veis por autorizar a opera\u00e7\u00e3o na madrugada de ontem, na comunidade do Santo Amaro, em meio a uma festa popular&#8221;, escreveu Castro no texto.<\/span><\/em><\/p>\n\n\n\n<p><p class=\"MsoNoSpacing\"><span><\/span><\/p><p class=\"MsoNoSpacing\"><\/p><p class=\"MsoNoSpacing\">A ordem do governador no documento \u00e9 que as apura\u00e7\u00f5es sejam feitas com extremo rigor e com agilidade, tamb\u00e9m por parte da Pol\u00edcia Civil e da Corregedoria Interna da PM, que investigam o caso.<\/p><em><p class=\"MsoNoSpacing\"><span><\/span><\/p> &#8220;<span style=\"font-size: revert\">Em conversa com o Minist\u00e9rio P\u00fablico, demos nossa garantia de que todas as imagens do evento, gravadas pelas c\u00e2meras corporais dos policiais, ser\u00e3o disponibilizadas para que as responsabilidades sejam apuradas&#8221;, disse o governador num trecho da postagem.<\/span><\/em><p class=\"MsoNoSpacing\"><span><\/span><\/p><p class=\"MsoNoSpacing\"><\/p><em>&#8220;<span style=\"font-size: revert\">Me solidarizo com os familiares e amigos do jovem Herus Guimar\u00e3es Mendes e das outras v\u00edtimas que foram atingidas durante a festa. Sei que palavras n\u00e3o v\u00e3o trazer ningu\u00e9m de volta e nem diminuir a dor de se perder um ente querido, mas fica aqui a minha tristeza e indigna\u00e7\u00e3o&#8221;,<\/span><\/em><span style=\"font-size: revert\"> concluiu Cl\u00e1udio Castro<\/span><b style=\"font-size: revert\">, <\/b><span style=\"font-size: revert\">governador do Estado do Rio de Janeiro<\/span> na nota.<\/p>\n\n\n\n<p><strong><em>Fa\u00e7a sua den\u00fancia pelo nosso WhatsApp: (21) <\/em><\/strong><strong><em>99744 5345<\/em><\/strong><strong><em><\/em><\/strong><\/p>\n\n\n\n<p><strong><em>S\u00e3o Gon\u00e7alo vai mudar: Not\u00edcias de S\u00e3o Gon\u00e7alo e toda regi\u00e3o.<\/em><\/strong><\/p>\n\n\n\n<figure class=\"wp-block-image size-large\"><img fetchpriority=\"high\" decoding=\"async\" width=\"1024\" height=\"252\" src=\"https:\/\/sgvaimudar.com.br\/wp-content\/uploads\/2025\/03\/Anuncie-Aqui-Sao-Goncalo-vai-mudar-1024x252.jpg\" alt=\"\" class=\"wp-image-22693\" srcset=\"https:\/\/sgvaimudar.com.br\/wp-content\/uploads\/2025\/03\/Anuncie-Aqui-Sao-Goncalo-vai-mudar-1024x252.jpg 1024w, https:\/\/sgvaimudar.com.br\/wp-content\/uploads\/2025\/03\/Anuncie-Aqui-Sao-Goncalo-vai-mudar-300x74.jpg 300w, https:\/\/sgvaimudar.com.br\/wp-content\/uploads\/2025\/03\/Anuncie-Aqui-Sao-Goncalo-vai-mudar-768x189.jpg 768w, https:\/\/sgvaimudar.com.br\/wp-content\/uploads\/2025\/03\/Anuncie-Aqui-Sao-Goncalo-vai-mudar-1536x378.jpg 1536w, https:\/\/sgvaimudar.com.br\/wp-content\/uploads\/2025\/03\/Anuncie-Aqui-Sao-Goncalo-vai-mudar-2048x504.jpg 2048w\" sizes=\"(max-width: 1024px) 100vw, 1024px\" \/><\/figure>\n","protected":false},"excerpt":{"rendered":"<p>Na nota chefe do Executivo Estadual determinou o afastamento imediato dos respons\u00e1veis por autorizar a opera\u00e7\u00e3o Em suas redes sociais&hellip;<\/p>\n","protected":false},"author":5,"featured_media":26234,"comment_status":"open","ping_status":"open","sticky":false,"template":"","format":"standard","meta":{"fifu_image_url":"","fifu_image_alt":"","footnotes":""},"categories":[32],"tags":[],"class_list":["post-26233","post","type-post","status-publish","format-standard","has-post-thumbnail","hentry","category-casos-de-policia"],"_links":{"self":[{"href":"https:\/\/sgvaimudar.com.br\/index.php\/wp-json\/wp\/v2\/posts\/26233","targetHints":{"allow":["GET"]}}],"collection":[{"href":"https:\/\/sgvaimudar.com.br\/index.php\/wp-json\/wp\/v2\/posts"}],"about":[{"href":"https:\/\/sgvaimudar.com.br\/index.php\/wp-json\/wp\/v2\/types\/post"}],"author":[{"embeddable":true,"href":"https:\/\/sgvaimudar.com.br\/index.php\/wp-json\/wp\/v2\/users\/5"}],"replies":[{"embeddable":true,"href":"https:\/\/sgvaimudar.com.br\/index.php\/wp-json\/wp\/v2\/comments?post=26233"}],"version-history":[{"count":4,"href":"https:\/\/sgvaimudar.com.br\/index.php\/wp-json\/wp\/v2\/posts\/26233\/revisions"}],"predecessor-version":[{"id":26242,"href":"https:\/\/sgvaimudar.com.br\/index.php\/wp-json\/wp\/v2\/posts\/26233\/revisions\/26242"}],"wp:featuredmedia":[{"embeddable":true,"href":"https:\/\/sgvaimudar.com.br\/index.php\/wp-json\/wp\/v2\/media\/26234"}],"wp:attachment":[{"href":"https:\/\/sgvaimudar.com.br\/index.php\/wp-json\/wp\/v2\/media?parent=26233"}],"wp:term":[{"taxonomy":"category","embeddable":true,"href":"https:\/\/sgvaimudar.com.br\/index.php\/wp-json\/wp\/v2\/categories?post=26233"},{"taxonomy":"post_tag","embeddable":true,"href":"https:\/\/sgvaimudar.com.br\/index.php\/wp-json\/wp\/v2\/tags?post=26233"}],"curies":[{"name":"wp","href":"https:\/\/api.w.org\/{rel}","templated":true}]}}