{"id":26219,"date":"2025-06-08T14:00:00","date_gmt":"2025-06-08T17:00:00","guid":{"rendered":"https:\/\/sgvaimudar.com.br\/?p=26219"},"modified":"2025-06-08T05:52:36","modified_gmt":"2025-06-08T08:52:36","slug":"defesa-civil-goncalense-realiza-primeira-aula-dos-nucleos-comunitarios","status":"publish","type":"post","link":"https:\/\/sgvaimudar.com.br\/index.php\/2025\/06\/08\/defesa-civil-goncalense-realiza-primeira-aula-dos-nucleos-comunitarios\/","title":{"rendered":"Defesa Civil gon\u00e7alense realiza primeira aula dos n\u00facleos comunit\u00e1rios"},"content":{"rendered":"\n<p><em>Estavam presentes alunos dos quatro NUPDECs: Jardim Catarina, Salgueiro, Trindade e Luiz Ca\u00e7ador<\/em><\/p>\n\n\n\n<p>A Defesa Civil de S\u00e3o Gon\u00e7alo realizou, nesta manh\u00e3 de s\u00e1bado (7), a primeira aula dos N\u00facleos Comunit\u00e1rios de Prote\u00e7\u00e3o e Defesa Civil (NUPDECs), que s\u00e3o formados por pessoas que moram em bairros de maior vulnerabilidade a desastres, com capacita\u00e7\u00e3o pr\u00e9via junto \u00e0 Defesa Civil. Esse encontro inicial aconteceu no CIEP 408 S\u00e9rgio Cardoso, na Trindade, das 8h \u00e0s 13h. Ao todo, estavam presentes alunos dos quatro n\u00facleos dos NUPDECs: Jardim Catarina, Salgueiro, Trindade e Luiz Ca\u00e7ador.<\/p>\n\n\n\n<p>Nesse primeiro encontro, os agentes da Defesa Civil falaram um pouco sobre o trabalho que ser\u00e1 desenvolvido nos n\u00facleos e orienta\u00e7\u00f5es sobre a atua\u00e7\u00e3o da Defesa Civil. Al\u00e9m disso, foram desenvolvidos tr\u00eas m\u00f3dulos: como se comportar diante de pontos de alagamentos e enchentes estando em ve\u00edculos; primeiros socorros e transporte de v\u00edtimas, em caso de enchentes; e aula pr\u00e1tica sobre como entrar e sair de ve\u00edculos e os acionamentos de institui\u00e7\u00f5es como Samu e Corpo de Bombeiros.<\/p>\n\n\n\n<figure class=\"wp-block-image size-large\"><img fetchpriority=\"high\" decoding=\"async\" width=\"1024\" height=\"768\" src=\"https:\/\/sgvaimudar.com.br\/wp-content\/uploads\/2025\/06\/unnamed-11-2-1024x768.jpg\" alt=\"\" class=\"wp-image-26220\" srcset=\"https:\/\/sgvaimudar.com.br\/wp-content\/uploads\/2025\/06\/unnamed-11-2-1024x768.jpg 1024w, https:\/\/sgvaimudar.com.br\/wp-content\/uploads\/2025\/06\/unnamed-11-2-300x225.jpg 300w, https:\/\/sgvaimudar.com.br\/wp-content\/uploads\/2025\/06\/unnamed-11-2-768x576.jpg 768w, https:\/\/sgvaimudar.com.br\/wp-content\/uploads\/2025\/06\/unnamed-11-2-1536x1152.jpg 1536w, https:\/\/sgvaimudar.com.br\/wp-content\/uploads\/2025\/06\/unnamed-11-2.jpg 1600w\" sizes=\"(max-width: 1024px) 100vw, 1024px\" \/><\/figure>\n\n\n\n<p>A cria\u00e7\u00e3o e implementa\u00e7\u00e3o dos NUPDECs s\u00e3o a\u00e7\u00f5es respaldadas por importantes legisla\u00e7\u00f5es e orienta\u00e7\u00f5es nacionais e internacionais. Esses n\u00facleos encontram amparo na Pol\u00edtica Nacional de Prote\u00e7\u00e3o e Defesa Civil (PNPDEC), institu\u00edda pela Lei n\u00ba 12.608\/2012, que enfatiza a import\u00e2ncia de integrar a popula\u00e7\u00e3o no sistema de prote\u00e7\u00e3o e Defesa Civil, visando \u00e0 preven\u00e7\u00e3o e \u00e0 minimiza\u00e7\u00e3o de riscos.<\/p>\n\n\n\n<p>Os NUPDECs s\u00e3o representantes comunit\u00e1rios organizados em diferentes comunidades estrat\u00e9gicas do munic\u00edpio, priorizando \u00e1reas de maior vulnerabilidade a desastres, como regi\u00f5es sujeitas a enchentes, deslizamentos e alagamentos. \u00c9 o que explica o major da Defesa Civil, Felipe Assump\u00e7\u00e3o.<\/p>\n\n\n\n<p>&#8220;Esses n\u00facleos fazem com que a popula\u00e7\u00e3o se torne mais protegida e a comunidade mais segura. Essas pessoas dos n\u00facleos s\u00e3o consideradas prolongadoras da Defesa Civil, disseminando informa\u00e7\u00e3o em caso de desastre. Eles formam um tipo de corrente que vai interagir com a popula\u00e7\u00e3o em um primeiro momento de desastre, j\u00e1 que, por morarem nos bairros em quest\u00e3o, eles conseguem chegar primeiro em caso de desastre e, muitas vezes, nos alertam tamb\u00e9m sobre enchentes e desabamentos, por exemplo&#8221;, explicou.<\/p>\n\n\n\n<p>A pr\u00f3xima aula dos NUPDECs ser\u00e1 no pr\u00f3ximo s\u00e1bado (14), das 8h \u00e0s 13h, no CIEP 408 S\u00e9rgio Cardoso, na Trindade. Na pr\u00f3xima semana, ser\u00e3o debatidos temas ligados ao meio ambiente e ao descarte correto de lixo.<\/p>\n\n\n\n<p><strong>Como se inscrever nos NUPDECs&nbsp;<\/strong>&#8211; Os interessados em participar dos NUPDECs devem ir at\u00e9 o local de encontro do n\u00facleo da sua regi\u00e3o. N\u00e3o \u00e9 necess\u00e1rio ter forma\u00e7\u00e3o anterior para participar.<\/p>\n\n\n\n<p>Endere\u00e7os dos NUPDECs:<\/p>\n\n\n\n<p>Jardim Catarina \u2013 Instituto Arca, na Rua Carlos Fox, 286 casa 3.<\/p>\n\n\n\n<p>Salgueiro \u2013 Quadra da S\u00edria, na Rua Andreia Gabriel, 2416.<\/p>\n\n\n\n<p>Trindade \u2013 CIEP 408 S\u00e9rgio Cardoso, na Rua J\u00falio Verne<\/p>\n\n\n\n<p>Luiz Ca\u00e7ador \u2013 Rua Coronel Silveira, 454.<\/p>\n\n\n\n<p><strong><em>S\u00e3o Gon\u00e7alo vai mudar: Not\u00edcias de S\u00e3o Gon\u00e7alo e toda regi\u00e3o.<\/em><\/strong><\/p>\n\n\n\n<figure class=\"wp-block-image size-large\"><img decoding=\"async\" width=\"1024\" height=\"252\" src=\"https:\/\/sgvaimudar.com.br\/wp-content\/uploads\/2025\/03\/Anuncie-Aqui-Sao-Goncalo-vai-mudar-1024x252.jpg\" alt=\"\" class=\"wp-image-22693\" srcset=\"https:\/\/sgvaimudar.com.br\/wp-content\/uploads\/2025\/03\/Anuncie-Aqui-Sao-Goncalo-vai-mudar-1024x252.jpg 1024w, https:\/\/sgvaimudar.com.br\/wp-content\/uploads\/2025\/03\/Anuncie-Aqui-Sao-Goncalo-vai-mudar-300x74.jpg 300w, https:\/\/sgvaimudar.com.br\/wp-content\/uploads\/2025\/03\/Anuncie-Aqui-Sao-Goncalo-vai-mudar-768x189.jpg 768w, https:\/\/sgvaimudar.com.br\/wp-content\/uploads\/2025\/03\/Anuncie-Aqui-Sao-Goncalo-vai-mudar-1536x378.jpg 1536w, https:\/\/sgvaimudar.com.br\/wp-content\/uploads\/2025\/03\/Anuncie-Aqui-Sao-Goncalo-vai-mudar-2048x504.jpg 2048w\" sizes=\"(max-width: 1024px) 100vw, 1024px\" \/><\/figure>\n","protected":false},"excerpt":{"rendered":"<p>Estavam presentes alunos dos quatro NUPDECs: Jardim Catarina, Salgueiro, Trindade e Luiz Ca\u00e7ador A Defesa Civil de S\u00e3o Gon\u00e7alo realizou,&hellip;<\/p>\n","protected":false},"author":5,"featured_media":26221,"comment_status":"open","ping_status":"open","sticky":false,"template":"","format":"standard","meta":{"fifu_image_url":"","fifu_image_alt":"","footnotes":""},"categories":[3],"tags":[],"class_list":["post-26219","post","type-post","status-publish","format-standard","has-post-thumbnail","hentry","category-sao-goncalo"],"_links":{"self":[{"href":"https:\/\/sgvaimudar.com.br\/index.php\/wp-json\/wp\/v2\/posts\/26219","targetHints":{"allow":["GET"]}}],"collection":[{"href":"https:\/\/sgvaimudar.com.br\/index.php\/wp-json\/wp\/v2\/posts"}],"about":[{"href":"https:\/\/sgvaimudar.com.br\/index.php\/wp-json\/wp\/v2\/types\/post"}],"author":[{"embeddable":true,"href":"https:\/\/sgvaimudar.com.br\/index.php\/wp-json\/wp\/v2\/users\/5"}],"replies":[{"embeddable":true,"href":"https:\/\/sgvaimudar.com.br\/index.php\/wp-json\/wp\/v2\/comments?post=26219"}],"version-history":[{"count":1,"href":"https:\/\/sgvaimudar.com.br\/index.php\/wp-json\/wp\/v2\/posts\/26219\/revisions"}],"predecessor-version":[{"id":26222,"href":"https:\/\/sgvaimudar.com.br\/index.php\/wp-json\/wp\/v2\/posts\/26219\/revisions\/26222"}],"wp:featuredmedia":[{"embeddable":true,"href":"https:\/\/sgvaimudar.com.br\/index.php\/wp-json\/wp\/v2\/media\/26221"}],"wp:attachment":[{"href":"https:\/\/sgvaimudar.com.br\/index.php\/wp-json\/wp\/v2\/media?parent=26219"}],"wp:term":[{"taxonomy":"category","embeddable":true,"href":"https:\/\/sgvaimudar.com.br\/index.php\/wp-json\/wp\/v2\/categories?post=26219"},{"taxonomy":"post_tag","embeddable":true,"href":"https:\/\/sgvaimudar.com.br\/index.php\/wp-json\/wp\/v2\/tags?post=26219"}],"curies":[{"name":"wp","href":"https:\/\/api.w.org\/{rel}","templated":true}]}}