{"id":26214,"date":"2025-06-08T13:00:00","date_gmt":"2025-06-08T16:00:00","guid":{"rendered":"https:\/\/sgvaimudar.com.br\/?p=26214"},"modified":"2025-06-08T05:49:23","modified_gmt":"2025-06-08T08:49:23","slug":"obras-do-governo-do-estado-em-sao-goncalo-avancam-para-melhorar-a-vida-da-populacao","status":"publish","type":"post","link":"https:\/\/sgvaimudar.com.br\/index.php\/2025\/06\/08\/obras-do-governo-do-estado-em-sao-goncalo-avancam-para-melhorar-a-vida-da-populacao\/","title":{"rendered":"Obras do Governo do Estado em S\u00e3o Gon\u00e7alo avan\u00e7am para melhorar a vida da popula\u00e7\u00e3o"},"content":{"rendered":"\n<p><em>Munic\u00edpio passa por interven\u00e7\u00f5es na infraestrutura vi\u00e1ria no MUVI, Parque RJ e Ciclorrota<\/em><\/p>\n\n\n\n<p>As obras de melhorias de infraestrutura vi\u00e1ria do Governo do Estado na cidade de S\u00e3o Gon\u00e7alo seguem avancando e ganhando forma. As interven\u00e7\u00f5es nos projetos do MUVI (Mobilidade Urbana Verde Integrada), Parque RJ e Ciclorrota, fruto de parceria entre o Governo do Estado, por meio da Secretaria das Cidades, com a prefeitura, v\u00e3o garantir mais mobilidade, lazer e conforto ao cidad\u00e3o.<\/p>\n\n\n\n<p>&#8211; Estamos levando infraestrutura de qualidade com obras que promovem inclus\u00e3o, sustentabilidade e desenvolvimento urbano. Com o MUVI, a Ciclorrota e o Parque RJ, estamos construindo uma nova S\u00e3o Gon\u00e7alo, transformando a vida das pessoas com obras que realmente fazem a diferen\u00e7a no dia a dia &#8211; destacou o governador Cl\u00e1udio Castro.<\/p>\n\n\n\n<figure class=\"wp-block-image size-large\"><img fetchpriority=\"high\" decoding=\"async\" width=\"1024\" height=\"682\" src=\"https:\/\/sgvaimudar.com.br\/wp-content\/uploads\/2025\/06\/75dad3de-d465-4823-b670-e5c801168df5-1024x682.jpg\" alt=\"\" class=\"wp-image-26215\" srcset=\"https:\/\/sgvaimudar.com.br\/wp-content\/uploads\/2025\/06\/75dad3de-d465-4823-b670-e5c801168df5-1024x682.jpg 1024w, https:\/\/sgvaimudar.com.br\/wp-content\/uploads\/2025\/06\/75dad3de-d465-4823-b670-e5c801168df5-300x200.jpg 300w, https:\/\/sgvaimudar.com.br\/wp-content\/uploads\/2025\/06\/75dad3de-d465-4823-b670-e5c801168df5-768x512.jpg 768w, https:\/\/sgvaimudar.com.br\/wp-content\/uploads\/2025\/06\/75dad3de-d465-4823-b670-e5c801168df5-1536x1023.jpg 1536w, https:\/\/sgvaimudar.com.br\/wp-content\/uploads\/2025\/06\/75dad3de-d465-4823-b670-e5c801168df5.jpg 1600w\" sizes=\"(max-width: 1024px) 100vw, 1024px\" \/><\/figure>\n\n\n\n<p>O MUVI \u00e9 um corredor expresso que liga Guaxindiba a Neves, atravessando todo o eixo central da cidade. O projeto inclui ciclovias, \u00e1reas verdes e de conviv\u00eancia, promovendo uma verdadeira transforma\u00e7\u00e3o na din\u00e2mica urbana de S\u00e3o Gon\u00e7alo.<\/p>\n\n\n\n<p>Tamb\u00e9m em S\u00e3o Gon\u00e7alo, no bairro do Coluband\u00ea, a ciclorrota est\u00e1 em fase de constru\u00e7\u00e3o, com investimentos de mais de R$ 12 milh\u00f5es. Ser\u00e3o 4,4 km de pista sinalizada e exclusiva para os ciclistas, ligando o bairro Raul Veiga \u00e0 Pra\u00e7a Get\u00falio Vargas, no Rocha. Al\u00e9m da ciclovia, o projeto tamb\u00e9m engloba cal\u00e7amento e passeio p\u00fablico novos, \u00e1rea verde e de conviv\u00eancia.<\/p>\n\n\n\n<figure class=\"wp-block-image size-large\"><img decoding=\"async\" width=\"1024\" height=\"768\" src=\"https:\/\/sgvaimudar.com.br\/wp-content\/uploads\/2025\/06\/aec4e8ff-a545-48e9-927e-d0f79587bc54-1024x768.jpg\" alt=\"\" class=\"wp-image-26216\" srcset=\"https:\/\/sgvaimudar.com.br\/wp-content\/uploads\/2025\/06\/aec4e8ff-a545-48e9-927e-d0f79587bc54-1024x768.jpg 1024w, https:\/\/sgvaimudar.com.br\/wp-content\/uploads\/2025\/06\/aec4e8ff-a545-48e9-927e-d0f79587bc54-300x225.jpg 300w, https:\/\/sgvaimudar.com.br\/wp-content\/uploads\/2025\/06\/aec4e8ff-a545-48e9-927e-d0f79587bc54-768x576.jpg 768w, https:\/\/sgvaimudar.com.br\/wp-content\/uploads\/2025\/06\/aec4e8ff-a545-48e9-927e-d0f79587bc54-1536x1152.jpg 1536w, https:\/\/sgvaimudar.com.br\/wp-content\/uploads\/2025\/06\/aec4e8ff-a545-48e9-927e-d0f79587bc54.jpg 1600w\" sizes=\"(max-width: 1024px) 100vw, 1024px\" \/><\/figure>\n\n\n\n<p>Com um investimento de mais de R$45 milh\u00f5es, o Parque RJ, no bairro Boa Vista, vai contar com skatepark com half pipe; academia ao ar livre; espa\u00e7o kids; \u00e1rea para banhistas; quadra poliesportiva; entre outros atrativos.<\/p>\n\n\n\n<p>&#8211; As obras do Governo do Estado em S\u00e3o Gon\u00e7alo v\u00e3o mudar a din\u00e2mica urbana da cidade, fazendo o morador ficar menos no tr\u00e2nsito e mais tempo com a fam\u00edlia. Com o MUVI e a Ciclorrota teremos mais de 20km de ciclovia para gerar mais mobilidade e diminuir a emiss\u00e3o de gases poluentes. J\u00e1 o Parque RJ trar\u00e1 para os moradores uma op\u00e7\u00e3o de lazer, com espa\u00e7o de conviv\u00eancia para toda a regi\u00e3o &#8211; afirmou o secret\u00e1rio das Cidades, Douglas Ruas.<\/p>\n\n\n\n<p><strong><em>S\u00e3o Gon\u00e7alo vai mudar: Not\u00edcias de S\u00e3o Gon\u00e7alo e toda regi\u00e3o.<\/em><\/strong><\/p>\n\n\n\n<figure class=\"wp-block-image size-large\"><img decoding=\"async\" width=\"1024\" height=\"252\" src=\"https:\/\/sgvaimudar.com.br\/wp-content\/uploads\/2023\/10\/Anuncie-Aqui-Sao-Goncalo-vai-mudar-1024x252.jpg\" alt=\"\" class=\"wp-image-3619\" srcset=\"https:\/\/sgvaimudar.com.br\/wp-content\/uploads\/2023\/10\/Anuncie-Aqui-Sao-Goncalo-vai-mudar-1024x252.jpg 1024w, https:\/\/sgvaimudar.com.br\/wp-content\/uploads\/2023\/10\/Anuncie-Aqui-Sao-Goncalo-vai-mudar-300x74.jpg 300w, https:\/\/sgvaimudar.com.br\/wp-content\/uploads\/2023\/10\/Anuncie-Aqui-Sao-Goncalo-vai-mudar-768x189.jpg 768w, https:\/\/sgvaimudar.com.br\/wp-content\/uploads\/2023\/10\/Anuncie-Aqui-Sao-Goncalo-vai-mudar-1536x378.jpg 1536w, https:\/\/sgvaimudar.com.br\/wp-content\/uploads\/2023\/10\/Anuncie-Aqui-Sao-Goncalo-vai-mudar-2048x504.jpg 2048w\" sizes=\"(max-width: 1024px) 100vw, 1024px\" \/><\/figure>\n","protected":false},"excerpt":{"rendered":"<p>Munic\u00edpio passa por interven\u00e7\u00f5es na infraestrutura vi\u00e1ria no MUVI, Parque RJ e Ciclorrota As obras de melhorias de infraestrutura vi\u00e1ria&hellip;<\/p>\n","protected":false},"author":5,"featured_media":26217,"comment_status":"open","ping_status":"open","sticky":false,"template":"","format":"standard","meta":{"fifu_image_url":"","fifu_image_alt":"","footnotes":""},"categories":[3],"tags":[],"class_list":["post-26214","post","type-post","status-publish","format-standard","has-post-thumbnail","hentry","category-sao-goncalo"],"_links":{"self":[{"href":"https:\/\/sgvaimudar.com.br\/index.php\/wp-json\/wp\/v2\/posts\/26214","targetHints":{"allow":["GET"]}}],"collection":[{"href":"https:\/\/sgvaimudar.com.br\/index.php\/wp-json\/wp\/v2\/posts"}],"about":[{"href":"https:\/\/sgvaimudar.com.br\/index.php\/wp-json\/wp\/v2\/types\/post"}],"author":[{"embeddable":true,"href":"https:\/\/sgvaimudar.com.br\/index.php\/wp-json\/wp\/v2\/users\/5"}],"replies":[{"embeddable":true,"href":"https:\/\/sgvaimudar.com.br\/index.php\/wp-json\/wp\/v2\/comments?post=26214"}],"version-history":[{"count":1,"href":"https:\/\/sgvaimudar.com.br\/index.php\/wp-json\/wp\/v2\/posts\/26214\/revisions"}],"predecessor-version":[{"id":26218,"href":"https:\/\/sgvaimudar.com.br\/index.php\/wp-json\/wp\/v2\/posts\/26214\/revisions\/26218"}],"wp:featuredmedia":[{"embeddable":true,"href":"https:\/\/sgvaimudar.com.br\/index.php\/wp-json\/wp\/v2\/media\/26217"}],"wp:attachment":[{"href":"https:\/\/sgvaimudar.com.br\/index.php\/wp-json\/wp\/v2\/media?parent=26214"}],"wp:term":[{"taxonomy":"category","embeddable":true,"href":"https:\/\/sgvaimudar.com.br\/index.php\/wp-json\/wp\/v2\/categories?post=26214"},{"taxonomy":"post_tag","embeddable":true,"href":"https:\/\/sgvaimudar.com.br\/index.php\/wp-json\/wp\/v2\/tags?post=26214"}],"curies":[{"name":"wp","href":"https:\/\/api.w.org\/{rel}","templated":true}]}}