{"id":26063,"date":"2025-06-05T11:00:00","date_gmt":"2025-06-05T14:00:00","guid":{"rendered":"https:\/\/sgvaimudar.com.br\/?p=26063"},"modified":"2025-06-05T09:06:33","modified_gmt":"2025-06-05T12:06:33","slug":"sao-goncalo-marca-presenca-na-exporio-turismo-2025","status":"publish","type":"post","link":"https:\/\/sgvaimudar.com.br\/index.php\/2025\/06\/05\/sao-goncalo-marca-presenca-na-exporio-turismo-2025\/","title":{"rendered":"S\u00e3o Gon\u00e7alo marca presen\u00e7a na ExpoRio Turismo 2025"},"content":{"rendered":"\n<p><em>Secretaria de Turismo e Cultura representar\u00e1 a cidade em evento no Rio<\/em><\/p>\n\n\n\n<p>A cidade de S\u00e3o Gon\u00e7alo ser\u00e1 uma das integrantes da ExpoRio Turismo 2025, o maior evento do setor tur\u00edstico no Estado do Rio de Janeiro, que acontece entre os dias 5 e 8 de junho, no Complexo Lagoon. A participa\u00e7\u00e3o \u00e9 organizada pela Secretaria de Turismo e Cultura de S\u00e3o Gon\u00e7alo, com foco em fortalecer o potencial tur\u00edstico e cultural do munic\u00edpio no cen\u00e1rio estadual.<\/p>\n\n\n\n<p>Em sua 4\u00aa edi\u00e7\u00e3o, a ExpoRio Turismo reunir\u00e1 92 munic\u00edpios do Rio de Janeiro , promovendo neg\u00f3cios, cultura, gastronomia e entretenimento por meio de experi\u00eancias sensoriais,atra\u00e7\u00f5es art\u00edsticas, palestras e conte\u00fados audiovisuais. <\/p>\n\n\n\n<p>Um dos destaques da programa\u00e7\u00e3o \u00e9 a Feira dos Munic\u00edpios, espa\u00e7o onde as 12 regi\u00f5es tur\u00edsticas do Estado estar\u00e3o representadas com exposi\u00e7\u00f5es culturais, apresenta\u00e7\u00f5es e manifesta\u00e7\u00f5es tradicionais.<\/p>\n\n\n\n<p>S\u00e3o Gon\u00e7alo integra a programa\u00e7\u00e3o com uma agenda diversificada, levando atra\u00e7\u00f5es como o projeto Cidade Ilustrada, a produ\u00e7\u00e3o de artesanato local e apresenta\u00e7\u00e3o da Cia Jovem Art Dance.<\/p>\n\n\n\n<p><strong>Servi\u00e7o:<\/strong><\/p>\n\n\n\n<p>Data: 5, 6, 7 e 8 de junho<\/p>\n\n\n\n<p>Hor\u00e1rio: 14h<\/p>\n\n\n\n<p>Local: Complexo Lagoon (Av. Borges de Medeiros, 1424 &#8211; Lagoa, Rio de Janeiro &#8211; RJ)<\/p>\n\n\n\n<p><em>Foto: Fabio Guimar\u00e3es<\/em><\/p>\n\n\n\n<p><strong><em>S\u00e3o Gon\u00e7alo vai mudar: Not\u00edcias de S\u00e3o Gon\u00e7alo e toda regi\u00e3o.<\/em><\/strong><\/p>\n\n\n\n<figure class=\"wp-block-image size-large\"><img fetchpriority=\"high\" decoding=\"async\" width=\"1024\" height=\"252\" src=\"https:\/\/sgvaimudar.com.br\/wp-content\/uploads\/2025\/03\/Anuncie-Aqui-Sao-Goncalo-vai-mudar-1024x252.jpg\" alt=\"\" class=\"wp-image-22693\" srcset=\"https:\/\/sgvaimudar.com.br\/wp-content\/uploads\/2025\/03\/Anuncie-Aqui-Sao-Goncalo-vai-mudar-1024x252.jpg 1024w, https:\/\/sgvaimudar.com.br\/wp-content\/uploads\/2025\/03\/Anuncie-Aqui-Sao-Goncalo-vai-mudar-300x74.jpg 300w, https:\/\/sgvaimudar.com.br\/wp-content\/uploads\/2025\/03\/Anuncie-Aqui-Sao-Goncalo-vai-mudar-768x189.jpg 768w, https:\/\/sgvaimudar.com.br\/wp-content\/uploads\/2025\/03\/Anuncie-Aqui-Sao-Goncalo-vai-mudar-1536x378.jpg 1536w, https:\/\/sgvaimudar.com.br\/wp-content\/uploads\/2025\/03\/Anuncie-Aqui-Sao-Goncalo-vai-mudar-2048x504.jpg 2048w\" sizes=\"(max-width: 1024px) 100vw, 1024px\" \/><\/figure>\n","protected":false},"excerpt":{"rendered":"<p>Secretaria de Turismo e Cultura representar\u00e1 a cidade em evento no Rio A cidade de S\u00e3o Gon\u00e7alo ser\u00e1 uma das&hellip;<\/p>\n","protected":false},"author":5,"featured_media":26064,"comment_status":"open","ping_status":"open","sticky":false,"template":"","format":"standard","meta":{"fifu_image_url":"","fifu_image_alt":"","footnotes":""},"categories":[6],"tags":[],"class_list":["post-26063","post","type-post","status-publish","format-standard","has-post-thumbnail","hentry","category-entretenimento"],"_links":{"self":[{"href":"https:\/\/sgvaimudar.com.br\/index.php\/wp-json\/wp\/v2\/posts\/26063","targetHints":{"allow":["GET"]}}],"collection":[{"href":"https:\/\/sgvaimudar.com.br\/index.php\/wp-json\/wp\/v2\/posts"}],"about":[{"href":"https:\/\/sgvaimudar.com.br\/index.php\/wp-json\/wp\/v2\/types\/post"}],"author":[{"embeddable":true,"href":"https:\/\/sgvaimudar.com.br\/index.php\/wp-json\/wp\/v2\/users\/5"}],"replies":[{"embeddable":true,"href":"https:\/\/sgvaimudar.com.br\/index.php\/wp-json\/wp\/v2\/comments?post=26063"}],"version-history":[{"count":1,"href":"https:\/\/sgvaimudar.com.br\/index.php\/wp-json\/wp\/v2\/posts\/26063\/revisions"}],"predecessor-version":[{"id":26065,"href":"https:\/\/sgvaimudar.com.br\/index.php\/wp-json\/wp\/v2\/posts\/26063\/revisions\/26065"}],"wp:featuredmedia":[{"embeddable":true,"href":"https:\/\/sgvaimudar.com.br\/index.php\/wp-json\/wp\/v2\/media\/26064"}],"wp:attachment":[{"href":"https:\/\/sgvaimudar.com.br\/index.php\/wp-json\/wp\/v2\/media?parent=26063"}],"wp:term":[{"taxonomy":"category","embeddable":true,"href":"https:\/\/sgvaimudar.com.br\/index.php\/wp-json\/wp\/v2\/categories?post=26063"},{"taxonomy":"post_tag","embeddable":true,"href":"https:\/\/sgvaimudar.com.br\/index.php\/wp-json\/wp\/v2\/tags?post=26063"}],"curies":[{"name":"wp","href":"https:\/\/api.w.org\/{rel}","templated":true}]}}