{"id":26056,"date":"2025-06-05T10:00:00","date_gmt":"2025-06-05T13:00:00","guid":{"rendered":"https:\/\/sgvaimudar.com.br\/?p=26056"},"modified":"2025-06-05T08:32:32","modified_gmt":"2025-06-05T11:32:32","slug":"saude-de-sao-goncalo-estimula-vacinacao-contra-gripe-e-covid-19-em-locais-de-grande-movimentacao","status":"publish","type":"post","link":"https:\/\/sgvaimudar.com.br\/index.php\/2025\/06\/05\/saude-de-sao-goncalo-estimula-vacinacao-contra-gripe-e-covid-19-em-locais-de-grande-movimentacao\/","title":{"rendered":"Sa\u00fade de S\u00e3o Gon\u00e7alo estimula vacina\u00e7\u00e3o contra gripe e covid-19 em locais de grande movimenta\u00e7\u00e3o"},"content":{"rendered":"\n<p><em>A\u00e7\u00f5es itinerantes seguem sendo realizadas na cidade&nbsp;&nbsp;&nbsp;&nbsp;<\/em><\/p>\n\n\n\n<p>Os frequentadores e funcion\u00e1rios do Supermercados Guanabara do Mutondo puderam se vacinar contra a gripe e o sarampo nesta quarta-feira (04). A Secretaria de Sa\u00fade da Prefeitura de S\u00e3o Gon\u00e7alo vai continuar com a a\u00e7\u00e3o itinerante de vacina\u00e7\u00e3o nestas quinta e sexta-feira, no mesmo local, das 9h \u00e0s 16h. Tamb\u00e9m na sexta-feira (06), uma equipe estar\u00e1 na Col\u00f4nia de Pescadores do Gradim no mesmo hor\u00e1rio.\u00a0\u00a0\u00a0\u00a0\u00a0<\/p>\n\n\n\n<p>O aut\u00f4nomo F\u00e1bio Silva Cardoso, de 47 anos, foi fazer compras, passou pela equipe de vacina\u00e7\u00e3o, perguntou sobre a vacina e j\u00e1 se imunizou. \u201cN\u00e3o sabia da vacina\u00e7\u00e3o aqui. Estava passando, vi o movimento e vim ver de perto o que era. Resolvi logo tomar a vacina. Aqui est\u00e1 sem filas. Facilitou a minha vida\u201d, opinou F\u00e1bio.\u00a0<\/p>\n\n\n\n<p>Os funcion\u00e1rios da unidade tamb\u00e9m aproveitaram a oportunidade. A operadora de caixa Rosane da Cunha Salles, 54, pediu autoriza\u00e7\u00e3o ao chefe para tomar a vacina nas primeiras horas da manh\u00e3. \u201cA gente s\u00f3 consegue ir ao posto na folga, quando tamb\u00e9m temos muitas outras coisas para resolver. E a vacina\u00e7\u00e3o aqui facilita muito. Gostei quando soube que tinha, pedi logo para vir\u201d, contou.\u00a0\u00a0\u00a0<\/p>\n\n\n\n<p>Todos os gon\u00e7alenses com mais de seis meses de idade podem se vacinar com as duas vacinas, que tamb\u00e9m podem ser aplicadas com outros imunizantes e medica\u00e7\u00f5es. As contraindica\u00e7\u00f5es s\u00e3o para crian\u00e7as menores de 6 meses de idade e pessoas com hist\u00f3rico de forma grave de alergia a doses anteriores.\u00a0<\/p>\n\n\n\n<p>Os gon\u00e7alenses com febre ou com coronav\u00edrus tamb\u00e9m devem adiar a vacina\u00e7\u00e3o at\u00e9 a resolu\u00e7\u00e3o do caso. Para se vacinar, \u00e9 preciso apresentar a carteira de vacina\u00e7\u00e3o (adulto e crian\u00e7a), identidade ou certid\u00e3o de nascimento, cart\u00e3o do SUS ou CPF.\u00a0<\/p>\n\n\n\n<p>A vacina da gripe dispon\u00edvel no Sistema \u00danico de Sa\u00fade (SUS) \u00e9 a trivalente, que protege contra a gripe su\u00edna (H1N1), contra a gripe sazonal (H3N2) \u2013 que s\u00e3o duas variantes do v\u00edrus Influenza tipo A \u2013 e contra uma cepa viral da Influenza tipo B.\u00a0<\/p>\n\n\n\n<p>A vacina que imuniza contra o sarampo \u00e9 a tr\u00edplice viral, que tamb\u00e9m previne as formas graves da rub\u00e9ola e caxumba. A tr\u00edplice viral pode ser aplicada nos gon\u00e7alenses de at\u00e9 59 anos que ainda n\u00e3o estejam imunizados. O objetivo da iniciativa \u00e9 refor\u00e7ar a vacina\u00e7\u00e3o contra a doen\u00e7a, bloqueando o seu retorno.<\/p>\n\n\n\n<p><strong>Agenda da pr\u00f3xima semana<\/strong><\/p>\n\n\n\n<p>09\/06 \u2013 Empresa Ellca, Maria Paula, das 14h \u00e0s 16h<\/p>\n\n\n\n<p>10\/06 \u2013 Pra\u00e7a Dr. Luiz Palmier, Rodo, das 9h \u00e0s 16h<\/p>\n\n\n\n<p>11\/06 \u2013 Funda\u00e7\u00e3o de Assist\u00eancia \u00e0 Sa\u00fade dos Servidores de S\u00e3o Gon\u00e7alo (Funasg), Centro, das 9h \u00e0s 16h<\/p>\n\n\n\n<p>11\/06 \u2013 Estaleiro S\u00e3o Miguel, Gradim, das 9h \u00e0s 16h<\/p>\n\n\n\n<p>12\/06 \u2013 \u00c1guas do Rio, Boa Vista, das 9h \u00e0s 16h<\/p>\n\n\n\n<p><em>Foto: Renan Otto<\/em><\/p>\n\n\n\n<p><strong><em>S\u00e3o Gon\u00e7alo vai mudar: Not\u00edcias de S\u00e3o Gon\u00e7alo e toda regi\u00e3o.<\/em><\/strong><\/p>\n\n\n\n<figure class=\"wp-block-image size-large\"><img fetchpriority=\"high\" decoding=\"async\" width=\"1024\" height=\"252\" src=\"https:\/\/sgvaimudar.com.br\/wp-content\/uploads\/2025\/03\/Anuncie-Aqui-Sao-Goncalo-vai-mudar-1024x252.jpg\" alt=\"\" class=\"wp-image-22693\" srcset=\"https:\/\/sgvaimudar.com.br\/wp-content\/uploads\/2025\/03\/Anuncie-Aqui-Sao-Goncalo-vai-mudar-1024x252.jpg 1024w, https:\/\/sgvaimudar.com.br\/wp-content\/uploads\/2025\/03\/Anuncie-Aqui-Sao-Goncalo-vai-mudar-300x74.jpg 300w, https:\/\/sgvaimudar.com.br\/wp-content\/uploads\/2025\/03\/Anuncie-Aqui-Sao-Goncalo-vai-mudar-768x189.jpg 768w, https:\/\/sgvaimudar.com.br\/wp-content\/uploads\/2025\/03\/Anuncie-Aqui-Sao-Goncalo-vai-mudar-1536x378.jpg 1536w, https:\/\/sgvaimudar.com.br\/wp-content\/uploads\/2025\/03\/Anuncie-Aqui-Sao-Goncalo-vai-mudar-2048x504.jpg 2048w\" sizes=\"(max-width: 1024px) 100vw, 1024px\" \/><\/figure>\n","protected":false},"excerpt":{"rendered":"<p>A\u00e7\u00f5es itinerantes seguem sendo realizadas na cidade&nbsp;&nbsp;&nbsp;&nbsp; Os frequentadores e funcion\u00e1rios do Supermercados Guanabara do Mutondo puderam se vacinar contra&hellip;<\/p>\n","protected":false},"author":5,"featured_media":26057,"comment_status":"open","ping_status":"open","sticky":false,"template":"","format":"standard","meta":{"fifu_image_url":"","fifu_image_alt":"","footnotes":""},"categories":[7],"tags":[],"class_list":["post-26056","post","type-post","status-publish","format-standard","has-post-thumbnail","hentry","category-saude"],"_links":{"self":[{"href":"https:\/\/sgvaimudar.com.br\/index.php\/wp-json\/wp\/v2\/posts\/26056","targetHints":{"allow":["GET"]}}],"collection":[{"href":"https:\/\/sgvaimudar.com.br\/index.php\/wp-json\/wp\/v2\/posts"}],"about":[{"href":"https:\/\/sgvaimudar.com.br\/index.php\/wp-json\/wp\/v2\/types\/post"}],"author":[{"embeddable":true,"href":"https:\/\/sgvaimudar.com.br\/index.php\/wp-json\/wp\/v2\/users\/5"}],"replies":[{"embeddable":true,"href":"https:\/\/sgvaimudar.com.br\/index.php\/wp-json\/wp\/v2\/comments?post=26056"}],"version-history":[{"count":1,"href":"https:\/\/sgvaimudar.com.br\/index.php\/wp-json\/wp\/v2\/posts\/26056\/revisions"}],"predecessor-version":[{"id":26058,"href":"https:\/\/sgvaimudar.com.br\/index.php\/wp-json\/wp\/v2\/posts\/26056\/revisions\/26058"}],"wp:featuredmedia":[{"embeddable":true,"href":"https:\/\/sgvaimudar.com.br\/index.php\/wp-json\/wp\/v2\/media\/26057"}],"wp:attachment":[{"href":"https:\/\/sgvaimudar.com.br\/index.php\/wp-json\/wp\/v2\/media?parent=26056"}],"wp:term":[{"taxonomy":"category","embeddable":true,"href":"https:\/\/sgvaimudar.com.br\/index.php\/wp-json\/wp\/v2\/categories?post=26056"},{"taxonomy":"post_tag","embeddable":true,"href":"https:\/\/sgvaimudar.com.br\/index.php\/wp-json\/wp\/v2\/tags?post=26056"}],"curies":[{"name":"wp","href":"https:\/\/api.w.org\/{rel}","templated":true}]}}