{"id":26032,"date":"2025-06-05T06:31:48","date_gmt":"2025-06-05T09:31:48","guid":{"rendered":"https:\/\/sgvaimudar.com.br\/?p=26032"},"modified":"2025-06-05T06:31:50","modified_gmt":"2025-06-05T09:31:50","slug":"ancelotti-demonstra-confianca-antes-de-estreia-no-comando-da-selecao","status":"publish","type":"post","link":"https:\/\/sgvaimudar.com.br\/index.php\/2025\/06\/05\/ancelotti-demonstra-confianca-antes-de-estreia-no-comando-da-selecao\/","title":{"rendered":"Ancelotti demonstra confian\u00e7a antes de estreia no comando da sele\u00e7\u00e3o"},"content":{"rendered":"\n<p><em>Brasil enfrenta Equador nesta quinta-feira 5\/6, \u00e0s 20h, em Guayaquil<\/em><\/p>\n\n\n\n<p>O t\u00e9cnico italiano Carlo Ancelotti demonstrou confian\u00e7a e afirmou que espera fazer o melhor trabalho poss\u00edvel no comando da sele\u00e7\u00e3o brasileira. A declara\u00e7\u00e3o foi dada nesta quarta-feira (4), em entrevista coletiva concedida um dia antes do jogo contra o Equador pelas Eliminat\u00f3rias Sul-Americanas para a Copa do Mundo.<img decoding=\"async\" src=\"https:\/\/agenciabrasil.ebc.com.br\/ebc.png?id=1645453&amp;o=node\"><img decoding=\"async\" src=\"https:\/\/agenciabrasil.ebc.com.br\/ebc.gif?id=1645453&amp;o=node\"><\/p>\n\n\n\n<p>\u201cPenso que estar aqui \u00e9 algo muito bonito para a minha carreira, treinar uma sele\u00e7\u00e3o pela primeira vez, ainda mais a sele\u00e7\u00e3o do Brasil, que n\u00e3o \u00e9 uma qualquer. Hist\u00f3rica. Tenho uma grande ilus\u00e3o, motiva\u00e7\u00e3o para fazer o melhor poss\u00edvel e tentar chegar ao objetivo final. Me d\u00e1 muita confian\u00e7a o que vejo, os jogadores, a gana que os jogadores t\u00eam para vestir a camisa amarela\u201d, disse Ancelotti.<\/p>\n\n\n\n<p>Apesar do pouco tempo de trabalho com o selecionado brasileiro, o t\u00e9cnico italiano deixou claro que espera uma boa atua\u00e7\u00e3o: \u201cUma equipe que luta, que joga bem futebol. Muitos jogadores com capacidade, extraordin\u00e1rios e queremos ver isso\u201d. Por\u00e9m, Ancelotti afirmou que espera dificuldades diante do Equador, um time que \u201cest\u00e1 jogando bem e \u00e9 organizado\u201d, e que \u201cser\u00e1 um \u00f3timo teste\u201d.<\/p>\n\n\n\n<p>O Brasil mede for\u00e7as com o Equador a partir das 20 horas (de Bras\u00edlia) da pr\u00f3xima quinta-feira (5) no est\u00e1dio Monumental Isidro Romero Carbo, em Guayaquil. <\/p>\n\n\n\n<p><strong><em>S\u00e3o Gon\u00e7alo vai mudar: Not\u00edcias de S\u00e3o Gon\u00e7alo e toda regi\u00e3o.<\/em><\/strong><\/p>\n\n\n\n<figure class=\"wp-block-image size-large\"><img fetchpriority=\"high\" decoding=\"async\" width=\"1024\" height=\"252\" src=\"https:\/\/sgvaimudar.com.br\/wp-content\/uploads\/2025\/03\/Anuncie-Aqui-Sao-Goncalo-vai-mudar-1024x252.jpg\" alt=\"\" class=\"wp-image-22693\" srcset=\"https:\/\/sgvaimudar.com.br\/wp-content\/uploads\/2025\/03\/Anuncie-Aqui-Sao-Goncalo-vai-mudar-1024x252.jpg 1024w, https:\/\/sgvaimudar.com.br\/wp-content\/uploads\/2025\/03\/Anuncie-Aqui-Sao-Goncalo-vai-mudar-300x74.jpg 300w, https:\/\/sgvaimudar.com.br\/wp-content\/uploads\/2025\/03\/Anuncie-Aqui-Sao-Goncalo-vai-mudar-768x189.jpg 768w, https:\/\/sgvaimudar.com.br\/wp-content\/uploads\/2025\/03\/Anuncie-Aqui-Sao-Goncalo-vai-mudar-1536x378.jpg 1536w, https:\/\/sgvaimudar.com.br\/wp-content\/uploads\/2025\/03\/Anuncie-Aqui-Sao-Goncalo-vai-mudar-2048x504.jpg 2048w\" sizes=\"(max-width: 1024px) 100vw, 1024px\" \/><\/figure>\n","protected":false},"excerpt":{"rendered":"<p>Brasil enfrenta Equador nesta quinta-feira 5\/6, \u00e0s 20h, em Guayaquil O t\u00e9cnico italiano Carlo Ancelotti demonstrou confian\u00e7a e afirmou que&hellip;<\/p>\n","protected":false},"author":5,"featured_media":26033,"comment_status":"open","ping_status":"open","sticky":false,"template":"","format":"standard","meta":{"fifu_image_url":"","fifu_image_alt":"","footnotes":""},"categories":[5],"tags":[],"class_list":["post-26032","post","type-post","status-publish","format-standard","has-post-thumbnail","hentry","category-esportes"],"_links":{"self":[{"href":"https:\/\/sgvaimudar.com.br\/index.php\/wp-json\/wp\/v2\/posts\/26032","targetHints":{"allow":["GET"]}}],"collection":[{"href":"https:\/\/sgvaimudar.com.br\/index.php\/wp-json\/wp\/v2\/posts"}],"about":[{"href":"https:\/\/sgvaimudar.com.br\/index.php\/wp-json\/wp\/v2\/types\/post"}],"author":[{"embeddable":true,"href":"https:\/\/sgvaimudar.com.br\/index.php\/wp-json\/wp\/v2\/users\/5"}],"replies":[{"embeddable":true,"href":"https:\/\/sgvaimudar.com.br\/index.php\/wp-json\/wp\/v2\/comments?post=26032"}],"version-history":[{"count":1,"href":"https:\/\/sgvaimudar.com.br\/index.php\/wp-json\/wp\/v2\/posts\/26032\/revisions"}],"predecessor-version":[{"id":26034,"href":"https:\/\/sgvaimudar.com.br\/index.php\/wp-json\/wp\/v2\/posts\/26032\/revisions\/26034"}],"wp:featuredmedia":[{"embeddable":true,"href":"https:\/\/sgvaimudar.com.br\/index.php\/wp-json\/wp\/v2\/media\/26033"}],"wp:attachment":[{"href":"https:\/\/sgvaimudar.com.br\/index.php\/wp-json\/wp\/v2\/media?parent=26032"}],"wp:term":[{"taxonomy":"category","embeddable":true,"href":"https:\/\/sgvaimudar.com.br\/index.php\/wp-json\/wp\/v2\/categories?post=26032"},{"taxonomy":"post_tag","embeddable":true,"href":"https:\/\/sgvaimudar.com.br\/index.php\/wp-json\/wp\/v2\/tags?post=26032"}],"curies":[{"name":"wp","href":"https:\/\/api.w.org\/{rel}","templated":true}]}}