{"id":26013,"date":"2025-06-04T14:00:00","date_gmt":"2025-06-04T17:00:00","guid":{"rendered":"https:\/\/sgvaimudar.com.br\/?p=26013"},"modified":"2025-06-04T08:49:02","modified_gmt":"2025-06-04T11:49:02","slug":"itaborai-celebra-legado-literario-com-lancamento-do-livro-inedito","status":"publish","type":"post","link":"https:\/\/sgvaimudar.com.br\/index.php\/2025\/06\/04\/itaborai-celebra-legado-literario-com-lancamento-do-livro-inedito\/","title":{"rendered":"Itabora\u00ed celebra legado liter\u00e1rio com lan\u00e7amento do livro in\u00e9dito"},"content":{"rendered":"\n<p><em>\u201cMatalotagem\u201d, de Jisele de Lys, vai ser lan\u00e7ado na Casa de Cultura<\/em><\/p>\n\n\n\n<p>A Casa de Cultura Helo\u00edsa Alberto Torres (CCHAT), no Centro de Itabora\u00ed, vai ser palco de um reencontro emocionante com a literatura e a mem\u00f3ria local. Na pr\u00f3xima quinta-feira (5\/06), \u00e0s 15h, acontece o lan\u00e7amento do livro \u201cMatalotagem\u201d, obra in\u00e9dita da poeta itaboraiense Jisele de Lys, vencedora do concurso liter\u00e1rio Francisca Rodrigues Alves. A entrada \u00e9 gratuita.<\/p>\n\n\n\n<figure class=\"wp-block-image size-large\"><img fetchpriority=\"high\" decoding=\"async\" width=\"1024\" height=\"768\" src=\"https:\/\/sgvaimudar.com.br\/wp-content\/uploads\/2025\/06\/Itaborai-celebra-legado-literario-com-lancamento-do-livro-inedito-Matalotagem-de-Jisele-de-Lys-na-Casa-de-Cultura-1024x768.jpeg\" alt=\"\" class=\"wp-image-26014\" srcset=\"https:\/\/sgvaimudar.com.br\/wp-content\/uploads\/2025\/06\/Itaborai-celebra-legado-literario-com-lancamento-do-livro-inedito-Matalotagem-de-Jisele-de-Lys-na-Casa-de-Cultura-1024x768.jpeg 1024w, https:\/\/sgvaimudar.com.br\/wp-content\/uploads\/2025\/06\/Itaborai-celebra-legado-literario-com-lancamento-do-livro-inedito-Matalotagem-de-Jisele-de-Lys-na-Casa-de-Cultura-300x225.jpeg 300w, https:\/\/sgvaimudar.com.br\/wp-content\/uploads\/2025\/06\/Itaborai-celebra-legado-literario-com-lancamento-do-livro-inedito-Matalotagem-de-Jisele-de-Lys-na-Casa-de-Cultura-768x576.jpeg 768w, https:\/\/sgvaimudar.com.br\/wp-content\/uploads\/2025\/06\/Itaborai-celebra-legado-literario-com-lancamento-do-livro-inedito-Matalotagem-de-Jisele-de-Lys-na-Casa-de-Cultura-1536x1152.jpeg 1536w, https:\/\/sgvaimudar.com.br\/wp-content\/uploads\/2025\/06\/Itaborai-celebra-legado-literario-com-lancamento-do-livro-inedito-Matalotagem-de-Jisele-de-Lys-na-Casa-de-Cultura.jpeg 1600w\" sizes=\"(max-width: 1024px) 100vw, 1024px\" \/><\/figure>\n\n\n\n<p>Publicado pela editora ZL Books, o livro vai ser apresentado ao p\u00fablico em um evento que tamb\u00e9m marca os 30 anos de falecimento da autora, nascida em Itabora\u00ed em 1958. A obra ainda ter\u00e1 participa\u00e7\u00e3o confirmada na Bienal do Livro do Rio de Janeiro este ano, refor\u00e7ando o alcance e a atualidade da produ\u00e7\u00e3o po\u00e9tica de Jisele.<\/p>\n\n\n\n<p>Filha do ex-prefeito Jo\u00e3o Augusto de Andrade, Jisele de Lys teve uma trajet\u00f3ria marcada pela excel\u00eancia acad\u00eamica e contribui\u00e7\u00f5es significativas para a cultura nacional. Foi dela, por exemplo, a articula\u00e7\u00e3o que resultou na descoberta e publica\u00e7\u00e3o p\u00f3stuma da pe\u00e7a in\u00e9dita \u201cUma pupila rica\u201d, de Joaquim Manuel de Macedo, lan\u00e7ada em 1996 em parceria com a Biblioteca Nacional e a Prefeitura de Itabora\u00ed.<\/p>\n\n\n\n<p>Com \u201cMatalotagem\u201d, no entanto, o protagonismo \u00e9 da pr\u00f3pria autora. A editora J\u00f4 Ramos, da ZL Books, descreve a obra como \u201cintensa e atemporal\u201d, comparando a experi\u00eancia de leitura a uma \u201cgangorra de emo\u00e7\u00f5es\u201d. Um dos trechos destacados do livro \u00e9 o poema Concis\u00e3o, em que Jisele escreve: \u201cA poesia tem que caber numa garrafa. O poeta \u00e9, de qualquer maneira, um n\u00e1ufrago.\u201d<\/p>\n\n\n\n<p>Para o subsecret\u00e1rio municipal de Cultura e gestor da CCHAT, Alan Mota, o lan\u00e7amento representa mais que um momento liter\u00e1rio \u2014 \u00e9 uma homenagem.<\/p>\n\n\n\n<p>\u201c\u00c9 importante o reencontro da obra da itaboraiense ilustre Jisele de Lys com a cidade e com tantas pessoas que estiveram em seu conv\u00edvio, durante os anos em que ela viveu aqui. Ap\u00f3s a emocionante exposi\u00e7\u00e3o sobre o Dr. Antonio Soares Lopes, o lan\u00e7amento de \u2018Matalotagem\u2019 promete mais um cap\u00edtulo de fortes mem\u00f3rias e celebra\u00e7\u00e3o da nossa hist\u00f3ria cultural&#8221;, afirmou Alan.<\/p>\n\n\n\n<p><strong>SERVI\u00c7O &#8211; Lan\u00e7amento do livro \u201cMatalotagem\u201d, de Jisele de Lys<\/strong><br><strong>Local:<\/strong>\u00a0Casa de Cultura Helo\u00edsa Alberto Torres &#8211; Pra\u00e7a Marechal Floriano Peixoto, 303 \u2013 Centro, Itabora\u00ed (RJ)<br><strong>Data:\u00a0<\/strong>Quinta-feira (05\/06)<br><strong>Hor\u00e1rio:<\/strong>\u00a015h<br><strong>Informa\u00e7\u00f5es e agendamentos:<\/strong>\u00a0(21) 2635-4291 | WhatsApp: (21) 98958-8727<br><strong>Entrada gratuita<\/strong><\/p>\n\n\n\n<p><strong><em>S\u00e3o Gon\u00e7alo vai mudar: Not\u00edcias de S\u00e3o Gon\u00e7alo e toda regi\u00e3o.<\/em><\/strong><\/p>\n\n\n\n<figure class=\"wp-block-image size-large\"><img decoding=\"async\" width=\"1024\" height=\"252\" src=\"https:\/\/sgvaimudar.com.br\/wp-content\/uploads\/2025\/03\/Anuncie-Aqui-Sao-Goncalo-vai-mudar-1024x252.jpg\" alt=\"\" class=\"wp-image-22693\" srcset=\"https:\/\/sgvaimudar.com.br\/wp-content\/uploads\/2025\/03\/Anuncie-Aqui-Sao-Goncalo-vai-mudar-1024x252.jpg 1024w, https:\/\/sgvaimudar.com.br\/wp-content\/uploads\/2025\/03\/Anuncie-Aqui-Sao-Goncalo-vai-mudar-300x74.jpg 300w, https:\/\/sgvaimudar.com.br\/wp-content\/uploads\/2025\/03\/Anuncie-Aqui-Sao-Goncalo-vai-mudar-768x189.jpg 768w, https:\/\/sgvaimudar.com.br\/wp-content\/uploads\/2025\/03\/Anuncie-Aqui-Sao-Goncalo-vai-mudar-1536x378.jpg 1536w, https:\/\/sgvaimudar.com.br\/wp-content\/uploads\/2025\/03\/Anuncie-Aqui-Sao-Goncalo-vai-mudar-2048x504.jpg 2048w\" sizes=\"(max-width: 1024px) 100vw, 1024px\" \/><\/figure>\n","protected":false},"excerpt":{"rendered":"<p>\u201cMatalotagem\u201d, de Jisele de Lys, vai ser lan\u00e7ado na Casa de Cultura A Casa de Cultura Helo\u00edsa Alberto Torres (CCHAT),&hellip;<\/p>\n","protected":false},"author":5,"featured_media":16763,"comment_status":"open","ping_status":"open","sticky":false,"template":"","format":"standard","meta":{"fifu_image_url":"","fifu_image_alt":"","footnotes":""},"categories":[6],"tags":[],"class_list":["post-26013","post","type-post","status-publish","format-standard","has-post-thumbnail","hentry","category-entretenimento"],"_links":{"self":[{"href":"https:\/\/sgvaimudar.com.br\/index.php\/wp-json\/wp\/v2\/posts\/26013","targetHints":{"allow":["GET"]}}],"collection":[{"href":"https:\/\/sgvaimudar.com.br\/index.php\/wp-json\/wp\/v2\/posts"}],"about":[{"href":"https:\/\/sgvaimudar.com.br\/index.php\/wp-json\/wp\/v2\/types\/post"}],"author":[{"embeddable":true,"href":"https:\/\/sgvaimudar.com.br\/index.php\/wp-json\/wp\/v2\/users\/5"}],"replies":[{"embeddable":true,"href":"https:\/\/sgvaimudar.com.br\/index.php\/wp-json\/wp\/v2\/comments?post=26013"}],"version-history":[{"count":2,"href":"https:\/\/sgvaimudar.com.br\/index.php\/wp-json\/wp\/v2\/posts\/26013\/revisions"}],"predecessor-version":[{"id":26016,"href":"https:\/\/sgvaimudar.com.br\/index.php\/wp-json\/wp\/v2\/posts\/26013\/revisions\/26016"}],"wp:featuredmedia":[{"embeddable":true,"href":"https:\/\/sgvaimudar.com.br\/index.php\/wp-json\/wp\/v2\/media\/16763"}],"wp:attachment":[{"href":"https:\/\/sgvaimudar.com.br\/index.php\/wp-json\/wp\/v2\/media?parent=26013"}],"wp:term":[{"taxonomy":"category","embeddable":true,"href":"https:\/\/sgvaimudar.com.br\/index.php\/wp-json\/wp\/v2\/categories?post=26013"},{"taxonomy":"post_tag","embeddable":true,"href":"https:\/\/sgvaimudar.com.br\/index.php\/wp-json\/wp\/v2\/tags?post=26013"}],"curies":[{"name":"wp","href":"https:\/\/api.w.org\/{rel}","templated":true}]}}