{"id":26007,"date":"2025-06-04T13:00:00","date_gmt":"2025-06-04T16:00:00","guid":{"rendered":"https:\/\/sgvaimudar.com.br\/?p=26007"},"modified":"2025-06-04T08:41:34","modified_gmt":"2025-06-04T11:41:34","slug":"governo-do-estado-celebra-sucesso-de-participacao-no-rio2c","status":"publish","type":"post","link":"https:\/\/sgvaimudar.com.br\/index.php\/2025\/06\/04\/governo-do-estado-celebra-sucesso-de-participacao-no-rio2c\/","title":{"rendered":"Governo do Estado celebra sucesso de participa\u00e7\u00e3o no Rio2C"},"content":{"rendered":"\n<p><em>Stand reuniu grandes nomes do mercado e atraiu milhares de pessoas<\/em><\/p>\n\n\n\n<p>A participa\u00e7\u00e3o in\u00e9dita da Secretaria de Estado de Esporte e Lazer no Rio2C marcou uma virada estrat\u00e9gica na valoriza\u00e7\u00e3o dos esportes eletr\u00f4nicos no Brasil. Em parceria com a Federa\u00e7\u00e3o do Estado do Rio de Janeiro de Esportes Eletr\u00f4nicos (FERJEE), o Governo do Estado apresentou ao p\u00fablico e ao mercado o potencial do Rio de Janeiro como polo de inova\u00e7\u00e3o, criatividade e protagonismo no universo gamer. <\/p>\n\n\n\n<p>Durante os seis dias de evento, o stand oficial atraiu grande p\u00fablico e registrou lota\u00e7\u00e3o em todas as apresenta\u00e7\u00f5es, consolidando os esports como uma das principais atra\u00e7\u00f5es da edi\u00e7\u00e3o 2025 do maior encontro de criatividade da Am\u00e9rica Latina.<\/p>\n\n\n\n<p>O espa\u00e7o de 168 m\u00b2 na Cidade das Artes ofereceu uma programa\u00e7\u00e3o di\u00e1ria com pain\u00e9is, debates, competi\u00e7\u00f5es e experi\u00eancias que evidenciaram o papel dos games como vetor de transforma\u00e7\u00e3o econ\u00f4mica, social e cultural. O secret\u00e1rio de Estado de Esporte e Lazer, Rafael Picciani, participou do painel que debateu o fomento dos eventos do setor no Rio de Janeiro.<\/p>\n\n\n\n<p>-O eSports j\u00e1 \u00e9 uma realidade consolidada, que movimenta milh\u00f5es de f\u00e3s, talentos e oportunidades em todo o mundo. Valorizar atletas brasileiros que est\u00e3o se destacando no cen\u00e1rio internacional \u00e9 reconhecer que o esporte evolui, se transforma e abre caminhos para novas gera\u00e7\u00f5es. O Estado do Rio de Janeiro est\u00e1 atento a essa transforma\u00e7\u00e3o e comprometido em apoiar, incentivar e dar visibilidade a esse universo que une juventude, tecnologia e competi\u00e7\u00e3o saud\u00e1vel \u2013 ressaltou o secret\u00e1rio.<\/p>\n\n\n\n<p>O Palco FERJEE, dentro do Rio2C, foi um dos espa\u00e7os mais movimentados da feira, reunindo grandes nomes da ind\u00fastria nacional para debater diversos temas do universo gamer.<\/p>\n\n\n\n<p>Ao longo dos dias, 710 crian\u00e7as e jovens de projetos sociais, como Casa Favela, Futuron, Cadi Mare e GamingPark, que \u00e9 beneficiado pela Lei de Incentivo ao Esporte, viveram experi\u00eancias imersivas com acesso \u00e0 tecnologia de ponta, interagiram com um rob\u00f4 humanoide e acompanharam os pain\u00e9is, refor\u00e7ando o compromisso do Governo do Estado com a forma\u00e7\u00e3o, a educa\u00e7\u00e3o e o desenvolvimento social por meio dos esports.<\/p>\n\n\n\n<p>-O Rio2C foi um marco para o ecossistema de esports. Levamos uma programa\u00e7\u00e3o que n\u00e3o s\u00f3 celebrou os esportes eletr\u00f4nicos, mas que tamb\u00e9m refletiu sobre os desafios, as oportunidades e a responsabilidade que temos como ind\u00fastria. Ficou claro que os esports s\u00e3o, hoje, uma for\u00e7a que impacta cultura, educa\u00e7\u00e3o, economia e inclus\u00e3o social &#8211; afirmou Cadu Albuquerque, presidente da FERJEE.<\/p>\n\n\n\n<p><strong><em>S\u00e3o Gon\u00e7alo vai mudar: Not\u00edcias de S\u00e3o Gon\u00e7alo e toda regi\u00e3o.<\/em><\/strong><\/p>\n\n\n\n<figure class=\"wp-block-image size-large\"><img decoding=\"async\" width=\"1024\" height=\"46\" src=\"https:\/\/sgvaimudar.com.br\/wp-content\/uploads\/2023\/08\/Anuncie-Aqui-Sao-Goncalo-vai-mudar-1024x46.png\" alt=\"\" class=\"wp-image-2740\" srcset=\"https:\/\/sgvaimudar.com.br\/wp-content\/uploads\/2023\/08\/Anuncie-Aqui-Sao-Goncalo-vai-mudar-1024x46.png 1024w, https:\/\/sgvaimudar.com.br\/wp-content\/uploads\/2023\/08\/Anuncie-Aqui-Sao-Goncalo-vai-mudar-300x13.png 300w, https:\/\/sgvaimudar.com.br\/wp-content\/uploads\/2023\/08\/Anuncie-Aqui-Sao-Goncalo-vai-mudar-768x35.png 768w, https:\/\/sgvaimudar.com.br\/wp-content\/uploads\/2023\/08\/Anuncie-Aqui-Sao-Goncalo-vai-mudar-1536x69.png 1536w, https:\/\/sgvaimudar.com.br\/wp-content\/uploads\/2023\/08\/Anuncie-Aqui-Sao-Goncalo-vai-mudar.png 2002w\" sizes=\"(max-width: 1024px) 100vw, 1024px\" \/><\/figure>\n","protected":false},"excerpt":{"rendered":"<p>Stand reuniu grandes nomes do mercado e atraiu milhares de pessoas A participa\u00e7\u00e3o in\u00e9dita da Secretaria de Estado de Esporte&hellip;<\/p>\n","protected":false},"author":5,"featured_media":26008,"comment_status":"open","ping_status":"open","sticky":false,"template":"","format":"standard","meta":{"fifu_image_url":"","fifu_image_alt":"","footnotes":""},"categories":[5],"tags":[],"class_list":["post-26007","post","type-post","status-publish","format-standard","has-post-thumbnail","hentry","category-esportes"],"_links":{"self":[{"href":"https:\/\/sgvaimudar.com.br\/index.php\/wp-json\/wp\/v2\/posts\/26007","targetHints":{"allow":["GET"]}}],"collection":[{"href":"https:\/\/sgvaimudar.com.br\/index.php\/wp-json\/wp\/v2\/posts"}],"about":[{"href":"https:\/\/sgvaimudar.com.br\/index.php\/wp-json\/wp\/v2\/types\/post"}],"author":[{"embeddable":true,"href":"https:\/\/sgvaimudar.com.br\/index.php\/wp-json\/wp\/v2\/users\/5"}],"replies":[{"embeddable":true,"href":"https:\/\/sgvaimudar.com.br\/index.php\/wp-json\/wp\/v2\/comments?post=26007"}],"version-history":[{"count":1,"href":"https:\/\/sgvaimudar.com.br\/index.php\/wp-json\/wp\/v2\/posts\/26007\/revisions"}],"predecessor-version":[{"id":26009,"href":"https:\/\/sgvaimudar.com.br\/index.php\/wp-json\/wp\/v2\/posts\/26007\/revisions\/26009"}],"wp:featuredmedia":[{"embeddable":true,"href":"https:\/\/sgvaimudar.com.br\/index.php\/wp-json\/wp\/v2\/media\/26008"}],"wp:attachment":[{"href":"https:\/\/sgvaimudar.com.br\/index.php\/wp-json\/wp\/v2\/media?parent=26007"}],"wp:term":[{"taxonomy":"category","embeddable":true,"href":"https:\/\/sgvaimudar.com.br\/index.php\/wp-json\/wp\/v2\/categories?post=26007"},{"taxonomy":"post_tag","embeddable":true,"href":"https:\/\/sgvaimudar.com.br\/index.php\/wp-json\/wp\/v2\/tags?post=26007"}],"curies":[{"name":"wp","href":"https:\/\/api.w.org\/{rel}","templated":true}]}}