{"id":26004,"date":"2025-06-04T12:00:00","date_gmt":"2025-06-04T15:00:00","guid":{"rendered":"https:\/\/sgvaimudar.com.br\/?p=26004"},"modified":"2025-06-04T08:34:53","modified_gmt":"2025-06-04T11:34:53","slug":"projeto-meu-ambiente-faz-horta-em-acao-educativa-para-alunos-de-escola-em-itauna","status":"publish","type":"post","link":"https:\/\/sgvaimudar.com.br\/index.php\/2025\/06\/04\/projeto-meu-ambiente-faz-horta-em-acao-educativa-para-alunos-de-escola-em-itauna\/","title":{"rendered":"Projeto Meu Ambiente faz horta em a\u00e7\u00e3o educativa para alunos de escola em Ita\u00fana"},"content":{"rendered":"\n<p><em>Atividade faz alus\u00e3o ao Dia Nacional da Leguminosa<\/em><\/p>\n\n\n\n<p>Alunos do Pr\u00e9 II da Escola Municipal Pastor Haroldo Gomes, em Ita\u00fana, fizeram, na tarde desta ter\u00e7a-feira (3), uma horta durante uma a\u00e7\u00e3o educativa do \u201cProjeto Meu Ambiente\u201d, desenvolvido pela Secretaria de Meio Ambiente e Transportes da Prefeitura de S\u00e3o Gon\u00e7alo, em parceria com a Secretaria de Educa\u00e7\u00e3o. A a\u00e7\u00e3o faz alus\u00e3o ao Dia Nacional da Leguminosa, celebrado em fevereiro no Brasil.<\/p>\n\n\n\n<p>Durante a a\u00e7\u00e3o educativa, as crian\u00e7as aprenderam sobre as diferentes sementes de feij\u00e3o e de hortali\u00e7as, como alface e tomate, por exemplo, e realizaram o plantio. Eles tamb\u00e9m aprenderam sobre alimenta\u00e7\u00e3o saud\u00e1vel e a import\u00e2ncia de consumir alimentos naturais, sem o uso de agrot\u00f3xicos, com o solo e \u00e1gua sem poluentes qu\u00edmicos.<\/p>\n\n\n\n<p>&#8220;\u00c9 uma integra\u00e7\u00e3o que estamos fazendo com as crian\u00e7as, promovendo a socializa\u00e7\u00e3o. Aqui, eles est\u00e3o aprendendo tamb\u00e9m sobre como esses alimentos introduzem nutrientes no solo. Tudo de forma l\u00fadica. Eles colocaram a m\u00e3o na terra, aprenderam a plantar, a molhar as plantas e v\u00e3o seguir acompanhando, com a professora, o crescimento das plantas nos pr\u00f3ximos dias. Estamos fazendo uma horta suspensa. Depois, eles v\u00e3o levar para casa as mudas e poder\u00e3o ensinar para suas fam\u00edlias sobre a import\u00e2ncia da alimenta\u00e7\u00e3o saud\u00e1vel e natural. Vale destacar que os temas que desenvolvemos nas escolas s\u00e3o sempre pedidos dos professores, para unir o que as crian\u00e7as aprendem em sala de aula com o projeto&#8221;, disse Glauce Batista Junior, educadora ambiental e coordenadora do projeto.<\/p>\n\n\n\n<p>O \u201cProjeto Meu Ambiente\u201d \u00e9 uma iniciativa da Prefeitura de S\u00e3o Gon\u00e7alo que tem como objetivo integrar a educa\u00e7\u00e3o ambiental ao cotidiano escolar. Atrav\u00e9s de um processo cont\u00ednuo de ensino-aprendizagem interdisciplinar, o projeto estimula a reflex\u00e3o sobre temas essenciais ao desenvolvimento sustent\u00e1vel. Ele est\u00e1 vinculado ao Programa Municipal de Educa\u00e7\u00e3o Ambiental (ProMEA S\u00e3o Gon\u00e7alo) e segue as diretrizes estabelecidas pela Resolu\u00e7\u00e3o Conjunta SEAS\/INEA n\u00ba 039\/2021.<\/p>\n\n\n\n<p>Andr\u00e9a dos Santos Vianna, diretora da unidade de ensino, explicou que a\u00e7\u00f5es como essa estimulando os alunos a ter contato com o meio ambiente.<\/p>\n\n\n\n<p>&#8220;Esses projetos desenvolvem a criatividade, a aprendizagem e o contato com a natureza. Os alunos estavam ansiosos desde que anunciamos que teria essa atividade aqui e eles levam esses aprendizados para casa, o que \u00e9 de extrema import\u00e2ncia&#8221;, disse.<\/p>\n\n\n\n<p>Mait\u00ea Valadares, de seis anos, foi uma das alunas que participou da a\u00e7\u00e3o. Para ela, a experi\u00eancia foi divertida.<\/p>\n\n\n\n<p>&#8220;Estou gostando, estou vendo as sementes diferentes e vou contar para os meus pais em casa sobre o que aprendi aqui. Est\u00e1 muito legal!&#8221;, disse a aluna.<\/p>\n\n\n\n<p>Ao todo, nove escolas municipais foram selecionadas para integrar o projeto. Nessas unidades, professores e alunos trabalhar\u00e3o juntos em atividades educativas voltadas para a sensibiliza\u00e7\u00e3o ambiental.<\/p>\n\n\n\n<p><em>Foto: Renan Otto<\/em><\/p>\n\n\n\n<p><strong><em>S\u00e3o Gon\u00e7alo vai mudar: Not\u00edcias de S\u00e3o Gon\u00e7alo e toda regi\u00e3o.<\/em><\/strong><\/p>\n\n\n\n<figure class=\"wp-block-image size-large\"><img fetchpriority=\"high\" decoding=\"async\" width=\"1024\" height=\"252\" src=\"https:\/\/sgvaimudar.com.br\/wp-content\/uploads\/2025\/03\/Anuncie-Aqui-Sao-Goncalo-vai-mudar-1024x252.jpg\" alt=\"\" class=\"wp-image-22693\" srcset=\"https:\/\/sgvaimudar.com.br\/wp-content\/uploads\/2025\/03\/Anuncie-Aqui-Sao-Goncalo-vai-mudar-1024x252.jpg 1024w, https:\/\/sgvaimudar.com.br\/wp-content\/uploads\/2025\/03\/Anuncie-Aqui-Sao-Goncalo-vai-mudar-300x74.jpg 300w, https:\/\/sgvaimudar.com.br\/wp-content\/uploads\/2025\/03\/Anuncie-Aqui-Sao-Goncalo-vai-mudar-768x189.jpg 768w, https:\/\/sgvaimudar.com.br\/wp-content\/uploads\/2025\/03\/Anuncie-Aqui-Sao-Goncalo-vai-mudar-1536x378.jpg 1536w, https:\/\/sgvaimudar.com.br\/wp-content\/uploads\/2025\/03\/Anuncie-Aqui-Sao-Goncalo-vai-mudar-2048x504.jpg 2048w\" sizes=\"(max-width: 1024px) 100vw, 1024px\" \/><\/figure>\n","protected":false},"excerpt":{"rendered":"<p>Atividade faz alus\u00e3o ao Dia Nacional da Leguminosa Alunos do Pr\u00e9 II da Escola Municipal Pastor Haroldo Gomes, em Ita\u00fana,&hellip;<\/p>\n","protected":false},"author":5,"featured_media":26005,"comment_status":"open","ping_status":"open","sticky":false,"template":"","format":"standard","meta":{"fifu_image_url":"","fifu_image_alt":"","footnotes":""},"categories":[3],"tags":[],"class_list":["post-26004","post","type-post","status-publish","format-standard","has-post-thumbnail","hentry","category-sao-goncalo"],"_links":{"self":[{"href":"https:\/\/sgvaimudar.com.br\/index.php\/wp-json\/wp\/v2\/posts\/26004","targetHints":{"allow":["GET"]}}],"collection":[{"href":"https:\/\/sgvaimudar.com.br\/index.php\/wp-json\/wp\/v2\/posts"}],"about":[{"href":"https:\/\/sgvaimudar.com.br\/index.php\/wp-json\/wp\/v2\/types\/post"}],"author":[{"embeddable":true,"href":"https:\/\/sgvaimudar.com.br\/index.php\/wp-json\/wp\/v2\/users\/5"}],"replies":[{"embeddable":true,"href":"https:\/\/sgvaimudar.com.br\/index.php\/wp-json\/wp\/v2\/comments?post=26004"}],"version-history":[{"count":1,"href":"https:\/\/sgvaimudar.com.br\/index.php\/wp-json\/wp\/v2\/posts\/26004\/revisions"}],"predecessor-version":[{"id":26006,"href":"https:\/\/sgvaimudar.com.br\/index.php\/wp-json\/wp\/v2\/posts\/26004\/revisions\/26006"}],"wp:featuredmedia":[{"embeddable":true,"href":"https:\/\/sgvaimudar.com.br\/index.php\/wp-json\/wp\/v2\/media\/26005"}],"wp:attachment":[{"href":"https:\/\/sgvaimudar.com.br\/index.php\/wp-json\/wp\/v2\/media?parent=26004"}],"wp:term":[{"taxonomy":"category","embeddable":true,"href":"https:\/\/sgvaimudar.com.br\/index.php\/wp-json\/wp\/v2\/categories?post=26004"},{"taxonomy":"post_tag","embeddable":true,"href":"https:\/\/sgvaimudar.com.br\/index.php\/wp-json\/wp\/v2\/tags?post=26004"}],"curies":[{"name":"wp","href":"https:\/\/api.w.org\/{rel}","templated":true}]}}