{"id":26001,"date":"2025-06-04T11:00:00","date_gmt":"2025-06-04T14:00:00","guid":{"rendered":"https:\/\/sgvaimudar.com.br\/?p=26001"},"modified":"2025-06-04T08:24:48","modified_gmt":"2025-06-04T11:24:48","slug":"programa-da-saude-de-sao-goncalo-se-destaca-em-mostra-na-fiocruz","status":"publish","type":"post","link":"https:\/\/sgvaimudar.com.br\/index.php\/2025\/06\/04\/programa-da-saude-de-sao-goncalo-se-destaca-em-mostra-na-fiocruz\/","title":{"rendered":"Programa da Sa\u00fade de S\u00e3o Gon\u00e7alo se destaca em mostra na Fiocruz"},"content":{"rendered":"\n<p><em>Munic\u00edpio foi pioneiro em a\u00e7\u00f5es com a popula\u00e7\u00e3o negra<\/em><\/p>\n\n\n\n<p>A Secretaria de Sa\u00fade do munic\u00edpio de S\u00e3o Gon\u00e7alo brilhou durante participa\u00e7\u00e3o, nesta ter\u00e7a-feira (03), da Mostra \u201cBoas Pr\u00e1ticas dos Munic\u00edpios do Estado do Rio de Janeiro na Implementa\u00e7\u00e3o da Pol\u00edtica Nacional da Sa\u00fade Integral da Popula\u00e7\u00e3o Negra (PNSIPN) &#8211; Edi\u00e7\u00e3o 2025\u201d. Promovida pela Funda\u00e7\u00e3o Oswaldo Cruz (Fiocruz) e outros \u00f3rg\u00e3os p\u00fablicos, o evento aconteceu no Hotel Windsor Guanabara, no Rio de Janeiro, e reuniu v\u00e1rias cidades.\u00a0<\/p>\n\n\n\n<p>Os programas municipais da Sa\u00fade Integral da Popula\u00e7\u00e3o Negra (PMSIPN) e de Vigil\u00e2ncia e Aten\u00e7\u00e3o Integral \u00e0 Sa\u00fade do Doente Falciforme (PMVAISPDF), que pertencem ao Departamento de Programas (Depro) da Secretaria, tornaram-se refer\u00eancias para o pa\u00eds por serem pioneiros na implanta\u00e7\u00e3o da pesquisa de sa\u00fade sobre a popula\u00e7\u00e3o negra na cidade com a inten\u00e7\u00e3o de melhorar as pol\u00edticas p\u00fablicas para este p\u00fablico.\u00a0<\/p>\n\n\n\n<p>\u201cS\u00e3o Gon\u00e7alo foi um dos primeiros a implantar o programa no fim de 2020. Em 2021, a pesquisa come\u00e7ou a ser realizada nas unidades de sa\u00fade perguntando qual a sua ra\u00e7a\/cor para os pacientes com objetivo de mapear as doen\u00e7as que mais afetam a popula\u00e7\u00e3o negra. E, agora, \u00e9 com grande orgulho que S\u00e3o Gon\u00e7alo \u00e9 reconhecido como refer\u00eancia estadual e nacional, o que nos motiva a continuar atuando com dedica\u00e7\u00e3o, responsabilidade e compromisso com a excel\u00eancia na promo\u00e7\u00e3o da equidade em sa\u00fade\u201d, descreveu a coordenadora do PMSIPN, Belmira F\u00e9lix de Oliveira Rodrigues.<\/p>\n\n\n\n<p>A mostra realizada pela Fiocruz, Universidade Federal do Rio de Janeiro (UFRJ), Minist\u00e9rio da Sa\u00fade, Secretaria de Estado de Sa\u00fade e Conselho das Secretarias Municipais de Sa\u00fade do Estado do Rio de Janeiro (Cosems\/RJ) integra um conjunto de a\u00e7\u00f5es voltadas ao fortalecimento da PNSIPN e tem como objetivo valorizar, divulgar e promover o interc\u00e2mbio de experi\u00eancias desenvolvidas nos territ\u00f3rios fluminenses, contribuindo para a equidade no Sistema \u00danico de Sa\u00fade (SUS).\u00a0<\/p>\n\n\n\n<p>No evento, as cidades mostraram quais as pr\u00e1ticas adotadas para a implementa\u00e7\u00e3o da PNSIPN, construindo um panorama coletivo das estrat\u00e9gias em diferentes realidades. S\u00e3o Gon\u00e7alo, como foi pioneiro, entrou como avaliador com o Governo do Estado e o Minist\u00e9rio da Sa\u00fade e os dois programas foram homenageados no evento.<\/p>\n\n\n\n<p>\u00a0\u201cA homenagem reconhece a colabora\u00e7\u00e3o na pesquisa realizada para coleta de dados referentes \u00e0 popula\u00e7\u00e3o negra, com base na implanta\u00e7\u00e3o do quesito ra\u00e7a\/cor nos sistemas de informa\u00e7\u00e3o municipais e nas fichas do Sisvan (Sistema de Vigil\u00e2ncia de Alimenta\u00e7\u00e3o e Nutri\u00e7\u00e3o) e Bolsa Fam\u00edlia (Assist\u00eancia e Sa\u00fade) no PSE (Programa Sa\u00fade na Escola), fortalecendo os eixos sa\u00fade, educa\u00e7\u00e3o e assist\u00eancia social, garantindo direitos e rompendo ciclos de exclus\u00e3o e racismo\u201d, completou a coordenadora do PMVAISPDF, Lilian Quelen dos Santos Andrade Dantas.\u00a0<\/p>\n\n\n\n<p>O objetivo do PMSIPN \u00e9 garantir maior grau de igualdade no atendimento \u00e0 sa\u00fade, em seus aspectos de promo\u00e7\u00e3o, preven\u00e7\u00e3o, aten\u00e7\u00e3o, tratamento e recupera\u00e7\u00e3o de doen\u00e7as e agravos transmiss\u00edveis e n\u00e3o transmiss\u00edveis, incluindo aqueles de maior preval\u00eancia nesse segmento populacional. O programa atende a PNSIPN, criado pelo Minist\u00e9rio da Sa\u00fade em 13 de maio de 2009, e que prioriza a redu\u00e7\u00e3o das desigualdades \u00e9tnico-raciais e o combate ao racismo e \u00e0 discrimina\u00e7\u00e3o no SUS.<\/p>\n\n\n\n<p><strong>O programa em S\u00e3o Gon\u00e7alo<\/strong><\/p>\n\n\n\n<p>O PMSIPN realiza pesquisa nas unidades de sa\u00fade com a pergunta aos pacientes: \u201cQual \u00e9 a sua ra\u00e7a\/cor?\u201d. A inten\u00e7\u00e3o \u00e9 concentrar dados dos moradores negros de S\u00e3o Gon\u00e7alo, j\u00e1 que h\u00e1 doen\u00e7as que t\u00eam maior preval\u00eancia nesta popula\u00e7\u00e3o, como a hipertens\u00e3o arterial, diabetes mellitus, glaucoma e s\u00edndrome hipertensiva na gravidez. Fatores socioecon\u00f4micos tamb\u00e9m contribuem para o aumento dos casos de alcoolismo, desnutri\u00e7\u00e3o, tuberculose e verminoses. Al\u00e9m disso, fatores gen\u00e9ticos, como a doen\u00e7a falciforme, apresentam alta incid\u00eancia nesta popula\u00e7\u00e3o.<\/p>\n\n\n\n<p>A autodeclara\u00e7\u00e3o \u00e9 muito importante para a promo\u00e7\u00e3o da igualdade e o combate ao racismo. Ela permite que as pol\u00edticas p\u00fablicas e a\u00e7\u00f5es afirmativas possam ser direcionadas de forma mais efetiva. O resultado vai nortear a\u00e7\u00f5es necess\u00e1rias para melhorar e dar mais aten\u00e7\u00e3o para este p\u00fablico.<\/p>\n\n\n\n<p><strong><em>S\u00e3o Gon\u00e7alo vai mudar: Not\u00edcias de S\u00e3o Gon\u00e7alo e toda regi\u00e3o.<\/em><\/strong><\/p>\n\n\n\n<figure class=\"wp-block-image size-large\"><img decoding=\"async\" width=\"1024\" height=\"46\" src=\"https:\/\/sgvaimudar.com.br\/wp-content\/uploads\/2023\/08\/Anuncie-Aqui-Sao-Goncalo-vai-mudar-1024x46.png\" alt=\"\" class=\"wp-image-2740\" srcset=\"https:\/\/sgvaimudar.com.br\/wp-content\/uploads\/2023\/08\/Anuncie-Aqui-Sao-Goncalo-vai-mudar-1024x46.png 1024w, https:\/\/sgvaimudar.com.br\/wp-content\/uploads\/2023\/08\/Anuncie-Aqui-Sao-Goncalo-vai-mudar-300x13.png 300w, https:\/\/sgvaimudar.com.br\/wp-content\/uploads\/2023\/08\/Anuncie-Aqui-Sao-Goncalo-vai-mudar-768x35.png 768w, https:\/\/sgvaimudar.com.br\/wp-content\/uploads\/2023\/08\/Anuncie-Aqui-Sao-Goncalo-vai-mudar-1536x69.png 1536w, https:\/\/sgvaimudar.com.br\/wp-content\/uploads\/2023\/08\/Anuncie-Aqui-Sao-Goncalo-vai-mudar.png 2002w\" sizes=\"(max-width: 1024px) 100vw, 1024px\" \/><\/figure>\n","protected":false},"excerpt":{"rendered":"<p>Munic\u00edpio foi pioneiro em a\u00e7\u00f5es com a popula\u00e7\u00e3o negra A Secretaria de Sa\u00fade do munic\u00edpio de S\u00e3o Gon\u00e7alo brilhou durante&hellip;<\/p>\n","protected":false},"author":5,"featured_media":26002,"comment_status":"open","ping_status":"open","sticky":false,"template":"","format":"standard","meta":{"fifu_image_url":"","fifu_image_alt":"","footnotes":""},"categories":[7],"tags":[],"class_list":["post-26001","post","type-post","status-publish","format-standard","has-post-thumbnail","hentry","category-saude"],"_links":{"self":[{"href":"https:\/\/sgvaimudar.com.br\/index.php\/wp-json\/wp\/v2\/posts\/26001","targetHints":{"allow":["GET"]}}],"collection":[{"href":"https:\/\/sgvaimudar.com.br\/index.php\/wp-json\/wp\/v2\/posts"}],"about":[{"href":"https:\/\/sgvaimudar.com.br\/index.php\/wp-json\/wp\/v2\/types\/post"}],"author":[{"embeddable":true,"href":"https:\/\/sgvaimudar.com.br\/index.php\/wp-json\/wp\/v2\/users\/5"}],"replies":[{"embeddable":true,"href":"https:\/\/sgvaimudar.com.br\/index.php\/wp-json\/wp\/v2\/comments?post=26001"}],"version-history":[{"count":1,"href":"https:\/\/sgvaimudar.com.br\/index.php\/wp-json\/wp\/v2\/posts\/26001\/revisions"}],"predecessor-version":[{"id":26003,"href":"https:\/\/sgvaimudar.com.br\/index.php\/wp-json\/wp\/v2\/posts\/26001\/revisions\/26003"}],"wp:featuredmedia":[{"embeddable":true,"href":"https:\/\/sgvaimudar.com.br\/index.php\/wp-json\/wp\/v2\/media\/26002"}],"wp:attachment":[{"href":"https:\/\/sgvaimudar.com.br\/index.php\/wp-json\/wp\/v2\/media?parent=26001"}],"wp:term":[{"taxonomy":"category","embeddable":true,"href":"https:\/\/sgvaimudar.com.br\/index.php\/wp-json\/wp\/v2\/categories?post=26001"},{"taxonomy":"post_tag","embeddable":true,"href":"https:\/\/sgvaimudar.com.br\/index.php\/wp-json\/wp\/v2\/tags?post=26001"}],"curies":[{"name":"wp","href":"https:\/\/api.w.org\/{rel}","templated":true}]}}