{"id":25981,"date":"2025-06-04T07:15:54","date_gmt":"2025-06-04T10:15:54","guid":{"rendered":"https:\/\/sgvaimudar.com.br\/?p=25981"},"modified":"2025-06-04T07:15:54","modified_gmt":"2025-06-04T10:15:54","slug":"obras-da-praca-do-vila-lage-seguem-avancando","status":"publish","type":"post","link":"https:\/\/sgvaimudar.com.br\/index.php\/2025\/06\/04\/obras-da-praca-do-vila-lage-seguem-avancando\/","title":{"rendered":"Obras da Pra\u00e7a do Vila Lage seguem avan\u00e7ando\u00a0"},"content":{"rendered":"\n<p><em>Secretaria de Meio Ambiente e Transportes atua na requalifica\u00e7\u00e3o vi\u00e1ria do local<\/em><\/p>\n\n\n\n<p>As obras de reparo na geometria da Rua Doutor Alberto Torres e requalifica\u00e7\u00e3o da Pra\u00e7a do Vila Lage avan\u00e7am. Nesta ter\u00e7a-feira (3), foi feito o novo canteiro do local. As obras est\u00e3o sob a responsabilidade da Secretaria de Meio Ambiente e Transportes da Prefeitura de S\u00e3o Gon\u00e7alo.<\/p>\n\n\n\n<p>O projeto, desenvolvido pela Secretaria Municipal de Gest\u00e3o Integrada e Projetos Especiais (Semgipe), prev\u00ea o reordenamento vi\u00e1rio, que foi necess\u00e1rio ap\u00f3s a cria\u00e7\u00e3o de vagas de estacionamento pr\u00f3ximo \u00e0 pra\u00e7a, dentro do projeto do novo corredor vi\u00e1rio da cidade, o Muvi \u2013 Mobilidade Urbana Verde Integrada.<\/p>\n\n\n\n<figure class=\"wp-block-image size-full\"><img fetchpriority=\"high\" decoding=\"async\" width=\"1024\" height=\"683\" src=\"https:\/\/sgvaimudar.com.br\/wp-content\/uploads\/2025\/06\/unnamed-1-1.jpg\" alt=\"\" class=\"wp-image-25982\" srcset=\"https:\/\/sgvaimudar.com.br\/wp-content\/uploads\/2025\/06\/unnamed-1-1.jpg 1024w, https:\/\/sgvaimudar.com.br\/wp-content\/uploads\/2025\/06\/unnamed-1-1-300x200.jpg 300w, https:\/\/sgvaimudar.com.br\/wp-content\/uploads\/2025\/06\/unnamed-1-1-768x512.jpg 768w\" sizes=\"(max-width: 1024px) 100vw, 1024px\" \/><\/figure>\n\n\n\n<p>Al\u00e9m do ajuste vi\u00e1rio, a pra\u00e7a receber\u00e1 bancos e mesas de concreto, lixeira, biciclet\u00e1rio, novos brinquedos (como gangorra tripla, casa do Tarzan, balan\u00e7o duplo) e equipamentos de academia, al\u00e9m de paisagismo, pavimenta\u00e7\u00e3o com piso emborrachado e piso intertravado, rampas de acessibilidade e grama. As obras t\u00eam previs\u00e3o de dura\u00e7\u00e3o de seis meses.<\/p>\n\n\n\n<p>Leandro Franco de Oliveira, de 42 anos, mora no bairro h\u00e1 15 anos e acredita que essa renova\u00e7\u00e3o da pra\u00e7a \u00e9 necess\u00e1ria.<\/p>\n\n\n\n<p>&#8220;A pra\u00e7a antiga estava com itens quebrados. Toda renova\u00e7\u00e3o \u00e9 boa, por isso, esperamos boas coisas das obras. Vai ser melhor para as crian\u00e7as, que brincavam na pra\u00e7a anterior, mas espero que brinquem mais ainda nesse novo espa\u00e7o&#8221;, disse o morador.<\/p>\n\n\n\n<p>Durante as obras de requalifica\u00e7\u00e3o, uma das pistas da \u00e1rea de retorno segue interditada das 8h \u00e0s 17h. O trecho \u00e9 liberado para o tr\u00e1fego de ve\u00edculos durante o per\u00edodo da noite.<\/p>\n\n\n\n<p><em>Fotos: Fabio Guimar\u00e3es<\/em><\/p>\n\n\n\n<p><strong><em>S\u00e3o Gon\u00e7alo vai mudar: Not\u00edcias de S\u00e3o Gon\u00e7alo e toda regi\u00e3o.<\/em><\/strong><\/p>\n\n\n\n<figure class=\"wp-block-image size-large\"><img decoding=\"async\" width=\"1024\" height=\"252\" src=\"https:\/\/sgvaimudar.com.br\/wp-content\/uploads\/2025\/03\/Anuncie-Aqui-Sao-Goncalo-vai-mudar-1024x252.jpg\" alt=\"\" class=\"wp-image-22693\" srcset=\"https:\/\/sgvaimudar.com.br\/wp-content\/uploads\/2025\/03\/Anuncie-Aqui-Sao-Goncalo-vai-mudar-1024x252.jpg 1024w, https:\/\/sgvaimudar.com.br\/wp-content\/uploads\/2025\/03\/Anuncie-Aqui-Sao-Goncalo-vai-mudar-300x74.jpg 300w, https:\/\/sgvaimudar.com.br\/wp-content\/uploads\/2025\/03\/Anuncie-Aqui-Sao-Goncalo-vai-mudar-768x189.jpg 768w, https:\/\/sgvaimudar.com.br\/wp-content\/uploads\/2025\/03\/Anuncie-Aqui-Sao-Goncalo-vai-mudar-1536x378.jpg 1536w, https:\/\/sgvaimudar.com.br\/wp-content\/uploads\/2025\/03\/Anuncie-Aqui-Sao-Goncalo-vai-mudar-2048x504.jpg 2048w\" sizes=\"(max-width: 1024px) 100vw, 1024px\" \/><\/figure>\n","protected":false},"excerpt":{"rendered":"<p>Secretaria de Meio Ambiente e Transportes atua na requalifica\u00e7\u00e3o vi\u00e1ria do local As obras de reparo na geometria da Rua&hellip;<\/p>\n","protected":false},"author":5,"featured_media":25983,"comment_status":"open","ping_status":"open","sticky":false,"template":"","format":"standard","meta":{"fifu_image_url":"","fifu_image_alt":"","footnotes":""},"categories":[3],"tags":[],"class_list":["post-25981","post","type-post","status-publish","format-standard","has-post-thumbnail","hentry","category-sao-goncalo"],"_links":{"self":[{"href":"https:\/\/sgvaimudar.com.br\/index.php\/wp-json\/wp\/v2\/posts\/25981","targetHints":{"allow":["GET"]}}],"collection":[{"href":"https:\/\/sgvaimudar.com.br\/index.php\/wp-json\/wp\/v2\/posts"}],"about":[{"href":"https:\/\/sgvaimudar.com.br\/index.php\/wp-json\/wp\/v2\/types\/post"}],"author":[{"embeddable":true,"href":"https:\/\/sgvaimudar.com.br\/index.php\/wp-json\/wp\/v2\/users\/5"}],"replies":[{"embeddable":true,"href":"https:\/\/sgvaimudar.com.br\/index.php\/wp-json\/wp\/v2\/comments?post=25981"}],"version-history":[{"count":1,"href":"https:\/\/sgvaimudar.com.br\/index.php\/wp-json\/wp\/v2\/posts\/25981\/revisions"}],"predecessor-version":[{"id":25984,"href":"https:\/\/sgvaimudar.com.br\/index.php\/wp-json\/wp\/v2\/posts\/25981\/revisions\/25984"}],"wp:featuredmedia":[{"embeddable":true,"href":"https:\/\/sgvaimudar.com.br\/index.php\/wp-json\/wp\/v2\/media\/25983"}],"wp:attachment":[{"href":"https:\/\/sgvaimudar.com.br\/index.php\/wp-json\/wp\/v2\/media?parent=25981"}],"wp:term":[{"taxonomy":"category","embeddable":true,"href":"https:\/\/sgvaimudar.com.br\/index.php\/wp-json\/wp\/v2\/categories?post=25981"},{"taxonomy":"post_tag","embeddable":true,"href":"https:\/\/sgvaimudar.com.br\/index.php\/wp-json\/wp\/v2\/tags?post=25981"}],"curies":[{"name":"wp","href":"https:\/\/api.w.org\/{rel}","templated":true}]}}