{"id":25915,"date":"2025-06-03T06:38:54","date_gmt":"2025-06-03T09:38:54","guid":{"rendered":"https:\/\/sgvaimudar.com.br\/?p=25915"},"modified":"2025-06-03T06:38:55","modified_gmt":"2025-06-03T09:38:55","slug":"carlo-ancelotti-comanda-o-primeiro-treino-da-selecao-brasileira","status":"publish","type":"post","link":"https:\/\/sgvaimudar.com.br\/index.php\/2025\/06\/03\/carlo-ancelotti-comanda-o-primeiro-treino-da-selecao-brasileira\/","title":{"rendered":"Carlo Ancelotti comanda o primeiro treino da sele\u00e7\u00e3o brasileira"},"content":{"rendered":"\n<p><em>Brasil enfrenta o Equador na pr\u00f3xima quinta pelas Eliminat\u00f3rias<\/em><\/p>\n\n\n\n<p>O t\u00e9cnico italiano Carlo Ancelotti comandou, na tarde desta segunda-feira (2), seu primeiro treino \u00e0 frente da sele\u00e7\u00e3o brasileira. A atividade, que serve de prepara\u00e7\u00e3o para o confronto com o Equador pelas Eliminat\u00f3rias para a Copa do Mundo, foi realizada no CT Joaquim Grava, em S\u00e3o Paulo.<img decoding=\"async\" src=\"https:\/\/agenciabrasil.ebc.com.br\/ebc.png?id=1645170&amp;o=node\"><img decoding=\"async\" src=\"https:\/\/agenciabrasil.ebc.com.br\/ebc.gif?id=1645170&amp;o=node\"><\/p>\n\n\n\n<p>Nesta atividade a equipe brasileira contou com a participa\u00e7\u00e3o de 20 atletas. O atacante Est\u00eav\u00e3o, o volante Gerson, o lateral Alex Sandro e os zagueiros Danilo e L\u00e9o Ortiz ficaram apenas na academia. J\u00e1 os zagueiros Beraldo e Marquinhos, que ajudaram o PSG (Fran\u00e7a) a conquistar o t\u00edtulo da Liga dos Campe\u00f5es no \u00faltimo s\u00e1bado (31), chegaram ao hotel no qual o Brasil est\u00e1 concentrado, enquanto o lateral Carlos Augusto, da Inter de Mil\u00e3o (It\u00e1lia), se apresenta ainda nesta segunda.<\/p>\n\n\n\n<p>Na pr\u00f3xima ter\u00e7a-feira (3), \u00e0s 16h (hor\u00e1rio de Bras\u00edlia), a delega\u00e7\u00e3o do Brasil pega voo para a cidade de Guayaquil (Equador), na qual enfrenta a sele\u00e7\u00e3o local no est\u00e1dio Monumental Isidro Romero Carbo a partir das 20h da pr\u00f3xima quinta-feira (5) em partida v\u00e1lida pela 15\u00aa rodada das Eliminat\u00f3rias Sul-Americanas para a Copa do Mundo.<\/p>\n\n\n\n<p><strong><em>S\u00e3o Gon\u00e7alo vai mudar: Not\u00edcias de S\u00e3o Gon\u00e7alo e toda regi\u00e3o.<\/em><\/strong><\/p>\n\n\n\n<figure class=\"wp-block-image size-large\"><img fetchpriority=\"high\" decoding=\"async\" width=\"1024\" height=\"252\" src=\"https:\/\/sgvaimudar.com.br\/wp-content\/uploads\/2025\/03\/Anuncie-Aqui-Sao-Goncalo-vai-mudar-1024x252.jpg\" alt=\"\" class=\"wp-image-22693\" srcset=\"https:\/\/sgvaimudar.com.br\/wp-content\/uploads\/2025\/03\/Anuncie-Aqui-Sao-Goncalo-vai-mudar-1024x252.jpg 1024w, https:\/\/sgvaimudar.com.br\/wp-content\/uploads\/2025\/03\/Anuncie-Aqui-Sao-Goncalo-vai-mudar-300x74.jpg 300w, https:\/\/sgvaimudar.com.br\/wp-content\/uploads\/2025\/03\/Anuncie-Aqui-Sao-Goncalo-vai-mudar-768x189.jpg 768w, https:\/\/sgvaimudar.com.br\/wp-content\/uploads\/2025\/03\/Anuncie-Aqui-Sao-Goncalo-vai-mudar-1536x378.jpg 1536w, https:\/\/sgvaimudar.com.br\/wp-content\/uploads\/2025\/03\/Anuncie-Aqui-Sao-Goncalo-vai-mudar-2048x504.jpg 2048w\" sizes=\"(max-width: 1024px) 100vw, 1024px\" \/><\/figure>\n","protected":false},"excerpt":{"rendered":"<p>Brasil enfrenta o Equador na pr\u00f3xima quinta pelas Eliminat\u00f3rias O t\u00e9cnico italiano Carlo Ancelotti comandou, na tarde desta segunda-feira (2),&hellip;<\/p>\n","protected":false},"author":5,"featured_media":25916,"comment_status":"open","ping_status":"open","sticky":false,"template":"","format":"standard","meta":{"fifu_image_url":"","fifu_image_alt":"","footnotes":""},"categories":[5],"tags":[],"class_list":["post-25915","post","type-post","status-publish","format-standard","has-post-thumbnail","hentry","category-esportes"],"_links":{"self":[{"href":"https:\/\/sgvaimudar.com.br\/index.php\/wp-json\/wp\/v2\/posts\/25915","targetHints":{"allow":["GET"]}}],"collection":[{"href":"https:\/\/sgvaimudar.com.br\/index.php\/wp-json\/wp\/v2\/posts"}],"about":[{"href":"https:\/\/sgvaimudar.com.br\/index.php\/wp-json\/wp\/v2\/types\/post"}],"author":[{"embeddable":true,"href":"https:\/\/sgvaimudar.com.br\/index.php\/wp-json\/wp\/v2\/users\/5"}],"replies":[{"embeddable":true,"href":"https:\/\/sgvaimudar.com.br\/index.php\/wp-json\/wp\/v2\/comments?post=25915"}],"version-history":[{"count":1,"href":"https:\/\/sgvaimudar.com.br\/index.php\/wp-json\/wp\/v2\/posts\/25915\/revisions"}],"predecessor-version":[{"id":25917,"href":"https:\/\/sgvaimudar.com.br\/index.php\/wp-json\/wp\/v2\/posts\/25915\/revisions\/25917"}],"wp:featuredmedia":[{"embeddable":true,"href":"https:\/\/sgvaimudar.com.br\/index.php\/wp-json\/wp\/v2\/media\/25916"}],"wp:attachment":[{"href":"https:\/\/sgvaimudar.com.br\/index.php\/wp-json\/wp\/v2\/media?parent=25915"}],"wp:term":[{"taxonomy":"category","embeddable":true,"href":"https:\/\/sgvaimudar.com.br\/index.php\/wp-json\/wp\/v2\/categories?post=25915"},{"taxonomy":"post_tag","embeddable":true,"href":"https:\/\/sgvaimudar.com.br\/index.php\/wp-json\/wp\/v2\/tags?post=25915"}],"curies":[{"name":"wp","href":"https:\/\/api.w.org\/{rel}","templated":true}]}}