{"id":25912,"date":"2025-06-02T21:00:00","date_gmt":"2025-06-03T00:00:00","guid":{"rendered":"https:\/\/sgvaimudar.com.br\/?p=25912"},"modified":"2025-06-02T09:54:44","modified_gmt":"2025-06-02T12:54:44","slug":"homem-ataca-multidao-nos-estados-unidos-oito-pessoas-ficam-feridas","status":"publish","type":"post","link":"https:\/\/sgvaimudar.com.br\/index.php\/2025\/06\/02\/homem-ataca-multidao-nos-estados-unidos-oito-pessoas-ficam-feridas\/","title":{"rendered":"Homem ataca multid\u00e3o nos Estados Unidos; oito pessoas ficam feridas"},"content":{"rendered":"\n<p><em>Ataque ocorreu durante manifesta\u00e7\u00e3o em Boulder, no Colorado<\/em><\/p>\n\n\n\n<p>Oito pessoas ficaram feridas nesse&nbsp;domingo (1\u00ba) quando um homem de 45 anos gritou &#8220;Palestina livre&#8221; e lan\u00e7ou dispositivos incendi\u00e1rios em uma multid\u00e3o em Boulder, no estado norte-americano do Colorado, onde ocorria&nbsp;uma manifesta\u00e7\u00e3o para lembrar os ref\u00e9ns israelenses que permanecem em Gaza, segundo as autoridades.<img decoding=\"async\" src=\"https:\/\/agenciabrasil.ebc.com.br\/ebc.png?id=1645082&amp;o=node\"><img decoding=\"async\" src=\"https:\/\/agenciabrasil.ebc.com.br\/ebc.gif?id=1645082&amp;o=node\"><\/p>\n\n\n\n<p>Quatro mulheres e quatro homens com idades entre 52 e 88 anos foram levados a hospitais, informou a pol\u00edcia de Boulder.\u00a0Anteriormente, as autoridades haviam estimado em seis o n\u00famero de feridos e disseram que pelo menos um deles estava em estado cr\u00edtico.<\/p>\n\n\n\n<p>&#8220;Como resultado desses fatos preliminares, est\u00e1 claro que se trata de um ato de viol\u00eancia direcionado e o FBI investiga\u00a0como um ato de terrorismo&#8221;, disse o agente especial do FBI encarregado do Escrit\u00f3rio de Campo de Denver, Mark Michalek.<\/p>\n\n\n\n<p>Ele chamou o suspeito de Mohamed Soliman, que foi hospitalizado logo ap\u00f3s o ataque. A Reuters n\u00e3o conseguiu localizar imediatamente informa\u00e7\u00f5es de contato dele ou de sua fam\u00edlia.<\/p>\n\n\n\n<p>O diretor do FBI, Kash Patel, tamb\u00e9m descreveu o incidente como um &#8220;ataque terrorista direcionado&#8221;, e o procurador-geral do Colorado, Phil Weiser, disse que parecia ser &#8220;um crime de \u00f3dio, dado o grupo que foi alvo&#8221;.<\/p>\n\n\n\n<p>&#8220;Estamos bastante confiantes de que temos o \u00fanico suspeito sob cust\u00f3dia&#8221;, afirmou ele.<\/p>\n\n\n\n<p>O ataque ocorreu no Pearl Street Mall, uma popular \u00e1rea de compras para pedestres perto da Universidade do Colorado, durante evento organizado pela Run for Their Lives,&nbsp;organiza\u00e7\u00e3o dedicada a chamar a aten\u00e7\u00e3o para os ref\u00e9ns capturados ap\u00f3s o ataque do Hamas a Israel em 2023.<\/p>\n\n\n\n<p>Em&nbsp;comunicado, o grupo disse que as caminhadas t\u00eam sido realizadas todas as semanas desde ent\u00e3o para os ref\u00e9ns, &#8220;sem nenhum incidente violento at\u00e9 hoje&#8221;.<\/p>\n\n\n\n<p>O primeiro-ministro israelense, Benjamin Netanyahu, declarou, em nota, que as v\u00edtimas foram atacadas &#8220;simplesmente porque eram judeus&#8221; e que ele confia que as autoridades dos EUA processar\u00e3o o respons\u00e1vel pelos ataques.<\/p>\n\n\n\n<p>&#8220;Os ataques antissemitas em todo o mundo s\u00e3o resultado direto de difama\u00e7\u00f5es de sangue contra o Estado e o povo judeu, e isso precisa ser interrompido&#8221;, disse ele.<\/p>\n\n\n\n<p>O incidente ocorre em meio ao aumento das tens\u00f5es nos Estados Unidos por causa da guerra de Israel em Gaza, que estimulou tanto o aumento dos crimes de \u00f3dio antissemita quanto as a\u00e7\u00f5es de apoiadores conservadores de Israel, liderados pelo presidente Donald Trump, para classificar os protestos pr\u00f3-palestinos como antissemitas. Seu governo deteve manifestantes contra a guerra sem acusa\u00e7\u00e3o e cortou o financiamento de universidades de elite dos EUA que permitiram essas\u00a0manifesta\u00e7\u00f5es.<\/p>\n\n\n\n<p><em>Ag\u00eancia Brasil<\/em><\/p>\n\n\n\n<p><strong><em>S\u00e3o Gon\u00e7alo vai mudar: Not\u00edcias de S\u00e3o Gon\u00e7alo e toda regi\u00e3o.<\/em><\/strong><\/p>\n\n\n\n<figure class=\"wp-block-image size-large\"><img fetchpriority=\"high\" decoding=\"async\" width=\"1024\" height=\"252\" src=\"https:\/\/sgvaimudar.com.br\/wp-content\/uploads\/2025\/03\/Anuncie-Aqui-Sao-Goncalo-vai-mudar-1024x252.jpg\" alt=\"\" class=\"wp-image-22693\" srcset=\"https:\/\/sgvaimudar.com.br\/wp-content\/uploads\/2025\/03\/Anuncie-Aqui-Sao-Goncalo-vai-mudar-1024x252.jpg 1024w, https:\/\/sgvaimudar.com.br\/wp-content\/uploads\/2025\/03\/Anuncie-Aqui-Sao-Goncalo-vai-mudar-300x74.jpg 300w, https:\/\/sgvaimudar.com.br\/wp-content\/uploads\/2025\/03\/Anuncie-Aqui-Sao-Goncalo-vai-mudar-768x189.jpg 768w, https:\/\/sgvaimudar.com.br\/wp-content\/uploads\/2025\/03\/Anuncie-Aqui-Sao-Goncalo-vai-mudar-1536x378.jpg 1536w, https:\/\/sgvaimudar.com.br\/wp-content\/uploads\/2025\/03\/Anuncie-Aqui-Sao-Goncalo-vai-mudar-2048x504.jpg 2048w\" sizes=\"(max-width: 1024px) 100vw, 1024px\" \/><\/figure>\n","protected":false},"excerpt":{"rendered":"<p>Ataque ocorreu durante manifesta\u00e7\u00e3o em Boulder, no Colorado Oito pessoas ficaram feridas nesse&nbsp;domingo (1\u00ba) quando um homem de 45 anos&hellip;<\/p>\n","protected":false},"author":5,"featured_media":25913,"comment_status":"open","ping_status":"open","sticky":false,"template":"","format":"standard","meta":{"fifu_image_url":"","fifu_image_alt":"","footnotes":""},"categories":[1],"tags":[],"class_list":["post-25912","post","type-post","status-publish","format-standard","has-post-thumbnail","hentry","category-mundo"],"_links":{"self":[{"href":"https:\/\/sgvaimudar.com.br\/index.php\/wp-json\/wp\/v2\/posts\/25912","targetHints":{"allow":["GET"]}}],"collection":[{"href":"https:\/\/sgvaimudar.com.br\/index.php\/wp-json\/wp\/v2\/posts"}],"about":[{"href":"https:\/\/sgvaimudar.com.br\/index.php\/wp-json\/wp\/v2\/types\/post"}],"author":[{"embeddable":true,"href":"https:\/\/sgvaimudar.com.br\/index.php\/wp-json\/wp\/v2\/users\/5"}],"replies":[{"embeddable":true,"href":"https:\/\/sgvaimudar.com.br\/index.php\/wp-json\/wp\/v2\/comments?post=25912"}],"version-history":[{"count":1,"href":"https:\/\/sgvaimudar.com.br\/index.php\/wp-json\/wp\/v2\/posts\/25912\/revisions"}],"predecessor-version":[{"id":25914,"href":"https:\/\/sgvaimudar.com.br\/index.php\/wp-json\/wp\/v2\/posts\/25912\/revisions\/25914"}],"wp:featuredmedia":[{"embeddable":true,"href":"https:\/\/sgvaimudar.com.br\/index.php\/wp-json\/wp\/v2\/media\/25913"}],"wp:attachment":[{"href":"https:\/\/sgvaimudar.com.br\/index.php\/wp-json\/wp\/v2\/media?parent=25912"}],"wp:term":[{"taxonomy":"category","embeddable":true,"href":"https:\/\/sgvaimudar.com.br\/index.php\/wp-json\/wp\/v2\/categories?post=25912"},{"taxonomy":"post_tag","embeddable":true,"href":"https:\/\/sgvaimudar.com.br\/index.php\/wp-json\/wp\/v2\/tags?post=25912"}],"curies":[{"name":"wp","href":"https:\/\/api.w.org\/{rel}","templated":true}]}}